{"id":450698,"date":"2025-10-09T19:02:13","date_gmt":"2025-10-09T19:02:13","guid":{"rendered":"https:\/\/www.europesays.com\/fr\/450698\/"},"modified":"2025-10-09T19:02:13","modified_gmt":"2025-10-09T19:02:13","slug":"un-chien-coince-dans-le-tramway-de-nice-traine-sur-plusieurs-metres","status":"publish","type":"post","link":"https:\/\/www.europesays.com\/fr\/450698\/","title":{"rendered":"un chien coinc\u00e9 dans le tramway de Nice tra\u00een\u00e9 sur plusieurs m\u00e8tres"},"content":{"rendered":"<p class=\"article-p mdl\">\u00ab\u00a0Un film d\u2019horreur\u00a0\u00bb. Dimanche 5 octobre, Claude Bessis est mont\u00e9 dans une rame de tramway \u00e0 Nice, suivi de son chien Stan, un shih tzu de dix ans. \u00ab\u00a0Je suis mont\u00e9 et la porte s&rsquo;est referm\u00e9e aussit\u00f4t derri\u00e8re moi\u00a0\u00bb,\u00a0raconte-t-il \u00e0\u00a0<a class=\"link\" href=\"https:\/\/www.bfmtv.com\/police-justice\/faits-divers\/un-film-d-horreur-coince-dans-les-portes-du-tramway-de-nice-un-petit-chien-traine-sur-plusieurs-metres_AV-202510080900.html\" target=\"_blank\" rel=\"noopener\">BFMTV<\/a>, ne laissant pas le temps \u00e0 Stan de monter dans le\u00a0<a class=\"link\" href=\"https:\/\/www.rtl.fr\/actu\/justice-faits-divers\/homme-retrouve-mort-pres-du-tramway-a-paris-les-deux-gardes-a-vue-levees-7900495109\" title=\"Homme retrouv\u00e9 mort pr\u00e8s du tramway \u00e0 Paris : les deux gardes \u00e0 vue lev\u00e9es\" target=\"_blank\" rel=\"noopener\">tramway.<\/a><\/p>\n<p class=\"article-p mdl\">Malgr\u00e9 l\u2019activation du signal d\u2019alarme et d\u2019arr\u00eat d\u2019urgence ainsi que des appels \u00e0 la conductrice, celle-ci ne s\u2019est pas arr\u00eat\u00e9e avant d\u2019atteindre la prochaine station de tramway. Le petit chien a donc \u00e9t\u00e9 tra\u00een\u00e9 sur plusieurs m\u00e8tres. \u00ab\u00a0C&rsquo;\u00e9tait un film d&rsquo;horreur, les gens couraient en tapant \u00e0 la vitre et hurlaient\u00a0\u00bb, raconte le ma\u00eetre de Stan.<\/p>\n<p>            Un manquement au r\u00e8glement<\/p>\n<p class=\"article-p mdl\">Le petit chien a \u00e9t\u00e9 conduit chez le v\u00e9t\u00e9rinaire. Il a surv\u00e9cu \u00e0 l\u2019accident mais a une hanche lux\u00e9e et des br\u00fblures \u00ab\u00a0au 3\u00e8me degr\u00e9 du c\u00f4t\u00e9 droit\u00a0\u00bb, d\u00e9taille son v\u00e9t\u00e9rinaire \u00e0\u00a0<a class=\"link\" href=\"https:\/\/www.nicematin.com\/societe\/animaux\/brule-au-3e-degre-et-boitant-un-chien-traine-sur-plusieurs-metres-par-une-rame-de-tramway-a-nice-s-en-sort-miraculeusement-10651706\" target=\"_blank\" rel=\"noopener\">Nice-Matin<\/a>.\u00a0<\/p>\n<p class=\"article-p mdl\">Apr\u00e8s une nuit aux urgences et deux jours chez le v\u00e9t\u00e9rinaire, il est sorti d\u2019affaire mais va devoir supporter plusieurs semaines de traitement : \u00ab\u00a0On le cr\u00e8me tous les jours, il est sous\u00a0<a class=\"link\" href=\"https:\/\/www.rtl.fr\/actu\/sante\/invitee-rtl-medicaments-consultations-penurie-d-antibiotiques-la-ministre-de-la-sante-fait-le-point-7900442905\" title=\"INVIT\u00c9E RTL \u2013 M\u00e9dicaments, consultations, p\u00e9nurie d&#039;antibiotiques... La ministre de la Sant\u00e9 fait le point\" target=\"_blank\" rel=\"noopener\">antibiotiques\u00a0<\/a>et antalgiques. Ces blessures vont entra\u00eener des semaines, voire un ou deux mois, de traitements pour arriver \u00e0 r\u00e9cup\u00e9rer une peau \u00e0 peu pr\u00e8s normale\u00a0\u00bb, pr\u00e9cise le v\u00e9t\u00e9rinaire.<\/p>\n<p class=\"article-p mdl\">Ses ma\u00eetres ont voulu demander des comptes au r\u00e9seau Lignes d\u2019Azur, qui g\u00e8re les transports ni\u00e7ois. Leur plainte n\u2019a pas \u00e9t\u00e9 enregistr\u00e9e \u00e0 la gendarmerie car les ma\u00eetres de Stan n\u2019avaient pas respect\u00e9 le r\u00e8glement du r\u00e9seau : seuls les animaux de petite taille sont accept\u00e9s tant qu\u2019ils sont transport\u00e9s dans un sac ou un panier. La conductrice a tout de m\u00eame \u00e9t\u00e9 suspendue le temps d\u2019une enqu\u00eate interne.<\/p>\n<p>    La r\u00e9daction vous recommande<\/p>\n<p class=\"s-newsletter__title\">\n                L\u2019actualit\u00e9 par la r\u00e9daction de RTL dans votre bo\u00eete mail.\n            <\/p>\n<p class=\"s-newsletter__subtitle\">\n                Gr\u00e2ce \u00e0 votre compte RTL abonnez-vous \u00e0 la newsletter RTL info pour suivre toute l&rsquo;actualit\u00e9 au quotidien\n            <\/p>\n<p>\n                                    Lire la suite\n                                <\/p>\n","protected":false},"excerpt":{"rendered":"\u00ab\u00a0Un film d\u2019horreur\u00a0\u00bb. Dimanche 5 octobre, Claude Bessis est mont\u00e9 dans une rame de tramway \u00e0 Nice, suivi&hellip;\n","protected":false},"author":2,"featured_media":450699,"comment_status":"","ping_status":"","sticky":false,"template":"","format":"standard","meta":{"footnotes":""},"categories":[2819],"tags":[119,1111,11,2898,13370,1777,674,118,107,1011,27,12,2401,882,25],"class_list":{"0":"post-450698","1":"post","2":"type-post","3":"status-publish","4":"format-standard","5":"has-post-thumbnail","7":"category-nice","8":"tag-accident","9":"tag-actu","10":"tag-actualites","11":"tag-alpes-maritimes","12":"tag-chiens","13":"tag-eu","14":"tag-europe","15":"tag-faits-divers","16":"tag-fil-info","17":"tag-fr","18":"tag-france","19":"tag-news","20":"tag-nice","21":"tag-provence-alpes-cote-dazur","22":"tag-republique-francaise"},"share_on_mastodon":{"url":"https:\/\/pubeurope.com\/@fr\/115345761512822437","error":""},"_links":{"self":[{"href":"https:\/\/www.europesays.com\/fr\/wp-json\/wp\/v2\/posts\/450698","targetHints":{"allow":["GET"]}}],"collection":[{"href":"https:\/\/www.europesays.com\/fr\/wp-json\/wp\/v2\/posts"}],"about":[{"href":"https:\/\/www.europesays.com\/fr\/wp-json\/wp\/v2\/types\/post"}],"author":[{"embeddable":true,"href":"https:\/\/www.europesays.com\/fr\/wp-json\/wp\/v2\/users\/2"}],"replies":[{"embeddable":true,"href":"https:\/\/www.europesays.com\/fr\/wp-json\/wp\/v2\/comments?post=450698"}],"version-history":[{"count":0,"href":"https:\/\/www.europesays.com\/fr\/wp-json\/wp\/v2\/posts\/450698\/revisions"}],"wp:featuredmedia":[{"embeddable":true,"href":"https:\/\/www.europesays.com\/fr\/wp-json\/wp\/v2\/media\/450699"}],"wp:attachment":[{"href":"https:\/\/www.europesays.com\/fr\/wp-json\/wp\/v2\/media?parent=450698"}],"wp:term":[{"taxonomy":"category","embeddable":true,"href":"https:\/\/www.europesays.com\/fr\/wp-json\/wp\/v2\/categories?post=450698"},{"taxonomy":"post_tag","embeddable":true,"href":"https:\/\/www.europesays.com\/fr\/wp-json\/wp\/v2\/tags?post=450698"}],"curies":[{"name":"wp","href":"https:\/\/api.w.org\/{rel}","templated":true}]}}