{"id":45070,"date":"2025-04-22T22:39:08","date_gmt":"2025-04-22T22:39:08","guid":{"rendered":"https:\/\/www.europesays.com\/fr\/45070\/"},"modified":"2025-04-22T22:39:08","modified_gmt":"2025-04-22T22:39:08","slug":"robert-doisneau-immortalise-le-vieux-paris-en-1975","status":"publish","type":"post","link":"https:\/\/www.europesays.com\/fr\/45070\/","title":{"rendered":"Robert Doisneau immortalise le vieux Paris en 1975"},"content":{"rendered":"<p class=\"editor-content__paragraph\">Bulldozers, grues, \u00e9chafaudages\u2026 En 1975, <strong>certains quartiers de la capitale<\/strong> changent de visage. Que restera-t-il du<strong> vieux Paris<\/strong>, \u00e0 l\u2019heure o\u00f9 plus personne ne prend le temps de fl\u00e2ner dans les rues\u00a0?<\/p>\n<p class=\"editor-content__paragraph\">\u00ab\u00a0Dans quelques ann\u00e9es, pour se souvenir, il faudra <strong>feuilleter des albums de photos<\/strong>. Gr\u00e2ce \u00e0 des hommes comme <a href=\"https:\/\/www.beauxarts.com\/grand-format\/robert-doisneau-en-2-minutes\/\" target=\"_blank\" rel=\"noopener nofollow\"><strong>Robert Doisneau<\/strong><\/a>, sont heureusement fix\u00e9es des images que notre seule m\u00e9moire ne parviendrait pas \u00e0 garder intactes\u00a0\u00bb, commente, sur un air d\u2019accord\u00e9on m\u00e9lancolique, une journaliste de <strong>l\u2019\u00e9mission \u00ab\u00a0Aujourd\u2019hui Madame\u00a0\u00bb<\/strong> diffus\u00e9e sur Antenne 2.<\/p>\n<p>Dans l\u2019\u0153il de Doisneau<\/p>\n<blockquote class=\"editor-content__blockquote editor-content__blockquote--align-left\">\n<p>\u00ab\u00a0Il faut beaucoup de temps pour voir une rue, et petit \u00e0 petit les choses deviennent \u00e9videntes. Ce qu\u2019on ram\u00e8ne par la photographie n\u2019est pas du tout objectif, c\u2019est subjectif.\u00a0\u00bb<\/p>\n<\/blockquote>\n<p class=\"editor-content__paragraph\">V\u00eatu d\u2019un imperm\u00e9able ajust\u00e9 et d\u2019un b\u00e9ret viss\u00e9 sur la t\u00eate, le photographe se glisse <strong>parmi les passants du quai de la M\u00e9gisserie<\/strong> et immortalise les clients d\u2019une incontournable jardinerie (qui n\u2019a depuis pas disparu). \u00ab\u00a0Il faut beaucoup de temps pour <strong>voir une rue<\/strong>, et petit \u00e0 petit les choses deviennent \u00e9videntes. Ce qu\u2019on ram\u00e8ne par la photographie n\u2019est pas du tout objectif, c\u2019est subjectif\u00a0\u00bb, affirme Doisneau, qui durant toute sa carri\u00e8re n\u2019aura eu de cesse de battre le pav\u00e9 de la capitale. Ses <strong>p\u00e9r\u00e9grinations<\/strong> sont accompagn\u00e9es de<strong> touchants portraits de Parisiens<\/strong>, qui t\u00e9moignent de la m\u00e9tamorphose de leur ville.<\/p>\n<p>        \u00c0 lire aussi :<br \/>\n        <a class=\"renvoi-explicite__link\" href=\"https:\/\/www.beauxarts.com\/grand-format\/robert-doisneau-en-2-minutes\/\" rel=\"nofollow noopener\" target=\"_blank\">Robert Doisneau en 2 minutes<\/a><\/p>\n<p>Un Paris en voie de disparition<\/p>\n<p class=\"editor-content__paragraph\">On fait ainsi la rencontre d\u2019<strong>un vieux sculpteur dans son atelier<\/strong>, qui faisait \u00ab\u00a0le chat de goutti\u00e8re\u00a0\u00bb dans les rues de Belleville au temps du funiculaire, d\u2019<strong>un ancien tourneur des usines Panhard<\/strong> du 13e arrondissement, ras\u00e9es pour \u00e9riger des tours \u00ab\u00a0modernes\u00a0\u00bb, ou encore d\u2019une artiste qui d\u00e9plore la destruction d\u2019ateliers \u00e0 Montparnasse\u2026 Tous s\u2019\u00e9meuvent de <strong>la disparition du Paris d\u2019autrefois<\/strong>, tel que photographi\u00e9 dans les ann\u00e9es 1930\u00a0ou 1940\u00a0par Doisneau, et que l\u2019on peut aussi admirer jusqu\u2019au 12\u00a0octobre <a href=\"https:\/\/www.beauxarts.com\/expos\/au-musee-maillol-lirresistible-bonheur-de-voir-de-robert-doisneau\/\" target=\"_blank\" rel=\"noopener nofollow\"><strong>dans l\u2019exposition \u00ab\u00a0Robert Doisneau. Instants donn\u00e9s\u00a0\u00bb<\/strong> au mus\u00e9e Maillol<\/a>.<\/p>\n<p class=\"editor-content__paragraph\">\u00ab\u00a0Avant, il n\u2019y avait pas de voiture dans les rues. Maintenant, il y a <strong>un chapelet d\u2019automobiles<\/strong> qui se touchent. Un jour, il y aura une soudure totale qu\u2019on sera oblig\u00e9 de d\u00e9couper au chalumeau\u00a0!\u00a0\u00bb, plaisante le photographe, se souvenant de l\u2019\u00e9poque o\u00f9 \u00ab\u00a0les gens \u00e9taient au milieu de la rue\u00a0\u00bb. Du<strong> \u00ab\u00a0trou des Halles\u00a0\u00bb<\/strong> aux hauteurs de <strong>M\u00e9nilmontant<\/strong>, et sans jamais juger de la transformation du paysage urbain, le photographe <strong>livre ses souvenirs<\/strong> en observateur \u00e9clair\u00e9.<\/p>\n<p>        \u00c0 lire aussi :<br \/>\n        <a class=\"renvoi-explicite__link\" href=\"https:\/\/www.beauxarts.com\/expos\/au-musee-maillol-lirresistible-bonheur-de-voir-de-robert-doisneau\/\" rel=\"nofollow noopener\" target=\"_blank\">Au mus\u00e9e Maillol, l&rsquo;irr\u00e9sistible bonheur de voir de Robert Doisneau<\/a><\/p>\n<p>  Arrow<\/p>\n<p>Robert Doisneau &#8211; Instants donn\u00e9s<\/p>\n<p>Du 17 avril 2025 au 12 octobre 2025<\/p>\n<p class=\"url-expo\"><a href=\"https:\/\/museemaillol.com\/\" rel=\"nofollow noopener\" target=\"_blank\">museemaillol.com<\/a><\/p>\n<p class=\"annexe-content__infos\">Mus\u00e9e Maillol \u2022 59-61 Rue de Grenelle \u2022 75007 Paris<br \/><a href=\"http:\/\/www.museemaillol.com\" rel=\"nofollow noopener\" target=\"_blank\">www.museemaillol.com<\/a><\/p>\n","protected":false},"excerpt":{"rendered":"Bulldozers, grues, \u00e9chafaudages\u2026 En 1975, certains quartiers de la capitale changent de visage. Que restera-t-il du vieux Paris,&hellip;\n","protected":false},"author":2,"featured_media":45071,"comment_status":"","ping_status":"","sticky":false,"template":"","format":"standard","meta":{"footnotes":""},"categories":[1358],"tags":[13350,1348,1384,1385,1386,58,59,1011,27,13349,1756],"class_list":{"0":"post-45070","1":"post","2":"type-post","3":"status-publish","4":"format-standard","5":"has-post-thumbnail","7":"category-arts-et-design","8":"tag-archive-video","9":"tag-arts","10":"tag-arts-and-design","11":"tag-arts-et-design","12":"tag-design","13":"tag-divertissement","14":"tag-entertainment","15":"tag-fr","16":"tag-france","17":"tag-musee-maillol-paris","18":"tag-photographie"},"share_on_mastodon":{"url":"https:\/\/pubeurope.com\/@fr\/114384021970217462","error":""},"_links":{"self":[{"href":"https:\/\/www.europesays.com\/fr\/wp-json\/wp\/v2\/posts\/45070","targetHints":{"allow":["GET"]}}],"collection":[{"href":"https:\/\/www.europesays.com\/fr\/wp-json\/wp\/v2\/posts"}],"about":[{"href":"https:\/\/www.europesays.com\/fr\/wp-json\/wp\/v2\/types\/post"}],"author":[{"embeddable":true,"href":"https:\/\/www.europesays.com\/fr\/wp-json\/wp\/v2\/users\/2"}],"replies":[{"embeddable":true,"href":"https:\/\/www.europesays.com\/fr\/wp-json\/wp\/v2\/comments?post=45070"}],"version-history":[{"count":0,"href":"https:\/\/www.europesays.com\/fr\/wp-json\/wp\/v2\/posts\/45070\/revisions"}],"wp:featuredmedia":[{"embeddable":true,"href":"https:\/\/www.europesays.com\/fr\/wp-json\/wp\/v2\/media\/45071"}],"wp:attachment":[{"href":"https:\/\/www.europesays.com\/fr\/wp-json\/wp\/v2\/media?parent=45070"}],"wp:term":[{"taxonomy":"category","embeddable":true,"href":"https:\/\/www.europesays.com\/fr\/wp-json\/wp\/v2\/categories?post=45070"},{"taxonomy":"post_tag","embeddable":true,"href":"https:\/\/www.europesays.com\/fr\/wp-json\/wp\/v2\/tags?post=45070"}],"curies":[{"name":"wp","href":"https:\/\/api.w.org\/{rel}","templated":true}]}}