{"id":450708,"date":"2025-10-09T19:07:10","date_gmt":"2025-10-09T19:07:10","guid":{"rendered":"https:\/\/www.europesays.com\/fr\/450708\/"},"modified":"2025-10-09T19:07:10","modified_gmt":"2025-10-09T19:07:10","slug":"une-enorme-soiree-va-avoir-lieu-sur-les-ramblas-de-jean-jaures","status":"publish","type":"post","link":"https:\/\/www.europesays.com\/fr\/450708\/","title":{"rendered":"une \u00e9norme soir\u00e9e va avoir lieu sur les Ramblas de Jean-Jaur\u00e8s"},"content":{"rendered":"<p>            Par<br \/>\n        <strong><br \/>\n            <a href=\"https:\/\/actu.fr\/auteur\/david-saint-sernin\" title=\"Consulter tous les articles de David Saint-Sernin\" target=\"_blank\" rel=\"noopener\">David Saint-Sernin<\/a><br \/>\n        <\/strong><\/p>\n<p>        Publi\u00e9 le<\/p>\n<p>            9 oct. 2025 \u00e0 19h52        <\/p>\n<p>Et si <a href=\"https:\/\/actu.fr\/occitanie\/toulouse_31555\/toulouse-nouveaux-commerces-ramblas-animations-comment-les-allees-jean-jaures-vont-encore-changer_61896683.html\" target=\"_blank\" rel=\"noopener\">les Ramblas de Toulouse<\/a> commen\u00e7aient \u00e0 prendre vie. Depuis <a href=\"https:\/\/actu.fr\/occitanie\/toulouse_31555\/toulouse-ramblas-jean-jaures-sont-inaugurees-lundi-rappel-projet_30130274.html\" target=\"_blank\" rel=\"noopener\">leur inauguration fin 2019<\/a>, quelques tentatives ont bien eu lieu pour mettre un peu plus d\u2019animation sur cet espace public, au-del\u00e0 de la traditionnelle balade digestive. Un<a href=\"https:\/\/actu.fr\/occitanie\/toulouse_31555\/toulouse-le-marche-des-createurs-des-ramblas-fait-son-retour-ce-dimanche_60962599.html\" target=\"_blank\" rel=\"noopener\"> march\u00e9 de cr\u00e9ateurs<\/a> s\u2019y d\u00e9roule r\u00e9guli\u00e8rement, mais jamais les Ramblas n\u2019ont accueilli un \u00e9v\u00e9nement de masse festif. C\u2019est en passe de changer.<\/p>\n<p>Un grand Open Air gratuit sur les Ramblas<\/p>\n<p class=\" wall-content\">Ce vendredi 10\u00a0octobre 2025, c\u2019est en effet une grosse soir\u00e9e festive autour de la musique, et gratuite, qui va s\u2019y d\u00e9rouler.<\/p>\n<p class=\" wall-content\">D\u00e8s 16h, et jusqu\u2019\u00e0 minuit, <strong>un grand Open air va se d\u00e9rouler sur les Ramblas<\/strong>.<\/p>\n<p class=\" wall-content\">Au menu\u2009: <strong>concerts live<\/strong> et <strong>Dj Set<\/strong> en plein c\u0153ur de Toulouse.<\/p>\n<p class=\" wall-content\">Aux manettes\u2009: le collectif de production artistique toulousain (RAR) qui veut \u00ab\u2009promouvoir la culture en m\u00ealant toutes formes d\u2019arts\u2009\u00bb et le Levrette Caf\u00e9. Le tout en partenariat avec la mairie de Toulouse.<\/p>\n<p>Vid\u00e9os : en ce moment sur Actu\u00ab\u2009Vivre Les Ramblas, comme jamais auparavant\u2009\u00bb<\/p>\n<p class=\" wall-content\">\u00ab\u2009On vous invite \u00e0 vivre Les Ramblas, comme jamais auparavant\u2009! Un \u00e9v\u00e9nement unique en plein air sur les embl\u00e9matiques Ramblas de Toulouse, l\u2019une des plus belles promenades de la ville\u2009! D\u00e8s 16h, laissez-vous porter par des concerts live qui feront vibrer l\u2019avenue. \u00c0 la tomb\u00e9e du jour, place aux platines et \u00e0 l\u2019\u00e9nergie des DJ sets pour prolonger la f\u00eate jusqu\u2019au bout de la nuit. Food trucks et stands d\u2019artisans cr\u00e9ateurs seront au rendez-vous pour r\u00e9galer vos papilles, et vos pupilles\u2009\u00bb, annoncent les organisateurs.<\/p>\n<p class=\" wall-content\">Les Ramblas seront ferm\u00e9es et s\u00e9curis\u00e9es par des agents pour l\u2019occasion. Les bouteilles en verres et canettes seront proscrites. \u00ab\u2009Des points d\u2019eau seront \u00e0 disposition sur le haut et le bas des Ramblas\u2009\u00bb, pr\u00e9cisent-ils. L\u2019\u00e9v\u00e9nement est<strong> gratuit.<\/strong><\/p>\n<p>Votre r\u00e9gion, votre actu !<\/p>\n<p>Recevez chaque jour les infos qui comptent pour vous.<\/p>\n<p>\t<a href=\"https:\/\/actu.fr\/newsletter\" class=\"ac-btn ac-btn--corner ac-btn--medium ac-btn--blue800\" target=\"_blank\" rel=\"noopener\">S&rsquo;incrire<\/a><\/p>\n<p>    <a href=\"https:\/\/www.facebook.com\/plugins\/post.php?href=https%3A%2F%2Fwww.facebook.com%2Frarevent%2Fposts%2Fpfbid02nFdqBRxV79jSQh9KoLZuLRJTkRgWU5DWGoZ1JbsWjofqVWnjGZjkWoiqyMAgrxYSl&amp;show_text=true&amp;width=350\" title=\"Ouvrie le lien\" target=\"_blank\" rel=\"noopener\">Cliquez ici pour visualiser le contenu<\/a><\/p>\n<p>La mairie accompagne et va regarder comment cela se passe<\/p>\n<p class=\" wall-content\">Contact\u00e9 par Actu Toulouse,<strong> Jonnhy Dunal, l\u2019\u00e9lu en charge des animations \u00e0 la mairie de Toulouse,<\/strong> explique comment la mairie accompagne cette grande premi\u00e8re sur les Ramblas\u2009:<\/p>\n<p class=\" wall-content\">\u00ab\u00a0Nous avons eu cette demande d\u2019occuper les Ramblas de la part d\u2019une association. C\u2019est un premier essai et l\u2019occasion de faire vivre ces Ramblas. Nous les accompagnons sur le montage du dossier, sur la mise en s\u00e9curit\u00e9 de l\u2019espace public. Ce sont eux qui g\u00e8rent ensuite. Nous leur avons donn\u00e9 l\u2019autorisation pour un Open Air jusqu\u2019\u00e0 22h. Ils ont demand\u00e9 une jauge \u00e0 300 personnes. Nous allons regarder comment cela se passe et comment s\u2019est per\u00e7u par les riverains. Si cela se passe bien, cela pourra \u00eatre reconduit. Pas toutes les semaines bien \u00e9videmment, mais de fa\u00e7on ponctuelle\u00a0\u00bb.\u00a0<\/p>\n<p>Un after \u00ab\u2009payant\u2009\u00bb de minuit \u00e0 6h du matin<\/p>\n<p class=\" wall-content\">Apr\u00e8s l\u2019Open Air, les m\u00eames organisateurs proposent un \u00ab\u2009after\u2009\u00bb payant.<\/p>\n<p class=\" wall-content\">\u00ab\u2009Un after exclusif qui prolongera l\u2019\u00e9nergie de la nuit jusqu\u2019au petit matin. De minuit \u00e0 6h du matin, pr\u00e9parez-vous \u00e0 plonger dans un univers sonore plus intense, plus profond, plus underground. Au programme\u2009: une s\u00e9lection pointue de DJs qui feront vibrer les murs et vos corps jusqu\u2019aux premi\u00e8res lueurs du jour\u2009\u00bb, annoncent-ils.<\/p>\n<p class=\" wall-content\">Cet \u00ab\u2009after\u2009\u00bb se d\u00e9roulera au <a href=\"https:\/\/shotgun.live\/fr\/venues\/rar-event\" target=\"_blank\" rel=\"noopener\">Full House Discoth\u00e8que.<\/a><\/p>\n<p class=\" wall-content\">Personnalisez votre actualit\u00e9 en ajoutant vos villes et m\u00e9dias en favori avec <a href=\"https:\/\/moncompte.actu.fr\" title=\"D\u00e9couvez Mon Actu\" rel=\"nofollow noopener\" data-trk=\"{&quot;cta&quot;:{&quot;action&quot;:&quot;https:\\\/\\\/moncompte.actu.fr&quot;,&quot;category&quot;:&quot;mon compte&quot;,&quot;from&quot;:&quot;article footer&quot;,&quot;name&quot;:&quot;Mon actu&quot;,&quot;type&quot;:&quot;cta&quot;}}\" target=\"_blank\">Mon Actu<\/a>.<\/p>\n","protected":false},"excerpt":{"rendered":"Par David Saint-Sernin Publi\u00e9 le 9 oct. 2025 \u00e0 19h52 Et si les Ramblas de Toulouse commen\u00e7aient \u00e0&hellip;\n","protected":false},"author":2,"featured_media":450709,"comment_status":"","ping_status":"","sticky":false,"template":"","format":"standard","meta":{"footnotes":""},"categories":[2816],"tags":[1111,11,1777,674,1011,27,1652,12,2680,25,1341,2312],"class_list":{"0":"post-450708","1":"post","2":"type-post","3":"status-publish","4":"format-standard","5":"has-post-thumbnail","7":"category-toulouse","8":"tag-actu","9":"tag-actualites","10":"tag-eu","11":"tag-europe","12":"tag-fr","13":"tag-france","14":"tag-loisirs-culture","15":"tag-news","16":"tag-occitanie","17":"tag-republique-francaise","18":"tag-sortir-a-toulouse","19":"tag-toulouse"},"share_on_mastodon":{"url":"https:\/\/pubeurope.com\/@fr\/115345781169588920","error":""},"_links":{"self":[{"href":"https:\/\/www.europesays.com\/fr\/wp-json\/wp\/v2\/posts\/450708","targetHints":{"allow":["GET"]}}],"collection":[{"href":"https:\/\/www.europesays.com\/fr\/wp-json\/wp\/v2\/posts"}],"about":[{"href":"https:\/\/www.europesays.com\/fr\/wp-json\/wp\/v2\/types\/post"}],"author":[{"embeddable":true,"href":"https:\/\/www.europesays.com\/fr\/wp-json\/wp\/v2\/users\/2"}],"replies":[{"embeddable":true,"href":"https:\/\/www.europesays.com\/fr\/wp-json\/wp\/v2\/comments?post=450708"}],"version-history":[{"count":0,"href":"https:\/\/www.europesays.com\/fr\/wp-json\/wp\/v2\/posts\/450708\/revisions"}],"wp:featuredmedia":[{"embeddable":true,"href":"https:\/\/www.europesays.com\/fr\/wp-json\/wp\/v2\/media\/450709"}],"wp:attachment":[{"href":"https:\/\/www.europesays.com\/fr\/wp-json\/wp\/v2\/media?parent=450708"}],"wp:term":[{"taxonomy":"category","embeddable":true,"href":"https:\/\/www.europesays.com\/fr\/wp-json\/wp\/v2\/categories?post=450708"},{"taxonomy":"post_tag","embeddable":true,"href":"https:\/\/www.europesays.com\/fr\/wp-json\/wp\/v2\/tags?post=450708"}],"curies":[{"name":"wp","href":"https:\/\/api.w.org\/{rel}","templated":true}]}}