{"id":450710,"date":"2025-10-09T19:08:09","date_gmt":"2025-10-09T19:08:09","guid":{"rendered":"https:\/\/www.europesays.com\/fr\/450710\/"},"modified":"2025-10-09T19:08:09","modified_gmt":"2025-10-09T19:08:09","slug":"violent-accident-entre-un-scooter-et-un-cycliste-a-toulouse-un-homme-gravement-blesse","status":"publish","type":"post","link":"https:\/\/www.europesays.com\/fr\/450710\/","title":{"rendered":"Violent accident entre un scooter et un cycliste \u00e0 Toulouse : un homme gravement bless\u00e9"},"content":{"rendered":"<p>            Par<br \/>\n        <strong><br \/>\n            <a href=\"https:\/\/actu.fr\/auteur\/marie-lamarque\" title=\"Consulter tous les articles de Marie Lamarque\" rel=\"nofollow noopener\" target=\"_blank\">Marie Lamarque<\/a><br \/>\n        <\/strong><\/p>\n<p>        Publi\u00e9 le<\/p>\n<p>            9 oct. 2025 \u00e0 20h13        <\/p>\n<p><strong>Un scooter et un cycliste se sont violemment percut\u00e9s<\/strong>\u00a0sur l\u2019avenue de Grande-Bretagne, dans le quartier de la Cartoucherie <a href=\"https:\/\/actu.fr\/toulouse\/\" rel=\"nofollow noopener\" target=\"_blank\">\u00e0 Toulouse<\/a> ce jeudi 9 octobre 2025. Les secours ont \u00e9t\u00e9 appel\u00e9s sur les lieux aux alentours de 18h.<\/p>\n<p>Un bless\u00e9 grave<\/p>\n<p class=\" wall-content\">Le conducteur du scooter, un homme \u00e2g\u00e9 de 50 ans, a \u00e9t\u00e9<strong> gravement bless\u00e9<\/strong> dans l\u2019accident. Le cycliste a, quant \u00e0 lui, \u00e9t\u00e9 plus l\u00e9g\u00e8rement touch\u00e9.<\/p>\n<p class=\" wall-content\">Ils ont tous les deux \u00ab\u00a0\u00e9t\u00e9 transport\u00e9s vers un h\u00f4pital du secteur\u00a0\u00bb, indique le Service d\u00e9partemental d\u2019incendie et de secours (SDIS) 31.<\/p>\n<p class=\" wall-content\"><strong>L\u2019avenue de Grande Bretagne a \u00e9t\u00e9 coup\u00e9e dans les deux sens de circulation<\/strong> durant le temps de l\u2019intervention.<\/p>\n<p class=\" wall-content\">Neuf pompiers ont \u00e9t\u00e9 mobilis\u00e9s sur les lieux, ainsi que quatre v\u00e9hicules de secours. La police et le SAMU \u00e9taient \u00e9galement sur place.<\/p>\n<p>Vid\u00e9os : en ce moment sur Actu<br \/>\n    <a href=\"https:\/\/www.google.com\/maps\/embed?pb=!1m18!1m12!1m3!1d2889.2163393697797!2d1.4079538772441922!3d43.602036955736956!2m3!1f0!2f0!3f0!3m2!1i1024!2i768!4f13.1!3m3!1m2!1s0x12aebb1b7754de13%3A0xbc1df357afb55170!2sAv.%20de%20Grande%20Bretagne%2C%2031300%20Toulouse!5e0!3m2!1sfr!2sfr!4v1760033158872!5m2!1sfr!2sfr\" title=\"Ouvrie le lien\" rel=\"nofollow noopener\" target=\"_blank\">Cliquez ici pour visualiser le contenu<\/a><\/p>\n<p class=\" wall-content\">Personnalisez votre actualit\u00e9 en ajoutant vos villes et m\u00e9dias en favori avec <a href=\"https:\/\/moncompte.actu.fr\" title=\"D\u00e9couvez Mon Actu\" rel=\"nofollow noopener\" data-trk=\"{&quot;cta&quot;:{&quot;action&quot;:&quot;https:\\\/\\\/moncompte.actu.fr&quot;,&quot;category&quot;:&quot;mon compte&quot;,&quot;from&quot;:&quot;article footer&quot;,&quot;name&quot;:&quot;Mon actu&quot;,&quot;type&quot;:&quot;cta&quot;}}\" target=\"_blank\">Mon Actu<\/a>.<\/p>\n","protected":false},"excerpt":{"rendered":"Par Marie Lamarque Publi\u00e9 le 9 oct. 2025 \u00e0 20h13 Un scooter et un cycliste se sont violemment&hellip;\n","protected":false},"author":2,"featured_media":450711,"comment_status":"","ping_status":"","sticky":false,"template":"","format":"standard","meta":{"footnotes":""},"categories":[2816],"tags":[119,1111,11,1777,674,118,1011,27,12,2680,1311,25,2312],"class_list":{"0":"post-450710","1":"post","2":"type-post","3":"status-publish","4":"format-standard","5":"has-post-thumbnail","7":"category-toulouse","8":"tag-accident","9":"tag-actu","10":"tag-actualites","11":"tag-eu","12":"tag-europe","13":"tag-faits-divers","14":"tag-fr","15":"tag-france","16":"tag-news","17":"tag-occitanie","18":"tag-pompiers","19":"tag-republique-francaise","20":"tag-toulouse"},"share_on_mastodon":{"url":"https:\/\/pubeurope.com\/@fr\/115345785330060220","error":""},"_links":{"self":[{"href":"https:\/\/www.europesays.com\/fr\/wp-json\/wp\/v2\/posts\/450710","targetHints":{"allow":["GET"]}}],"collection":[{"href":"https:\/\/www.europesays.com\/fr\/wp-json\/wp\/v2\/posts"}],"about":[{"href":"https:\/\/www.europesays.com\/fr\/wp-json\/wp\/v2\/types\/post"}],"author":[{"embeddable":true,"href":"https:\/\/www.europesays.com\/fr\/wp-json\/wp\/v2\/users\/2"}],"replies":[{"embeddable":true,"href":"https:\/\/www.europesays.com\/fr\/wp-json\/wp\/v2\/comments?post=450710"}],"version-history":[{"count":0,"href":"https:\/\/www.europesays.com\/fr\/wp-json\/wp\/v2\/posts\/450710\/revisions"}],"wp:featuredmedia":[{"embeddable":true,"href":"https:\/\/www.europesays.com\/fr\/wp-json\/wp\/v2\/media\/450711"}],"wp:attachment":[{"href":"https:\/\/www.europesays.com\/fr\/wp-json\/wp\/v2\/media?parent=450710"}],"wp:term":[{"taxonomy":"category","embeddable":true,"href":"https:\/\/www.europesays.com\/fr\/wp-json\/wp\/v2\/categories?post=450710"},{"taxonomy":"post_tag","embeddable":true,"href":"https:\/\/www.europesays.com\/fr\/wp-json\/wp\/v2\/tags?post=450710"}],"curies":[{"name":"wp","href":"https:\/\/api.w.org\/{rel}","templated":true}]}}