{"id":450712,"date":"2025-10-09T19:09:17","date_gmt":"2025-10-09T19:09:17","guid":{"rendered":"https:\/\/www.europesays.com\/fr\/450712\/"},"modified":"2025-10-09T19:09:17","modified_gmt":"2025-10-09T19:09:17","slug":"arnaud-deslandes-officiellement-tete-de-liste-du-ps-a-lille-sans-passer-par-la-case-primaire","status":"publish","type":"post","link":"https:\/\/www.europesays.com\/fr\/450712\/","title":{"rendered":"Arnaud Deslandes officiellement t\u00eate de liste du PS \u00e0 Lille, sans passer par la case primaire"},"content":{"rendered":"<p><b>Sans candidat face \u00e0 lui apr\u00e8s le retrait du d\u00e9put\u00e9 Roger Vicot, le maire de Lille a \u00e9t\u00e9 d\u00e9sign\u00e9 ce jeudi par les militants socialistes quatre semaines avant la primaire initialement pr\u00e9vue le 6 novembre.<\/b><\/p>\n<p>Voil\u00e0 qui est fait. Avec un mois d\u2019avance sur le calendrier initial fix\u00e9 par les instances nationales du Parti socialiste, le maire de Lille Arnaud Deslandes est officiellement la t\u00eate de liste des socialistes pour mener la campagne municipale 2026 depuis ce jeudi 9 octobre 2025. Les militants de la section lilloise \u00e9taient convi\u00e9s en fin de journ\u00e9e pour valider la d\u00e9signation du maire sortant.<\/p>\n<p>Apr\u00e8s avoir impos\u00e9 son nom \u00e0 Martine Aubry face \u00e0 la s\u00e9natrice Audrey Linkheneld lors d\u2019une bataille interne intense \u00e0 l\u2019automne-hiver 2024, Arnaud Deslandes a b\u00e9n\u00e9fici\u00e9 du <a href=\"https:\/\/www.mediacites.fr\/decryptage\/lille\/2025\/09\/22\/municipales-2026-le-depute-ps-roger-vicot-devrait-annoncer-son-desistement-a-lille\/\" target=\"_blank\" rel=\"noopener\">retrait de Roger Vicot<\/a> dans la course \u00e0 l\u2019investiture.<\/p>\n<p>Le d\u00e9put\u00e9 socialiste du Nord qui avait lanc\u00e9 sa campagne en septembre 2023, partant seul, a finalement renonc\u00e9 \u00e0 se pr\u00e9senter face au maire sortant dans une primaire socialiste qui \u00e9tait pr\u00e9vue le 6 novembre 2025. <a href=\"https:\/\/www.mediacites.fr\/enquete\/lille\/2025\/09\/26\/municipales-a-lille-revelations-sur-le-sondage-a-lorigine-du-desistement-du-socialiste-roger-vicot\/\" target=\"_blank\" rel=\"noopener\">Un sondage<\/a>, command\u00e9 par le parti et r\u00e9alis\u00e9 d\u00e9but septembre, donnait \u00e0 Arnaud Deslandes de meilleures chances de victoire pour permettre aux socialistes de conserver le Beffroi.<br \/>St\u00e9phane Baly et les \u00e9cologistes d\u00e9j\u00e0 \u00e0 l\u2019offensive<br \/>Le chemin est d\u00e9sormais d\u00e9gag\u00e9 dans son camp pour le maire sortant. En face de lui, cinq candidats sont d\u00e9j\u00e0 d\u00e9clar\u00e9s\u00a0: la macroniste Violette Spillebout, le r\u00e9publicain Louis Delemer, l\u2019insoumise Lahouaria Addouche, l\u2019opposante Faustine Balmelle \u00e0 la t\u00eate d\u2019une coalition G\u00e9n\u00e9ration.s, Debout\u202f! et l\u2019Apr\u00e8s et l\u2019\u00e9cologiste St\u00a0\u2026<\/p>\n<p>Nous vous offrons l\u2019acc\u00e8s \u00e0 cet article<\/p>\n<p>Et \u00e0 toutes nos enqu\u00eates pendant deux jours\u00a0\u00a0! <br \/>Oui, on est g\u00e9n\u00e9reux \ud83d\ude09 Mais pensez aussi \u00e0 <a href=\"https:\/\/www.mediacites.fr\/sabonner\/\" target=\"_blank\" style=\"color:#fff\" rel=\"noopener\">vous abonner<\/a>\u00a0\u00a0!<\/p>\n<p>\t\tEn renseignant votre adresse, vous acceptez nos <a href=\"https:\/\/www.mediacites.fr\/conditions-generales-d-utilisation\/\" target=\"_blank\" rel=\"noopener\">conditions g\u00e9n\u00e9rales d\u2019utilisation<\/a>. <br \/>Mediacit\u00e9s s\u2019engage \u00e0 ne pas c\u00e9der votre adresse \u00e0 des tiers. En cas d\u2019\u00e9chec, \u00e9crivez \u00e0 <a href=\"https:\/\/www.mediacites.fr\/breve\/lille\/2025\/10\/09\/arnaud-deslandes-officiellement-tete-de-liste-du-ps-a-lille-sans-passer-par-la-case-primaire\/mailto:contact@mediacites.fr\" target=\"_blank\" rel=\"noopener\">contact@mediacites.fr<\/a><\/p>\n<ul>\n<li>J\u2019acc\u00e8de aux 4 \u00e9ditions de Mediacit\u00e9s (Lille, Lyon, Nantes et Toulouse)<\/li>\n<li>Je d\u00e9couvre un m\u00e9dia 100 % ind\u00e9pendant, avec 0 % de publicit\u00e9<\/li>\n<\/ul>\n<p>Envie de lire la\u00a0suite\u202f?<\/p>\n<p class=\"price\">1\u20ac le premier mois<\/p>\n<p class=\"description\">Puis 7,90\u20ac par\u00a0mois<\/p>\n<p><a class=\"button button--green\" href=\"https:\/\/www.mediacites.fr\/sabonner\/?sub=55\" style=\"margin-top:22px;font-size:13px;\" target=\"_blank\" rel=\"noopener\">Je teste\u202f! <\/a><\/p>\n<ul>\n<li>Acc\u00e8s aux 4 \u00e9ditions de Mediacit\u00e9s (Lille, Lyon, Nantes et Toulouse)<\/li>\n<li>100 % ind\u00e9pendant, avec 0 % de publicit\u00e9<\/li>\n<li>R\u00e9siliation facile \u00e0 tout moment<\/li>\n<\/ul>\n<p>Mediacit\u00e9s offre l\u2019acc\u00e8s \u00e0 cet article aux lecteurs de News2Com<\/p>\n<p>Et \u00e0 toutes nos enqu\u00eates pendant deux jours\u00a0\u00a0! <br \/>Oui, on est g\u00e9n\u00e9reux \ud83d\ude09 Mais pensez aussi \u00e0 <a href=\"https:\/\/www.mediacites.fr\/sabonner\/\" target=\"_blank\" style=\"color:#fff\" rel=\"noopener\">vous abonner<\/a>\u00a0\u00a0!<\/p>\n<p>\t\tEn renseignant votre adresse, vous acceptez nos <a href=\"https:\/\/www.mediacites.fr\/conditions-generales-d-utilisation\/\" target=\"_blank\" rel=\"noopener\">conditions g\u00e9n\u00e9rales d\u2019utilisation<\/a>. <br \/>Mediacit\u00e9s s\u2019engage \u00e0 ne pas c\u00e9der votre adresse \u00e0 des tiers. En cas d\u2019\u00e9chec, \u00e9crivez \u00e0 <a href=\"https:\/\/www.mediacites.fr\/breve\/lille\/2025\/10\/09\/arnaud-deslandes-officiellement-tete-de-liste-du-ps-a-lille-sans-passer-par-la-case-primaire\/mailto:contact@mediacites.fr\" target=\"_blank\" rel=\"noopener\">contact@mediacites.fr<\/a><\/p>\n<ul>\n<li>J\u2019acc\u00e8de aux 4 \u00e9ditions de Mediacit\u00e9s (Lille, Lyon, Nantes et Toulouse)<\/li>\n<li>Je d\u00e9couvre un m\u00e9dia 100 % ind\u00e9pendant, avec 0 % de publicit\u00e9<\/li>\n<\/ul>\n","protected":false},"excerpt":{"rendered":"Sans candidat face \u00e0 lui apr\u00e8s le retrait du d\u00e9put\u00e9 Roger Vicot, le maire de Lille a \u00e9t\u00e9&hellip;\n","protected":false},"author":2,"featured_media":450713,"comment_status":"","ping_status":"","sticky":false,"template":"","format":"standard","meta":{"footnotes":""},"categories":[2815],"tags":[1111,11,54232,1777,674,1011,27,811,51816,1307,3434,12,25,54233],"class_list":{"0":"post-450712","1":"post","2":"type-post","3":"status-publish","4":"format-standard","5":"has-post-thumbnail","7":"category-lille","8":"tag-actu","9":"tag-actualites","10":"tag-arnaud-deslandes","11":"tag-eu","12":"tag-europe","13":"tag-fr","14":"tag-france","15":"tag-hauts-de-france","16":"tag-loeil-de-mediacites","17":"tag-lille","18":"tag-municipales-2026","19":"tag-news","20":"tag-republique-francaise","21":"tag-roger-vicot"},"share_on_mastodon":{"url":"https:\/\/pubeurope.com\/@fr\/115345789077611377","error":""},"_links":{"self":[{"href":"https:\/\/www.europesays.com\/fr\/wp-json\/wp\/v2\/posts\/450712","targetHints":{"allow":["GET"]}}],"collection":[{"href":"https:\/\/www.europesays.com\/fr\/wp-json\/wp\/v2\/posts"}],"about":[{"href":"https:\/\/www.europesays.com\/fr\/wp-json\/wp\/v2\/types\/post"}],"author":[{"embeddable":true,"href":"https:\/\/www.europesays.com\/fr\/wp-json\/wp\/v2\/users\/2"}],"replies":[{"embeddable":true,"href":"https:\/\/www.europesays.com\/fr\/wp-json\/wp\/v2\/comments?post=450712"}],"version-history":[{"count":0,"href":"https:\/\/www.europesays.com\/fr\/wp-json\/wp\/v2\/posts\/450712\/revisions"}],"wp:featuredmedia":[{"embeddable":true,"href":"https:\/\/www.europesays.com\/fr\/wp-json\/wp\/v2\/media\/450713"}],"wp:attachment":[{"href":"https:\/\/www.europesays.com\/fr\/wp-json\/wp\/v2\/media?parent=450712"}],"wp:term":[{"taxonomy":"category","embeddable":true,"href":"https:\/\/www.europesays.com\/fr\/wp-json\/wp\/v2\/categories?post=450712"},{"taxonomy":"post_tag","embeddable":true,"href":"https:\/\/www.europesays.com\/fr\/wp-json\/wp\/v2\/tags?post=450712"}],"curies":[{"name":"wp","href":"https:\/\/api.w.org\/{rel}","templated":true}]}}