{"id":450723,"date":"2025-10-09T19:16:18","date_gmt":"2025-10-09T19:16:18","guid":{"rendered":"https:\/\/www.europesays.com\/fr\/450723\/"},"modified":"2025-10-09T19:16:18","modified_gmt":"2025-10-09T19:16:18","slug":"concours-reinventer-lexistant-2025-quatre-projets-distingues-pour-leur-creativite-et-engagement","status":"publish","type":"post","link":"https:\/\/www.europesays.com\/fr\/450723\/","title":{"rendered":"Concours [R\u00e9]inventer l\u2019existant 2025 : quatre projets distingu\u00e9s pour leur cr\u00e9ativit\u00e9 et engagement"},"content":{"rendered":"<p>D\u00e9montrer qu\u2019un avenir urbain durable peut se construire \u00e0 partir du b\u00e2ti existant, sans effacer l\u2019h\u00e9ritage architectural\u00a0: c\u2019est l\u2019ambition du concours [R\u00e9]inventer l\u2019existant. \u00c0 la suite de la remise de projet cl\u00f4tur\u00e9e cet \u00e9t\u00e9, le jury a annonc\u00e9 les projets laur\u00e9ats de cette cinqui\u00e8me \u00e9dition le 8 octobre dernier.<\/p>\n<p>En invitant les \u00e9tudiants \u00e0 concevoir des projets ancr\u00e9s dans la r\u00e9alit\u00e9 \u00e9cologique et sociale des territoires, il encourage une approche o\u00f9 la r\u00e9novation et la r\u00e9habilitation deviennent des leviers majeurs de la transition environnementale. Cette initiative contribue \u00e9galement \u00e0 faire \u00e9voluer la culture du projet architectural, en renfor\u00e7ant la ma\u00eetrise des techniques de transformation du patrimoine, ancien ou contemporain.<\/p>\n<p><strong>Repenser l\u2019avenir post-carbone<\/strong><\/p>\n<p>Port\u00e9 conjointement par la Direction r\u00e9gionale des affaires culturelles (DRAC)<strong> <\/strong>et la <a href=\"https:\/\/www.drieat.ile-de-france.developpement-durable.gouv.fr\/\" target=\"_blank\" rel=\"nofollow noopener\">Direction r\u00e9gionale et interd\u00e9partementale de l\u2019environnement, de l\u2019am\u00e9nagement et des transports<\/a> (DRIEAT)<strong> <\/strong>d\u2019\u00cele-de-France, sous l\u2019\u00e9gide du <a href=\"https:\/\/www.prefectures-regions.gouv.fr\/ile-de-france\" target=\"_blank\" rel=\"nofollow noopener\">pr\u00e9fet de r\u00e9gion<\/a>, le concours s\u2019inscrit dans une d\u00e9marche ambitieuse: d\u00e9montrer que l\u2019avenir post-carbone des villes peut s\u2019inventer \u00e0 partir de l\u2019existant.<\/p>\n<p>Il prolonge le travail engag\u00e9 lors d\u2019un<strong> <\/strong>s\u00e9minaire fondateur tenu en 2021 \u00e0 l\u2019<a href=\"https:\/\/www.paris-belleville.archi.fr\/\" target=\"_blank\" rel=\"nofollow noopener\">\u00c9cole nationale sup\u00e9rieure d\u2019architecture de Paris-Belleville<\/a>, consacr\u00e9 aux liens entre pr\u00e9servation patrimoniale et r\u00e9novation \u00e9nerg\u00e9tique.<\/p>\n<p><strong>La r\u00e9novation du b\u00e2ti constitue aujourd\u2019hui un enjeu central pour l\u2019\u00cele-de-France<\/strong>\u00a0:<\/p>\n<p>                <img decoding=\"async\" src=\"https:\/\/www.europesays.com\/fr\/wp-content\/uploads\/2025\/10\/5477addbd2ea-affiche-reinventer-existant-2025.jpg\" alt=\"\" class=\"fr-responsive-img  alias_Moyenne_360x440 \" data-height=\"440 \" data-width=\"311 \"\/> <\/p>\n<p>\u00b7 pr\u00e8s de 70 % de la consommation d\u2019\u00e9nergie r\u00e9gionale provient du secteur r\u00e9sidentiel et tertiaire ;<\/p>\n<p>\u00b7\u00a055% des logements locatifs priv\u00e9s sont class\u00e9s en E, F ou G ;<\/p>\n<p>\u00b7 74 % du parc a \u00e9t\u00e9 construit avant 1990.<\/p>\n<p>La r\u00e9gion compte par ailleurs plus de 700 millions de m\u00e8tres carr\u00e9s de b\u00e2timents \u00e0 usage d\u2019habitation, de bureaux ou d\u2019activit\u00e9s. Dans un territoire dense o\u00f9 les besoins immobiliers ne cessent de cro\u00eetre, <strong>r<\/strong>\u00e9habiliter plut\u00f4t que construire s\u2019impose comme une \u00e9vidence \u00e9cologique, sociale et patrimoniale.<\/p>\n<p>Le concours est n\u00e9 de cette urgence et d\u2019une volont\u00e9 partag\u00e9e d\u2019encourager la cr\u00e9ation de solutions architecturales capables de concilier adaptation climatique, qualit\u00e9 d\u2019usage et valorisation du patrimoine.<\/p>\n<p>Une dynamique collective pour transformer le cadre b\u00e2ti<\/p>\n<p>[R\u00e9]inventer l\u2019existant f\u00e9d\u00e8re un vaste r\u00e9seau d\u2019acteurs publics, acad\u00e9miques et professionnels engag\u00e9s dans la transition \u00e9cologique du b\u00e2ti :\u00a0<\/p>\n<p>                                            R\u00e9seau d\u2019acteurs publics, acad\u00e9miques et professionnels<\/p>\n<p>Organis\u00e9 en lien avec les Journ\u00e9es nationales de l\u2019architecture, le concours offre aux \u00e9tudiants une exp\u00e9rience concr\u00e8te de conception, en lien direct avec les enjeux actuels de la ville durable.<\/p>\n<p>Parmi les 27 projets pr\u00e9sent\u00e9s, dix ont \u00e9t\u00e9 retenus par le jury pour leur qualit\u00e9 et la diversit\u00e9 des typologies \u00e9tudi\u00e9es : parkings, laiteries, complexes sportifs, centres commerciaux, immeubles des ann\u00e9es 1980, anciens h\u00f4pitaux ou lyc\u00e9es professionnels.<\/p>\n<p>                                            Quatre crit\u00e8res d\u2019\u00e9valuation pour un projet de transformation<\/p>\n<p>Les projets ont \u00e9t\u00e9 \u00e9valu\u00e9s selon quatre crit\u00e8res d\u00e9finis par un jury d\u2019experts franciliens :\u00a0<\/p>\n<p><strong>\u00c9tat des lieux raisonn\u00e9<\/strong> : diagnostic pr\u00e9cis du b\u00e2timent existant, de ses usages et de ses qualit\u00e9s architecturales et techniques.<\/p>\n<p><strong>D\u00e9marche de projet<\/strong> : coh\u00e9rence entre l\u2019analyse initiale et la strat\u00e9gie de transformation propos\u00e9e, au regard des enjeux climatiques.<\/p>\n<p><strong>Qualit\u00e9 architecturale<\/strong> : pertinence du parti pris, coh\u00e9rence constructive et capacit\u00e9 \u00e0 r\u00e9v\u00e9ler les qualit\u00e9s du b\u00e2ti tout en l\u2019adaptant aux usages contemporains.<\/p>\n<p><strong>Confort et performance \u00e9nerg\u00e9tique<\/strong> : int\u00e9gration des principes bioclimatiques, r\u00e9duction des consommations et recours \u00e9ventuel aux \u00e9nergies renouvelables.<\/p>\n<p>Les laur\u00e9ats 2025<\/p>\n<p><strong>Prix du jury \u2013 \u00ab\u00a0R\u00e9animation du DOC\u00a0\u00bb\u00a0: projet \u00ab\u00a0R\u00e9animation du DOC\u00a0\u00bb\u00a0<\/strong><\/p>\n<p><a href=\"https:\/\/www.versailles.archi.fr\/fr\/les-actualites\/resultats-de-la-3eme-edition-du-concours-reinventer-lexistant-2025\" target=\"_blank\" rel=\"nofollow noopener\">Thomas Le Roux<\/a> et <a href=\"https:\/\/www.versailles.archi.fr\/fr\/les-actualites\/resultats-de-la-3eme-edition-du-concours-reinventer-lexistant-2025\" target=\"_blank\" rel=\"nofollow noopener\">Mathis Perreault<\/a> (<a href=\"https:\/\/www.versailles.archi.fr\/fr\" target=\"_blank\" rel=\"nofollow noopener\">ENSA Versailles<\/a>), sous la direction d\u2019<a href=\"https:\/\/www.versailles.archi.fr\/fr\/annuaire-enseignants\/antoine-maitre\" target=\"_blank\" rel=\"nofollow noopener\">Antoine Ma\u00eetre<\/a> et <a href=\"https:\/\/fr.linkedin.com\/in\/memia-belkaid-b65bba85\" target=\"_blank\" rel=\"nofollow noopener\">M\u00e9mia Belkaid\u00a0<\/a><\/p>\n<p>                <img decoding=\"async\" src=\"https:\/\/www.europesays.com\/fr\/wp-content\/uploads\/2025\/10\/30d8b503cd1b-Thomas-Le-Roux-Mathis-Perrault-professeurs_-Reanimation-du-DOC-site-.jpg\" alt=\"\" class=\"fr-responsive-img  alias_Grande \" data-height=\"619 \" data-width=\"825 \"\/> <\/p>\n<p>\n                    Prix du jury \u00ab\u00a0R\u00e9animation du DOC\u00a0\u00bb : projet \u00ab\u00a0R\u00e9animation du DOC\u00a0\u00bb, Thomas Le Roux et Mathis Perrault, en pr\u00e9sence de leur professeur  \u00a9 DRAC \u00eele-de-France\n                <\/p>\n<p>                <img decoding=\"async\" src=\"https:\/\/www.europesays.com\/fr\/wp-content\/uploads\/2025\/10\/d4c137c02df8-prix-jury-site.jpg\" alt=\"\" class=\"fr-responsive-img  alias_Grande \" data-height=\"331 \" data-width=\"825 \"\/> <\/p>\n<p>\n                    Prix du jury, Thomas Le Roux et Mathis Perrault &#8211; ENSA Versailles pour le projet &#8211; R\u00e9animation du DOC &#8211; sous la direction d\u2019Antoine MA\u00ceTRE et M\u00e9mia BALKAID \u00a9  Thomas Le Roux et Mathis Perrault\n                <\/p>\n<p>Isolation renforc\u00e9e, mat\u00e9riaux \u00e9cologiques et cour v\u00e9g\u00e9talis\u00e9e : un projet exemplaire qui conjugue pr\u00e9servation du patrimoine, \u00e9cologie et nouveaux usages.<\/p>\n<p><strong>Mention sp\u00e9ciale \u00ab\u00a0Architecte M\u00e9diateur\u00a0\u00bb\u00a0: projet\u00a0 \u00ab\u00a0Le Ventre de la Baleine\u00a0\u00bb<\/strong><\/p>\n<p>                <img decoding=\"async\" src=\"https:\/\/www.europesays.com\/fr\/wp-content\/uploads\/2025\/10\/20cf590e86a8-Eve-B-Emma-C-Lilia-H_-le-ventre-de-la-baleine-site.jpg\" alt=\"\" class=\"fr-responsive-img  alias_Grande \" data-height=\"619 \" data-width=\"825 \"\/> <\/p>\n<p>\n                    Eve Bergeron, Emma Coppens et Lilia Hocine &#8211; ENSA Paris-La Villette, sous la direction de Guillaume Baron et Mesnil Sineus pour Le ventre de la baleine \u00a9 Eve Bergeron, Emma Coppens et Lilia Hociner, dr\n                <\/p>\n<p>                <img decoding=\"async\" src=\"https:\/\/www.europesays.com\/fr\/wp-content\/uploads\/2025\/10\/c3bdce922a6e-Mention-speciale-Architecte-Mediateur-projet-Le-Ventre-de-la-Baleine-C-Eve-Bergeron-Emm.jpeg\" alt=\"\" class=\"fr-responsive-img  alias_Grande \" data-height=\"320 \" data-width=\"825 \"\/> <\/p>\n<p>\n                    Mention sp\u00e9ciale -Architecte M\u00e9diateur,  projet &#8211; Le Ventre de la Baleine \u00a9 Eve Bergeron, Emma Coppens et Lilia Hocine, ENSA Paris-La Villette\n                <\/p>\n<p>\u00c0 Pantin, la friche artistique du Ventre de la Baleine, abritant plus de 300 artistes depuis 1989, \u00e9chappe \u00e0 la d\u00e9molition gr\u00e2ce \u00e0 une d\u00e9marche de co-construction men\u00e9e avec les habitants.<br \/>Le projet r\u00e9habilite le b\u00e2timent, am\u00e9liore ses performances \u00e9nerg\u00e9tiques et finance les travaux par la construction de logements neufs. Une proposition qui allie cr\u00e9ation, patrimoine industriel et logement social, d\u00e9montrant qu\u2019une alternative \u00e0 la destruction est possible.<\/p>\n<p><strong>Mention sp\u00e9ciale \u00ab\u00a0Vision 2025\u00a0\u00bb\u00a0: projet \u00ab\u00a0Oasis dans la fournaise\u00a0\u00bb<\/strong><\/p>\n<p>Adrien Gaillard (ENSA Paris-Est), sous la direction de Laure Veyre de Soras, L\u00e9onard Lassagne et Vanessa Pointet.<\/p>\n<p>                <img decoding=\"async\" src=\"https:\/\/www.europesays.com\/fr\/wp-content\/uploads\/2025\/10\/45bc1c69ea11-Adrien-Gaillard_-Oasis-dans-la-fournaise-site.jpg\" alt=\"\" class=\"fr-responsive-img  alias_Grande \" data-height=\"619 \" data-width=\"825 \"\/> <\/p>\n<p>\n                    Mention sp\u00e9ciale Vision 2025 &#8211; projet Oasis dans la fournaise, Adrien Gaillard &#8211; ENSA Paris-Est sous la direction de Laure Veyre de Soras, L\u00e9onard Lassagne et Vanessa Pointet \u00a9 Adrien Gaillard, dr\n                <\/p>\n<p>                <img decoding=\"async\" src=\"https:\/\/www.europesays.com\/fr\/wp-content\/uploads\/2025\/10\/57429568ea40-Mention-speciale-Vision-2025.jpg\" alt=\"\" class=\"fr-responsive-img  alias_Grande \" data-height=\"305 \" data-width=\"824 \"\/> <\/p>\n<p>\n                    Mention sp\u00e9ciale Vision 2025 &#8211; projet Oasis dans la fournaise, Adrien Gaillard &#8211; ENSA Paris-Est \u00a9 Adrien Gaillard, dr\n                <\/p>\n<p>\u00c0 la Porte de Clignancourt, trois sites oubli\u00e9s du 18\u1d49 arrondissement sont transform\u00e9s pour anticiper le Paris de 2050 : une barre de logements adapt\u00e9e au climat futur, un parking souterrain reconverti en refuge climatique et une friche requalifi\u00e9e. Une r\u00e9flexion prospective sur la r\u00e9silience urbaine face au r\u00e9chauffement climatique.<\/p>\n<p><strong>Mention sp\u00e9ciale \u00ab\u00a0Tertiaire obsol\u00e8te\u00a0\u00bb \u2013 \u00ab\u00a0Trames h\u00e9rit\u00e9es, usages renouvel\u00e9s\u00a0\u00bb<\/strong><\/p>\n<p>Ornella Nedeljkovitch et Ana\u00eblle Nicol (ENSA Versailles), pour le projet \u00ab\u00a0Trames h\u00e9rit\u00e9es, usages renouvel\u00e9s\u00a0: reconversion du site tertiaire d&rsquo;actipole en logements\u00a0\u00bb, sous la direction de St\u00e9phane Berthier.<\/p>\n<p>                <img decoding=\"async\" src=\"https:\/\/www.europesays.com\/fr\/wp-content\/uploads\/2025\/10\/982b7dc68a14-Ornella-et-Anaelle_Reconversion-Actipole-site.jpg\" alt=\"\" class=\"fr-responsive-img  alias_Grande \" data-height=\"619 \" data-width=\"825 \"\/> <\/p>\n<p>\n                    Mention sp\u00e9ciale \u00ab\u00a0Tertiaire obsol\u00e8te\u00a0\u00bb \u2013 \u00ab\u00a0Trames h\u00e9rit\u00e9es, usages renouvel\u00e9s\u00a0\u00bb Ornella Nedeljkovitch et Ana\u00eblle Nicol (ENSA Versailles), Ornella Nedeljkovitch et Ana\u00eblle Nicol ENSA Versailles \u00a9 Ornella Nedeljkovitch et Ana\u00eblle Nicol ENSA Versailles, dr\n                <\/p>\n<p>                <img decoding=\"async\" src=\"https:\/\/www.europesays.com\/fr\/wp-content\/uploads\/2025\/10\/cb3d854a1ff4-projet-Montigny-le-bretonneux1-pour-site.jpg\" alt=\"\" class=\"fr-responsive-img  alias_Grande \" data-height=\"585 \" data-width=\"695 \"\/> <\/p>\n<p>\n                    Mention sp\u00e9ciale Tertiaire obsol\u00e8te \u2013  Trames h\u00e9rit\u00e9es, usages renouvel\u00e9s Ornella Nedeljkovitch et Ana\u00eblle Nicol, ENSA Versailles \u00a9 Ornella Nedeljkovitch, Ana\u00eblle Nicol, ENSA, dr\n                <\/p>\n<p>\u00c0 Montigny-le-Bretonneux, deux immeubles de bureaux vacants se m\u00e9tamorphosent en logements et espaces partag\u00e9s. Le projet favorise les mobilit\u00e9s douces, transforme un parking en parc habit\u00e9 et redonne une nouvelle fonction au patrimoine tertiaire des ann\u00e9es 1970, dans un esprit de sobri\u00e9t\u00e9 constructive.<\/p>\n<p>Une exposition ouverte \u00e0 tous jusqu\u2019au 7 novembre<\/p>\n<p>L\u2019exposition [R\u00e9]inventer l\u2019existant 2025, pr\u00e9sent\u00e9e aux R\u00e9collets (Paris 10\u1d49), est accessible librement jusqu\u2019au 7 novembre. Elle met en valeur les dix projets remarquables distingu\u00e9s par le jury et offre au public une immersion dans les exp\u00e9rimentations architecturales et \u00e9cologiques port\u00e9es par les futurs architectes franciliens.<\/p>\n<p>Ces propositions illustrent les grands d\u00e9fis du territoire : r\u00e9emploi des mat\u00e9riaux, confort thermique, circularit\u00e9, int\u00e9gration paysag\u00e8re et adaptation climatique.<\/p>\n<p>Elles d\u00e9montrent qu\u2019il est possible de r\u00e9inventer sans d\u00e9truire, d\u2019imaginer une ville plus sobre, plus r\u00e9siliente et plus humaine.<\/p>\n","protected":false},"excerpt":{"rendered":"D\u00e9montrer qu\u2019un avenir urbain durable peut se construire \u00e0 partir du b\u00e2ti existant, sans effacer l\u2019h\u00e9ritage architectural\u00a0: c\u2019est&hellip;\n","protected":false},"author":2,"featured_media":450724,"comment_status":"","ping_status":"","sticky":false,"template":"","format":"standard","meta":{"footnotes":""},"categories":[1592],"tags":[1111,11,1777,674,1011,27,662,12,626,25],"class_list":{"0":"post-450723","1":"post","2":"type-post","3":"status-publish","4":"format-standard","5":"has-post-thumbnail","7":"category-ile-de-france","8":"tag-actu","9":"tag-actualites","10":"tag-eu","11":"tag-europe","12":"tag-fr","13":"tag-france","14":"tag-ile-de-france","15":"tag-news","16":"tag-paris","17":"tag-republique-francaise"},"share_on_mastodon":{"url":"https:\/\/pubeurope.com\/@fr\/115345817474606923","error":""},"_links":{"self":[{"href":"https:\/\/www.europesays.com\/fr\/wp-json\/wp\/v2\/posts\/450723","targetHints":{"allow":["GET"]}}],"collection":[{"href":"https:\/\/www.europesays.com\/fr\/wp-json\/wp\/v2\/posts"}],"about":[{"href":"https:\/\/www.europesays.com\/fr\/wp-json\/wp\/v2\/types\/post"}],"author":[{"embeddable":true,"href":"https:\/\/www.europesays.com\/fr\/wp-json\/wp\/v2\/users\/2"}],"replies":[{"embeddable":true,"href":"https:\/\/www.europesays.com\/fr\/wp-json\/wp\/v2\/comments?post=450723"}],"version-history":[{"count":0,"href":"https:\/\/www.europesays.com\/fr\/wp-json\/wp\/v2\/posts\/450723\/revisions"}],"wp:featuredmedia":[{"embeddable":true,"href":"https:\/\/www.europesays.com\/fr\/wp-json\/wp\/v2\/media\/450724"}],"wp:attachment":[{"href":"https:\/\/www.europesays.com\/fr\/wp-json\/wp\/v2\/media?parent=450723"}],"wp:term":[{"taxonomy":"category","embeddable":true,"href":"https:\/\/www.europesays.com\/fr\/wp-json\/wp\/v2\/categories?post=450723"},{"taxonomy":"post_tag","embeddable":true,"href":"https:\/\/www.europesays.com\/fr\/wp-json\/wp\/v2\/tags?post=450723"}],"curies":[{"name":"wp","href":"https:\/\/api.w.org\/{rel}","templated":true}]}}