{"id":450725,"date":"2025-10-09T19:17:10","date_gmt":"2025-10-09T19:17:10","guid":{"rendered":"https:\/\/www.europesays.com\/fr\/450725\/"},"modified":"2025-10-09T19:17:10","modified_gmt":"2025-10-09T19:17:10","slug":"une-information-judiciaire-ouverte-a-paris","status":"publish","type":"post","link":"https:\/\/www.europesays.com\/fr\/450725\/","title":{"rendered":"une information judiciaire ouverte \u00e0 Paris"},"content":{"rendered":"<p>            Par<br \/>\n        <strong><br \/>\n            <a href=\"https:\/\/actu.fr\/auteur\/redaction-paris\" title=\"Consulter tous les articles de R\u00e9daction Paris\" target=\"_blank\" rel=\"noopener\">R\u00e9daction Paris<\/a><br \/>\n        <\/strong><\/p>\n<p>        Publi\u00e9 le<\/p>\n<p>            9 oct. 2025 \u00e0 20h30        <\/p>\n<p>L\u2019enqu\u00eate se poursuit. Un juge d\u2019instruction va enqu\u00eater sur les <strong>violences sexuelles<\/strong> dont est accus\u00e9 le rappeur <strong>Nekfeu<\/strong> par une<strong> ex compagne<\/strong>, a appris l\u2019AFP de source proche du dossier jeudi 9\u00a0octobre 2025, confirmant une information de <a href=\"https:\/\/www.liberation.fr\/societe\/police-justice\/affaire-nekfeu-une-information-judiciaire-ouverte-contre-le-rappeur-accuse-de-viols-et-violences-20251009_AXV3OW4HHVB6XNU7JLV73UEGXA\/\" target=\"_blank\" rel=\"noopener\">Lib\u00e9ration<\/a>. Nekfeu avait \u00e9t\u00e9 plac\u00e9 la semaine derni\u00e8re en garde \u00e0 vue dans le cadre d\u2019investigations pour des faits de viol, agressions sexuelles et violences habituelles sur conjoint d\u00e9nonc\u00e9s par son ex compagne, avant d\u2019\u00eatre remis en libert\u00e9 <a href=\"https:\/\/actu.fr\/ile-de-france\/paris_75056\/paris-accuse-de-viol-par-son-ex-compagne-nekfeu-sort-de-garde-a-vue-sans-poursuites-a-ce-stade_63242098.html\" target=\"_blank\" rel=\"noopener\">sans poursuites<\/a>.<\/p>\n<p>Quatri\u00e8me plainte de son ex femme<\/p>\n<p class=\" wall-content\"><strong>Trois plaintes<\/strong> successives de son ex \u00e9pouse, d\u00e9pos\u00e9es entre septembre\u00a02023 et mai\u00a02025, avaient \u00e9t\u00e9 class\u00e9es sans suites. La garde \u00e0 vue men\u00e9e le lundi 29\u00a0septembre 2025 intervenait dans le cadre d\u2019une nouvelle plainte port\u00e9e par cette derni\u00e8re pour des faits de<strong> viol, violence ou harc\u00e8lement.<\/strong><\/p>\n<p class=\" wall-content\">En novembre\u00a02024, Nekfeu avait publi\u00e9 un communiqu\u00e9 dans lequel il d\u00e9non\u00e7ait des \u00ab<a href=\"https:\/\/actu.fr\/ile-de-france\/paris_75056\/elle-tente-de-me-salir-la-reponse-de-nekfeu-apres-les-accusations-de-viols-portees-par-son-ex-femme_61822409.html\" target=\"_blank\" rel=\"noopener\">\u2009intentions malveillantes<\/a>\u2009\u00bb autour du conflit pour la garde de son enfant.<\/p>\n<p class=\" wall-content\"><strong>Avec AFP<\/strong><\/p>\n<p class=\" wall-content\">Personnalisez votre actualit\u00e9 en ajoutant vos villes et m\u00e9dias en favori avec <a href=\"https:\/\/moncompte.actu.fr\" title=\"D\u00e9couvez Mon Actu\" rel=\"nofollow noopener\" data-trk=\"{&quot;cta&quot;:{&quot;action&quot;:&quot;https:\\\/\\\/moncompte.actu.fr&quot;,&quot;category&quot;:&quot;mon compte&quot;,&quot;from&quot;:&quot;article footer&quot;,&quot;name&quot;:&quot;Mon actu&quot;,&quot;type&quot;:&quot;cta&quot;}}\" target=\"_blank\">Mon Actu<\/a>.<\/p>\n","protected":false},"excerpt":{"rendered":"Par R\u00e9daction Paris Publi\u00e9 le 9 oct. 2025 \u00e0 20h30 L\u2019enqu\u00eate se poursuit. Un juge d\u2019instruction va enqu\u00eater&hellip;\n","protected":false},"author":2,"featured_media":450726,"comment_status":"","ping_status":"","sticky":false,"template":"","format":"standard","meta":{"footnotes":""},"categories":[1888],"tags":[1111,1928,11,1927,1777,674,118,1011,27,12,1926,626,1925,3616,25,4595,799],"class_list":{"0":"post-450725","1":"post","2":"type-post","3":"status-publish","4":"format-standard","5":"has-post-thumbnail","7":"category-paris","8":"tag-actu","9":"tag-actu-paris","10":"tag-actualites","11":"tag-actualites-paris","12":"tag-eu","13":"tag-europe","14":"tag-faits-divers","15":"tag-fr","16":"tag-france","17":"tag-news","18":"tag-news-paris","19":"tag-paris","20":"tag-paris-news","21":"tag-rap","22":"tag-republique-francaise","23":"tag-tribunal-de-paris","24":"tag-violences-sexuelles"},"share_on_mastodon":{"url":"https:\/\/pubeurope.com\/@fr\/115345820463532700","error":""},"_links":{"self":[{"href":"https:\/\/www.europesays.com\/fr\/wp-json\/wp\/v2\/posts\/450725","targetHints":{"allow":["GET"]}}],"collection":[{"href":"https:\/\/www.europesays.com\/fr\/wp-json\/wp\/v2\/posts"}],"about":[{"href":"https:\/\/www.europesays.com\/fr\/wp-json\/wp\/v2\/types\/post"}],"author":[{"embeddable":true,"href":"https:\/\/www.europesays.com\/fr\/wp-json\/wp\/v2\/users\/2"}],"replies":[{"embeddable":true,"href":"https:\/\/www.europesays.com\/fr\/wp-json\/wp\/v2\/comments?post=450725"}],"version-history":[{"count":0,"href":"https:\/\/www.europesays.com\/fr\/wp-json\/wp\/v2\/posts\/450725\/revisions"}],"wp:featuredmedia":[{"embeddable":true,"href":"https:\/\/www.europesays.com\/fr\/wp-json\/wp\/v2\/media\/450726"}],"wp:attachment":[{"href":"https:\/\/www.europesays.com\/fr\/wp-json\/wp\/v2\/media?parent=450725"}],"wp:term":[{"taxonomy":"category","embeddable":true,"href":"https:\/\/www.europesays.com\/fr\/wp-json\/wp\/v2\/categories?post=450725"},{"taxonomy":"post_tag","embeddable":true,"href":"https:\/\/www.europesays.com\/fr\/wp-json\/wp\/v2\/tags?post=450725"}],"curies":[{"name":"wp","href":"https:\/\/api.w.org\/{rel}","templated":true}]}}