{"id":450728,"date":"2025-10-09T19:19:11","date_gmt":"2025-10-09T19:19:11","guid":{"rendered":"https:\/\/www.europesays.com\/fr\/450728\/"},"modified":"2025-10-09T19:19:11","modified_gmt":"2025-10-09T19:19:11","slug":"le-demonstrateur-territorial-seine-nourriciere-entre-en-phase-de-realisation","status":"publish","type":"post","link":"https:\/\/www.europesays.com\/fr\/450728\/","title":{"rendered":"Le d\u00e9monstrateur territorial Seine nourrici\u00e8re entre en phase de r\u00e9alisation"},"content":{"rendered":"<p class=\"entry-content-excerpt\">Lundi 6 octobre, depuis une p\u00e9niche amarr\u00e9e dans le 12e arrondissement de Paris, les collectivit\u00e9s, organismes et partenaires faisant partie du consortium Seine nourrici\u00e8re, ont lanc\u00e9 la phase op\u00e9rationnelle de ce projet laur\u00e9at de l\u2019appel \u00e0 manifestation d\u2019int\u00e9r\u00eat France\u00a02030 \u00ab\u00a0D\u00e9monstrateurs territoriaux des transitions agricoles et alimentaires\u00a0\u00bb.<\/p>\n<p>\u00a0<\/p>\n<p>Ce contenu est disponible <strong>pour les abonn\u00e9s seulement<\/strong><\/p>\n","protected":false},"excerpt":{"rendered":"Lundi 6 octobre, depuis une p\u00e9niche amarr\u00e9e dans le 12e arrondissement de Paris, les collectivit\u00e9s, organismes et partenaires&hellip;\n","protected":false},"author":2,"featured_media":450729,"comment_status":"","ping_status":"","sticky":false,"template":"","format":"standard","meta":{"footnotes":""},"categories":[1888],"tags":[11,1777,674,1011,27,12,626,25],"class_list":{"0":"post-450728","1":"post","2":"type-post","3":"status-publish","4":"format-standard","5":"has-post-thumbnail","7":"category-paris","8":"tag-actualites","9":"tag-eu","10":"tag-europe","11":"tag-fr","12":"tag-france","13":"tag-news","14":"tag-paris","15":"tag-republique-francaise"},"share_on_mastodon":{"url":"https:\/\/pubeurope.com\/@fr\/115345828365534680","error":""},"_links":{"self":[{"href":"https:\/\/www.europesays.com\/fr\/wp-json\/wp\/v2\/posts\/450728","targetHints":{"allow":["GET"]}}],"collection":[{"href":"https:\/\/www.europesays.com\/fr\/wp-json\/wp\/v2\/posts"}],"about":[{"href":"https:\/\/www.europesays.com\/fr\/wp-json\/wp\/v2\/types\/post"}],"author":[{"embeddable":true,"href":"https:\/\/www.europesays.com\/fr\/wp-json\/wp\/v2\/users\/2"}],"replies":[{"embeddable":true,"href":"https:\/\/www.europesays.com\/fr\/wp-json\/wp\/v2\/comments?post=450728"}],"version-history":[{"count":0,"href":"https:\/\/www.europesays.com\/fr\/wp-json\/wp\/v2\/posts\/450728\/revisions"}],"wp:featuredmedia":[{"embeddable":true,"href":"https:\/\/www.europesays.com\/fr\/wp-json\/wp\/v2\/media\/450729"}],"wp:attachment":[{"href":"https:\/\/www.europesays.com\/fr\/wp-json\/wp\/v2\/media?parent=450728"}],"wp:term":[{"taxonomy":"category","embeddable":true,"href":"https:\/\/www.europesays.com\/fr\/wp-json\/wp\/v2\/categories?post=450728"},{"taxonomy":"post_tag","embeddable":true,"href":"https:\/\/www.europesays.com\/fr\/wp-json\/wp\/v2\/tags?post=450728"}],"curies":[{"name":"wp","href":"https:\/\/api.w.org\/{rel}","templated":true}]}}