{"id":450730,"date":"2025-10-09T19:20:20","date_gmt":"2025-10-09T19:20:20","guid":{"rendered":"https:\/\/www.europesays.com\/fr\/450730\/"},"modified":"2025-10-09T19:20:20","modified_gmt":"2025-10-09T19:20:20","slug":"le-paris-fc-frustre-pour-ses-debuts-europeens","status":"publish","type":"post","link":"https:\/\/www.europesays.com\/fr\/450730\/","title":{"rendered":"Le Paris FC frustr\u00e9 pour ses d\u00e9buts europ\u00e9ens"},"content":{"rendered":"<p>Le Paris FC a vu s\u2019envoler deux pr\u00e9cieux points pour son entr\u00e9e en Ligue des Champions, conc\u00e9dant le nul (2\u20132) face \u00e0 l\u2019OH Louvain apr\u00e8s avoir men\u00e9 de deux buts \u00e0 la pause.<\/p>\n<p><strong>Un d\u00e9part id\u00e9al<\/strong><\/p>\n<p>Les joueuses de\u00a0Sandrine Soubeyrand\u00a0d\u00e9marraient pourtant id\u00e9alement. Sur la gauche,\u00a0Clara Mateo\u00a0d\u00e9borde et centre en retrait pour\u00a0Corboz, qui conclut d\u2019une frappe du droit en premi\u00e8re intention. Le ballon file dans le petit filet de\u00a0Seynhaeve\u00a0(1\u20130, 3e).<\/p>\n<p><img fetchpriority=\"high\" decoding=\"async\" width=\"3000\" height=\"2000\" src=\"data:image\/svg+xml,%3Csvg%20xmlns=\" http:=\"\" alt=\"\" class=\"wp-image-107821\" data-lazy-src=\"https:\/\/www.europesays.com\/fr\/wp-content\/uploads\/2025\/10\/ICONSPORT_273188_0035-3.jpg\"\/><\/p>\n<p>Port\u00e9es par leur ma\u00eetrise technique, les Parisiennes poursuivaient leur domination. Apr\u00e8s plusieurs combinaisons entre\u00a0Picard\u00a0et\u00a0Le Moguedec\u00a0sur le flanc gauche,\u00a0Picard\u00a0interceptait un ballon au milieu de terrain et servait imm\u00e9diatement\u00a0Mateo\u00a0dans la profondeur. La capitaine parisienne r\u00e9sistait au retour de trois d\u00e9fenseures belges et ajustait\u00a0Seynhaeve d\u2019un tir pr\u00e9cis dans le petit filet oppos\u00e9 (2\u20130, 23e).<\/p>\n<p><img loading=\"lazy\" decoding=\"async\" width=\"3508\" height=\"2339\" src=\"data:image\/svg+xml,%3Csvg%20xmlns=\" http:=\"\" alt=\"\" class=\"wp-image-107806\" data-lazy-src=\"https:\/\/www.europesays.com\/fr\/wp-content\/uploads\/2025\/10\/CORBOZ_PFCOHL_04-2.jpg\"\/><\/p>\n<p>Solides derri\u00e8re \u00e0 l\u2019image du tacle salvateur de Korosec devant Papatheodorou (39e), les Parisiennes rentraient aux vestiaires avec un avantage logique.\u00a0<\/p>\n<p><strong>Un second acte renversant<\/strong><\/p>\n<p>Le second acte tournait \u00e0 l\u2019avantage de Louvain. D\u00e8s la 47e\u00a0minute, Everaerts profitait d\u2019un ballon contr\u00e9 dans la surface pour r\u00e9duire l\u2019\u00e9cart.<\/p>\n<p>Dix minutes plus tard,\u00a0Pusztai\u00a0signait l\u2019\u00e9galisation d\u2019une superbe frappe enroul\u00e9e dans le petit filet (62e).<\/p>\n<p>Malgr\u00e9 plusieurs tentatives pour reprendre la main, une t\u00eate de\u00a0Mateo\u00a0sur un centre de\u00a0Le Moguedec\u00a0(64e) et une reprise de\u00a0Korosec\u00a0sur corner (83e), le Paris FC ne parvenait pas \u00e0 forcer la d\u00e9cision.<br \/>Dans le temps additionnel,\u00a0Marques\u00a0sauvait le point du nul d\u2019un arr\u00eat d\u00e9cisif face \u00e0\u00a0De Ceuster\u00a0(90+2e).<\/p>\n<p><strong>Une prestation encourageante malgr\u00e9 la frustration<\/strong><\/p>\n<p>Le Paris FC devra capitaliser sur son entame et corriger ses temps faibles pour aborder la suite de sa campagne europ\u00e9enne avec ambition.<\/p>\n<p><strong>Prochain rendez-vous : cap sur Stamford Bridge !<\/strong><\/p>\n<p>Le Paris FC s\u2019appr\u00eate \u00e0 vivre un nouveau grand moment de son aventure europ\u00e9enne. La semaine prochaine, direction\u00a0Stamford Bridge\u00a0pour affronter\u00a0Chelsea, l\u2019un des poids lourds de la comp\u00e9tition.<\/p>\n<p>Un\u00a0d\u00e9fi de taille, mais aussi une\u00a0formidable opportunit\u00e9\u00a0de poursuivre l\u2019\u00e9criture de notre histoire sur la sc\u00e8ne europ\u00e9enne.<br \/>Nos Parisiennes sont pr\u00eates, concentr\u00e9es et d\u00e9termin\u00e9es \u00e0\u00a0faire honneur \u00e0 nos couleurs\u00a0face \u00e0 l\u2019un des plus grands clubs du continent.<\/p>\n<p><strong>FICHE TECHNIQUE<\/strong><\/p>\n<p>Stade Charl\u00e9ty, Paris<\/p>\n<p><strong>Buts :<\/strong><\/p>\n<p>\u2060<strong>Paris FC<\/strong>\u00a0: Daphn\u00e9 Corboz (3e), Clara Mat\u00e9o (23e)\u00a0<\/p>\n<p><strong>OH Leuven<\/strong>\u00a0: Kim Everaerts (47e), S\u00e1ra Pusztai (62e)\u00a0<\/p>\n<p><strong>Compositions &amp; remplacements :<\/strong><\/p>\n<p><strong>Paris FC<\/strong>\u00a0: In\u00e8s Marques \u2013 Th\u00e9e Greboval \u2013 Deja Davis (remplac\u00e9e par Teninsoun Sissoko, 66\u2019) \u2013 Lou Bogaert \u2013 C\u00e9lina Ould Hocine \u2013 Daphn\u00e9 Corboz \u2013 Kaja Korosec \u2013 Oc\u00e9ane Picard (remplac\u00e9e par Ma\u00eblle Garbino, 66\u2019) \u2013 Clara Mat\u00e9o \u2013 Kenza Roche\u2011Dufour (sortie sur blessure, remplac\u00e9e par Ana\u00eble Le Mogu\u00e9dec, 45\u2019) \u2013 Nora H\u00e5heim (remplac\u00e9e par Lorena Azzaro, 82\u2019)\u00a0<\/p>\n<p><strong>OH Leuven<\/strong>\u00a0: Lowiese Seynhaeve \u2013 Zenia Mertens \u2013 Linde Veefkind \u2013 Julie Biesmans \u2013 Kim Everaerts \u2013 Vir\u00e1g Nagy \u2013 S\u00e1ra Pusztai \u2013 Jeslynn Kuijpers (remplac\u00e9e par Alixe Bosteels, 74\u2019) \u2013 Aur\u00e9lie Reynders (remplac\u00e9e par Manon Heremans, 90+4\u2019) \u2013 Ioanna Papatheodorou (remplac\u00e9e par Isa Dekker, 84\u2019) \u2013 Jada Conijnenberg (remplac\u00e9e par Kadhiya De Ceuster, 45\u2019)\u00a0<\/p>\n","protected":false},"excerpt":{"rendered":"Le Paris FC a vu s\u2019envoler deux pr\u00e9cieux points pour son entr\u00e9e en Ligue des Champions, conc\u00e9dant le&hellip;\n","protected":false},"author":2,"featured_media":450731,"comment_status":"","ping_status":"","sticky":false,"template":"","format":"standard","meta":{"footnotes":""},"categories":[1888],"tags":[11,1777,674,1011,27,12,626,25],"class_list":{"0":"post-450730","1":"post","2":"type-post","3":"status-publish","4":"format-standard","5":"has-post-thumbnail","7":"category-paris","8":"tag-actualites","9":"tag-eu","10":"tag-europe","11":"tag-fr","12":"tag-france","13":"tag-news","14":"tag-paris","15":"tag-republique-francaise"},"share_on_mastodon":{"url":"https:\/\/pubeurope.com\/@fr\/115345832353915208","error":""},"_links":{"self":[{"href":"https:\/\/www.europesays.com\/fr\/wp-json\/wp\/v2\/posts\/450730","targetHints":{"allow":["GET"]}}],"collection":[{"href":"https:\/\/www.europesays.com\/fr\/wp-json\/wp\/v2\/posts"}],"about":[{"href":"https:\/\/www.europesays.com\/fr\/wp-json\/wp\/v2\/types\/post"}],"author":[{"embeddable":true,"href":"https:\/\/www.europesays.com\/fr\/wp-json\/wp\/v2\/users\/2"}],"replies":[{"embeddable":true,"href":"https:\/\/www.europesays.com\/fr\/wp-json\/wp\/v2\/comments?post=450730"}],"version-history":[{"count":0,"href":"https:\/\/www.europesays.com\/fr\/wp-json\/wp\/v2\/posts\/450730\/revisions"}],"wp:featuredmedia":[{"embeddable":true,"href":"https:\/\/www.europesays.com\/fr\/wp-json\/wp\/v2\/media\/450731"}],"wp:attachment":[{"href":"https:\/\/www.europesays.com\/fr\/wp-json\/wp\/v2\/media?parent=450730"}],"wp:term":[{"taxonomy":"category","embeddable":true,"href":"https:\/\/www.europesays.com\/fr\/wp-json\/wp\/v2\/categories?post=450730"},{"taxonomy":"post_tag","embeddable":true,"href":"https:\/\/www.europesays.com\/fr\/wp-json\/wp\/v2\/tags?post=450730"}],"curies":[{"name":"wp","href":"https:\/\/api.w.org\/{rel}","templated":true}]}}