{"id":450734,"date":"2025-10-09T19:22:33","date_gmt":"2025-10-09T19:22:33","guid":{"rendered":"https:\/\/www.europesays.com\/fr\/450734\/"},"modified":"2025-10-09T19:22:33","modified_gmt":"2025-10-09T19:22:33","slug":"volodymyr-zelensky-accuse-la-russie-de-vouloir-semer-le-chaos","status":"publish","type":"post","link":"https:\/\/www.europesays.com\/fr\/450734\/","title":{"rendered":"Volodymyr Zelensky accuse la Russie de vouloir \u00ab semer le chaos \u00bb"},"content":{"rendered":"<p class=\"mb-4 text-lg md:leading-8 break-words\"><strong>R\u00e9cap &#8211; \u00ab\u00a020 Minutes\u00a0\u00bb fait le point pour vous tous les soirs sur le conflit en Ukraine. Ce jeudi, Volodymyr Zelensky a reproch\u00e9 \u00e0 la Russie de multiplier les frappes sur les infrastructures \u00e9nerg\u00e9tiques<\/strong><\/p>\n<p class=\"mb-4 text-lg md:leading-8 break-words\">Vous avez rat\u00e9 les derniers \u00e9v\u00e9nements sur la <a href=\"https:\/\/www.20minutes.fr\/monde\/ukraine\/?at_medium=RSS%20feed&amp;at_campaign=ynews&amp;utm_source=yahoo&amp;utm_medium=rss&amp;utm_campaign=news_feed&amp;utm_content=in_article_link\" rel=\"nofollow noopener\" target=\"_blank\" data-ylk=\"slk:guerre en Ukraine;elm:context_link;itc:0;sec:content-canvas\" class=\"link \">guerre en Ukraine<\/a>\u00a0? 20 Minutes fait le point pour vous tous les soirs. Voici l\u2019essentiel de ce jeudi 9\u00a0octobre, 1.324e jour du conflit.<\/p>\n<p>Le fait du jour<\/p>\n<p class=\"mb-4 text-lg md:leading-8 break-words\">Le pr\u00e9sident ukrainien <a href=\"https:\/\/www.20minutes.fr\/monde\/volodymyr-zelensky\/?at_medium=RSS%20feed&amp;at_campaign=ynews&amp;utm_source=yahoo&amp;utm_medium=rss&amp;utm_campaign=news_feed&amp;utm_content=in_article_link\" rel=\"nofollow noopener\" target=\"_blank\" data-ylk=\"slk:Volodymyr Zelensky;elm:context_link;itc:0;sec:content-canvas\" class=\"link \">Volodymyr Zelensky<\/a> a accus\u00e9 la <a href=\"https:\/\/www.20minutes.fr\/monde\/russie\/?at_medium=RSS%20feed&amp;at_campaign=ynews&amp;utm_source=yahoo&amp;utm_medium=rss&amp;utm_campaign=news_feed&amp;utm_content=in_article_link\" rel=\"nofollow noopener\" target=\"_blank\" data-ylk=\"slk:Russie;elm:context_link;itc:0;sec:content-canvas\" class=\"link \">Russie<\/a> de vouloir \u00ab\u00a0semer le chaos\u00a0\u00bb en Ukraine en multipliant les frappes sur les infrastructures \u00e9nerg\u00e9tiques et ferroviaires, qui ont entra\u00een\u00e9 des appels \u00e0 l\u2019\u00e9vacuation de familles avec enfants. A l\u2019approche de l\u2019hiver, Moscou a cibl\u00e9 ces derni\u00e8res semaines <a href=\"https:\/\/www.20minutes.fr\/monde\/ukraine\/4177158-20251004-guerre-ukraine-moins-30-blesses-attaque-drone-russe-gare-nord-pays?at_medium=RSS%20feed&amp;at_campaign=ynews&amp;utm_source=yahoo&amp;utm_medium=rss&amp;utm_campaign=news_feed&amp;utm_content=in_article_link\" rel=\"nofollow noopener\" target=\"_blank\" data-ylk=\"slk:des installations \u00e9lectriques, gazi\u00e8res ou ferroviaires;elm:context_link;itc:0;sec:content-canvas\" class=\"link \">des installations \u00e9lectriques, gazi\u00e8res ou ferroviaires <\/a>dans plusieurs r\u00e9gions de l\u2019Ukraine, faisant craindre une campagne similaire \u00e0 celle d\u2019hivers pr\u00e9c\u00e9dents, quand des millions de personnes avaient par moments \u00e9t\u00e9 plong\u00e9es dans le noir ou priv\u00e9es de chauffage.<\/p>\n<p class=\"mb-4 text-lg md:leading-8 break-words\">\u00ab\u00a0L\u2019objectif de la Russie est de semer le chaos, de faire pression psychologiquement sur les gens en frappant les infrastructures \u00e9nerg\u00e9tiques et ferroviaires\u00a0\u00bb, a d\u00e9nonc\u00e9 mercredi Volodymyr Zelensky devant un groupe de m\u00e9dias, ses propos \u00e9tant sous embargo jusqu\u2019\u00e0 jeudi. Preuve des inqui\u00e9tudes, les maires de deux grandes villes de l\u2019Est proches du front ont appel\u00e9 certains habitants \u00e0 \u00e9vacuer face \u00e0 l\u2019intensification des frappes russes.<\/p>\n<p>La d\u00e9claration du jour<\/p>\n<p class=\"mb-4 text-lg md:leading-8 break-words\">Volodymyr Zelensky a dit voir des \u00ab\u00a0r\u00e9sultats positifs\u00a0\u00bb de la campagne ukrainienne de frappes sur les raffineries russes, qui ont provoqu\u00e9 une hausse des prix du carburant en Russie depuis l\u2019\u00e9t\u00e9. L\u2019Ukraine a aussi r\u00e9cemment frapp\u00e9 une centrale \u00e9lectriq(&#8230;)<\/p>\n<p class=\"mb-4 text-lg md:leading-8 break-words\"><a href=\"https:\/\/www.20minutes.fr\/monde\/ukraine\/4178327-20251009-guerre-ukraine-volodymyr-zelensky-accuse-russie-vouloir-semer-chaos?at_medium=RSS%20feed&amp;at_campaign=ynews&amp;utm_source=yahoo&amp;utm_medium=rss&amp;utm_campaign=news_feed&amp;utm_content=read_more_link&quot;\" rel=\"nofollow noopener\" target=\"_blank\" data-ylk=\"slk:Lire la suite sur 20minutes;elm:context_link;itc:0;sec:content-canvas\" class=\"link \">Lire la suite sur 20minutes<\/a><\/p>\n<p>\u00c0 lire aussi :<br \/><a href=\"https:\/\/www.20minutes.fr\/monde\/ukraine\/4178071-20251008-guerre-ukraine-kiev-accuse-russie-terreur-deliberee-systematique-apres-attaque-centrale?at_medium=RSS%20feed&amp;at_campaign=ynews&amp;utm_source=yahoo&amp;utm_medium=rss&amp;utm_campaign=news_feed&amp;utm_content=related_content_link\" rel=\"nofollow noopener\" target=\"_blank\" data-ylk=\"slk:Guerre en Ukraine\u00a0: Kiev accuse la Russie d\u2019une \u00ab\u00a0terreur d\u00e9lib\u00e9r\u00e9e et syst\u00e9matique\u00a0\u00bb apr\u00e8s l\u2019attaque d\u2019une centrale;elm:context_link;itc:0;sec:content-canvas\" class=\"link \">Guerre en Ukraine\u00a0: Kiev accuse la Russie d\u2019une \u00ab\u00a0terreur d\u00e9lib\u00e9r\u00e9e et syst\u00e9matique\u00a0\u00bb apr\u00e8s l\u2019attaque d\u2019une centrale<\/a><br \/><a href=\"https:\/\/www.20minutes.fr\/monde\/ukraine\/4177798-20251007-guerre-ukraine-210-drones-ukrainiens-interceptes-russie-zelensky-vante-industrie-defense?at_medium=RSS%20feed&amp;at_campaign=ynews&amp;utm_source=yahoo&amp;utm_medium=rss&amp;utm_campaign=news_feed&amp;utm_content=related_content_link\" rel=\"nofollow noopener\" target=\"_blank\" data-ylk=\"slk:Guerre en Ukraine\u00a0: 210 drones ukrainiens intercept\u00e9s par la Russie mais Zelensky vante son industrie de D\u00e9fense;elm:context_link;itc:0;sec:content-canvas\" class=\"link \">Guerre en Ukraine\u00a0: 210 drones ukrainiens intercept\u00e9s par la Russie mais Zelensky vante son industrie de D\u00e9fense<\/a><\/p>\n","protected":false},"excerpt":{"rendered":"R\u00e9cap &#8211; \u00ab\u00a020 Minutes\u00a0\u00bb fait le point pour vous tous les soirs sur le conflit en Ukraine. Ce&hellip;\n","protected":false},"author":2,"featured_media":450735,"comment_status":"","ping_status":"","sticky":false,"template":"","format":"standard","meta":{"footnotes":""},"categories":[1590],"tags":[642,11,1777,674,12,132,220,134],"class_list":{"0":"post-450734","1":"post","2":"type-post","3":"status-publish","4":"format-standard","5":"has-post-thumbnail","7":"category-ukraine","8":"tag-20-minutes","9":"tag-actualites","10":"tag-eu","11":"tag-europe","12":"tag-news","13":"tag-russie","14":"tag-ukraine","15":"tag-volodymyr-zelensky"},"share_on_mastodon":{"url":"https:\/\/pubeurope.com\/@fr\/115345840167999287","error":""},"_links":{"self":[{"href":"https:\/\/www.europesays.com\/fr\/wp-json\/wp\/v2\/posts\/450734","targetHints":{"allow":["GET"]}}],"collection":[{"href":"https:\/\/www.europesays.com\/fr\/wp-json\/wp\/v2\/posts"}],"about":[{"href":"https:\/\/www.europesays.com\/fr\/wp-json\/wp\/v2\/types\/post"}],"author":[{"embeddable":true,"href":"https:\/\/www.europesays.com\/fr\/wp-json\/wp\/v2\/users\/2"}],"replies":[{"embeddable":true,"href":"https:\/\/www.europesays.com\/fr\/wp-json\/wp\/v2\/comments?post=450734"}],"version-history":[{"count":0,"href":"https:\/\/www.europesays.com\/fr\/wp-json\/wp\/v2\/posts\/450734\/revisions"}],"wp:featuredmedia":[{"embeddable":true,"href":"https:\/\/www.europesays.com\/fr\/wp-json\/wp\/v2\/media\/450735"}],"wp:attachment":[{"href":"https:\/\/www.europesays.com\/fr\/wp-json\/wp\/v2\/media?parent=450734"}],"wp:term":[{"taxonomy":"category","embeddable":true,"href":"https:\/\/www.europesays.com\/fr\/wp-json\/wp\/v2\/categories?post=450734"},{"taxonomy":"post_tag","embeddable":true,"href":"https:\/\/www.europesays.com\/fr\/wp-json\/wp\/v2\/tags?post=450734"}],"curies":[{"name":"wp","href":"https:\/\/api.w.org\/{rel}","templated":true}]}}