{"id":450736,"date":"2025-10-09T19:23:11","date_gmt":"2025-10-09T19:23:11","guid":{"rendered":"https:\/\/www.europesays.com\/fr\/450736\/"},"modified":"2025-10-09T19:23:11","modified_gmt":"2025-10-09T19:23:11","slug":"lepouvantail-trump-ne-fait-plus-si-peur-que-ca","status":"publish","type":"post","link":"https:\/\/www.europesays.com\/fr\/450736\/","title":{"rendered":"l\u2019\u00e9pouvantail Trump ne fait plus si peur que \u00e7a"},"content":{"rendered":"<p>\n    <strong>D\u00c9CRYPTAGE \u2013 <\/strong>Entre contexte politique tendu et hausse du prix de l\u2019ESTA, les \u00c9tats-Unis ne s\u00e9duisent plus aussi facilement les voyageurs fran\u00e7ais. Alors que d\u00e9butent bient\u00f4t les vacances scolaires en France, faut-il s\u2019attendre \u00e0 un regain d\u2019int\u00e9r\u00eat\u00a0?<\/p>\n<p class=\"fig-paragraph\">Partir pour New York ou Los Angeles cet automne\u00a0? Oui, mais non sans quelques complications ni d\u00e9penses suppl\u00e9mentaires. \u00c0\u00a0<a href=\"https:\/\/www.lefigaro.fr\/voyages\/guides\/voyage-aux-etats-unis-un-effet-trump-vraiment-20250320\" target=\"_blank\" data-fig-type=\"Article\" rel=\"noopener\" data-gtm-custom-categorie=\"navigation\" data-gtm-custom-action=\"crossclick\" data-gtm-custom-label=\"Contextuel\" data-gtm-event=\"customEventSPE\" data-fig-domain=\"LEFIGARO\">\u00abl\u2019effet Trump\u00bb<\/a>, qui avait d\u00e9j\u00e0 ralenti les intentions de d\u00e9part des touristes venus de France avant l\u2019\u00e9t\u00e9, s\u2019ajoute d\u00e9sormais\u00a0<a href=\"https:\/\/www.lefigaro.fr\/voyages\/guides\/vous-allez-aux-etats-unis-attention-le-prix-de-l-esta-flambe-bientot-20250929#:~:text=D%C3%A8s%20le%2030%20septembre%2C%20il,qu%E2%80%99il%20vaut%20mieux%20anticiper.\" target=\"_blank\" data-fig-type=\"Article\" rel=\"noopener\" data-gtm-custom-categorie=\"navigation\" data-gtm-custom-action=\"crossclick\" data-gtm-custom-label=\"Contextuel\" data-gtm-event=\"customEventSPE\" data-fig-domain=\"LEFIGARO\">l\u2019augmentation du prix de l\u2019ESTA<\/a>\u00a0\u2013 le visa touristique obligatoire \u2013 pass\u00e9 de 21 \u00e0 40 dollars (environ 34 \u20ac) fin septembre.<\/p>\n<p class=\"fig-paragraph\">Depuis deux semaines, le\u00a0<a href=\"https:\/\/www.lefigaro.fr\/voyages\/shutdown-musees-fermes-retards-de-vol-faut-il-s-inquieter-pour-son-voyage-aux-etats-unis-20251001\" target=\"_blank\" data-fig-type=\"Article\" rel=\"noopener\" data-gtm-custom-categorie=\"navigation\" data-gtm-custom-action=\"crossclick\" data-gtm-custom-label=\"Contextuel\" data-gtm-event=\"customEventSPE\" data-fig-domain=\"LEFIGARO\">shutdown<\/a>, cette paralysie budg\u00e9taire d\u00e9cid\u00e9e par le gouvernement, affecte \u00e9galement plusieurs sites touristiques\u00a0: certains ferment temporairement, d\u2019autres restent ouverts mais sans entretien. \u00c0 l\u2019approche des vacances de la Toussaint, les Fran\u00e7ais sont-ils toujours frein\u00e9s par ce climat politique incertain\u00a0?<\/p>\n<p>                                    <a class=\"fig-a11y-skip a11y-hidden\" href=\"#fig-a11y-skip-main-inarticle\"><br \/>\n        Passer la publicit\u00e9<br \/>\n    <\/a><\/p>\n<p>Une baisse de fr\u00e9quentation mais l\u00e9g\u00e8re<\/p>\n<p class=\"fig-paragraph\">In\u00e8s, 21 ans, s\u2019appr\u00eate \u00e0 s\u2019envoler vers\u00a0<a href=\"https:\/\/www.lefigaro.fr\/voyages\/guides\/dossier\/manhattan-que-faire-et-que-visiter-restaurants-hotels-et-bonnes-adresses-notre-guide-de-voyage\" target=\"_blank\" data-fig-type=\"Topic\" rel=\"noopener\" data-gtm-custom-categorie=\"navigation\" data-gtm-custom-action=\"crossclick\" data-gtm-custom-label=\"Contextuel\" data-gtm-event=\"customEventSPE\" data-fig-domain=\"LEFIGARO\">Manhattan<\/a>\u00a0avec son fr\u00e8re pour c\u00e9l\u00e9brer\u00a0<a href=\"https:\/\/www.lefigaro.fr\/voyages\/halloween-a-boston-l-une-des-villes-les-plus-hantees-des-etats-unis-20241030\" target=\"_blank\" data-fig-type=\"Article\" rel=\"noopener\" data-gtm-custom-categorie=\"navigation\" data-gtm-custom-action=\"crossclick\" data-gtm-custom-label=\"Contextuel\" data-gtm-event=\"customEventSPE\" data-fig-domain=\"LEFIGARO\">Halloween<\/a>. \u00abJe pars maintenant, car j\u2019ai le sentiment que voyager l\u00e0-bas deviendra bient\u00f4t plus compliqu\u00e9 \u00e0 cause de la situation politique\u00bb, confie l\u2019\u00e9tudiante en psychologie originaire d\u2019\u00cele de France. Comme elle, de nombreux vacanciers semblent se d\u00e9cider \u00e0 profiter de\u00a0<a href=\"http:\/\/www.lefigaro.fr\/voyages\/inspiration\/cet-automne-place-au-bien-etre-cinq-adresses-testees-et-approuvees-par-la-redaction-20251005\" data-fig-type=\"Article\" data-gtm-custom-categorie=\"navigation\" data-gtm-custom-action=\"crossclick\" data-gtm-custom-label=\"Contextuel\" data-gtm-event=\"customEventSPE\" data-fig-domain=\"LEFIGARO\" target=\"_blank\" rel=\"noopener\">l\u2019automne<\/a>\u00a0outre-Atlantique. Selon Brand USA, l\u2019office de tourisme am\u00e9ricain, l\u2019attrait des Fran\u00e7ais pour la destination reste comparable \u00e0 celui de l\u2019an dernier, avant l\u2019\u00e9lection de Donald Trump. \u00abOn observe un pic d\u2019arriv\u00e9es en octobre, sans qu\u2019il soit \u00e9vident de savoir s\u2019il tient davantage aux vacances de la Toussaint ou \u00e0 Halloween\u00bb, pr\u00e9cise l\u2019organisme au Figaro. D\u2019apr\u00e8s ses derni\u00e8res donn\u00e9es publi\u00e9es, une baisse globale de 6% du nombre de touristes fran\u00e7ais a tout de m\u00eame \u00e9t\u00e9 enregistr\u00e9e entre janvier et ao\u00fbt 2025.<\/p>\n<p class=\"fig-paragraph\">Chez les voyagistes, ce ph\u00e9nom\u00e8ne se confirme. \u00abLes ventes de s\u00e9jours vers les \u00c9tats-Unis restent stables, mais demeurent inf\u00e9rieures \u00e0 celles de 2024\u00bb, indique l\u2019agence Marco Vasco (groupe Le Figaro). M\u00eame constat pour Havas Voyages\u00a0: \u00abDepuis janvier, la demande diminue l\u00e9g\u00e8rement sur l\u2019ensemble des villes am\u00e9ricaines, au profit du Canada et de l\u2019Am\u00e9rique latine\u00bb, observe Matthieu Delouche, directeur r\u00e9gional.<\/p>\n<p class=\"fig-paragraph\">Du c\u00f4t\u00e9 de l\u2019a\u00e9rien, la compagnie low-cost French Bee note un recul du nombre total de passagers par rapport \u00e0 2024, mais souligne que ses taux de remplissage des avions restent \u00absatisfaisants\u00bb. \u00abAvant l\u2019\u00e9t\u00e9, on constatait une chute des prix des billets pour attirer les Fran\u00e7ais, mais aujourd\u2019hui, les tarifs sont revenus \u00e0 la normale, faisant des \u00c9tats-Unis notre troisi\u00e8me destination apr\u00e8s l\u2019Espagne et l\u2019Italie. On ne per\u00e7oit plus vraiment d\u2019effet Trump\u00bb, estime Fr\u00e9d\u00e9ric Pilloud, directeur marketing de la plateforme de r\u00e9servation de billets d\u2019avion en ligne Misterfly. New York reste en t\u00eate avec 60 % des r\u00e9servations, suivie de Los Angeles (18 %) et de\u00a0<a href=\"https:\/\/www.lefigaro.fr\/voyages\/dossier\/miami\" target=\"_blank\" data-fig-type=\"Topic\" rel=\"noopener\" data-gtm-custom-categorie=\"navigation\" data-gtm-custom-action=\"crossclick\" data-gtm-custom-label=\"Contextuel\" data-gtm-event=\"customEventSPE\" data-fig-domain=\"LEFIGARO\">Miami\u00a0<\/a>(17 %).<\/p>\n<p>\u00abJe ne ressens plus le r\u00eave am\u00e9ricain\u00bb<\/p>\n<p class=\"fig-paragraph\">Malgr\u00e9 ce regain d\u2019int\u00e9r\u00eat, certains compatriotes peinent encore \u00e0 s\u2019imaginer touristes au pays de l\u2019Oncle Sam. Marc, Francilien passionn\u00e9 de moto, r\u00eavait autrefois de parcourir la mythique\u00a0<a href=\"https:\/\/www.lefigaro.fr\/voyages\/guides\/10-etapes-incontournables-a-voir-le-long-de-la-route-66-20230511\" target=\"_blank\" data-fig-type=\"Article\" rel=\"noopener\" data-gtm-custom-categorie=\"navigation\" data-gtm-custom-action=\"crossclick\" data-gtm-custom-label=\"Contextuel\" data-gtm-event=\"customEventSPE\" data-fig-domain=\"LEFIGARO\">Route 66<\/a>\u00a0sur sa Norton. Ce n\u2019est plus le cas. \u00abJe ne ressens plus le r\u00eave am\u00e9ricain\u00a0: il y a d\u00e9sormais trop de d\u00e9ceptions politiques et de hausses de prix\u00bb, d\u00e9plore ce retrait\u00e9 de 60 ans. Titouan, 25 ans, employ\u00e9 de mairie \u00e0 Paris, partage ce sentiment. Parti cet \u00e9t\u00e9 sur la c\u00f4te est, il estime avoir voyag\u00e9 \u00abau bon moment\u00bb. \u00abC\u2019\u00e9tait grandiose, mais on sentait d\u00e9j\u00e0 un climat social pesant. Avec toute l\u2019actualit\u00e9 r\u00e9cente, je n\u2019ai m\u00eame plus envie d\u2019y retourner\u00bb, avoue-t-il.<\/p>\n<p class=\"fig-paragraph\">Sur place, certains professionnels du tourisme notent l\u2019absence inhabituelle des r\u00e9sidents de l\u2019Hexagone. \u00c0 New York, Cyrielle, guide ind\u00e9pendante depuis quinze ans, observe une diminution de sa client\u00e8le depuis le d\u00e9but de l\u2019\u00e9t\u00e9. \u00abSelon les semaines, nous enregistrons entre 30 et 60 % de r\u00e9servations fran\u00e7aises en moins par rapport \u00e0 l\u2019an dernier, alors qu\u2019en comparaison, les Italiens et les Allemands sont toujours l\u00e0\u00bb, r\u00e9v\u00e8le-t-elle. Parmi les raisons \u00e9voqu\u00e9es par les voyageurs avec qui elle a \u00e9chang\u00e9, la hausse du prix des activit\u00e9s et des restaurants (avec les\u00a0<a href=\"http:\/\/www.lefigaro.fr\/voyages\/en-matiere-de-pourboires-qui-sont-les-voyageurs-les-plus-genereux-et-les-plus-radins-20230613\" data-fig-type=\"Article\" data-gtm-custom-categorie=\"navigation\" data-gtm-custom-action=\"crossclick\" data-gtm-custom-label=\"Contextuel\" data-gtm-event=\"customEventSPE\" data-fig-domain=\"LEFIGARO\" target=\"_blank\" rel=\"noopener\">pourboires<\/a>) reste encore un obstacle.<\/p>\n<p>                                    <a class=\"fig-a11y-skip a11y-hidden\" href=\"#fig-a11y-skip-main-inarticle_mtf\"><br \/>\n        Passer la publicit\u00e9<br \/>\n    <\/a><\/p>\n<p class=\"fig-paragraph\">De quoi s\u2019inqui\u00e9ter pour 2026\u00a0? Pas encore. L\u2019attrait de la destination pourrait \u00eatre relanc\u00e9 par les c\u00e9l\u00e9brations des 250 ans des \u00c9tats-Unis, le centenaire de la Route 66 ou encore la Coupe du monde de football. Reste \u00e0 savoir si ces \u00e9v\u00e9nements suffiront \u00e0 reconqu\u00e9rir les c\u0153urs de tous les Fran\u00e7ais.<\/p>\n","protected":false},"excerpt":{"rendered":"D\u00c9CRYPTAGE \u2013 Entre contexte politique tendu et hausse du prix de l\u2019ESTA, les \u00c9tats-Unis ne s\u00e9duisent plus aussi&hellip;\n","protected":false},"author":2,"featured_media":450737,"comment_status":"","ping_status":"","sticky":false,"template":"","format":"standard","meta":{"footnotes":""},"categories":[1589],"tags":[11,75,73,1866,12,602,1864,1865,1863,308],"class_list":{"0":"post-450736","1":"post","2":"type-post","3":"status-publish","4":"format-standard","5":"has-post-thumbnail","7":"category-etats-unis","8":"tag-actualites","9":"tag-donald-trump","10":"tag-etats-unis","11":"tag-etats-unis-damerique","12":"tag-news","13":"tag-tourisme","14":"tag-united-states","15":"tag-united-states-of-america","16":"tag-us","17":"tag-usa"},"share_on_mastodon":{"url":"https:\/\/pubeurope.com\/@fr\/115345844049769376","error":""},"_links":{"self":[{"href":"https:\/\/www.europesays.com\/fr\/wp-json\/wp\/v2\/posts\/450736","targetHints":{"allow":["GET"]}}],"collection":[{"href":"https:\/\/www.europesays.com\/fr\/wp-json\/wp\/v2\/posts"}],"about":[{"href":"https:\/\/www.europesays.com\/fr\/wp-json\/wp\/v2\/types\/post"}],"author":[{"embeddable":true,"href":"https:\/\/www.europesays.com\/fr\/wp-json\/wp\/v2\/users\/2"}],"replies":[{"embeddable":true,"href":"https:\/\/www.europesays.com\/fr\/wp-json\/wp\/v2\/comments?post=450736"}],"version-history":[{"count":0,"href":"https:\/\/www.europesays.com\/fr\/wp-json\/wp\/v2\/posts\/450736\/revisions"}],"wp:featuredmedia":[{"embeddable":true,"href":"https:\/\/www.europesays.com\/fr\/wp-json\/wp\/v2\/media\/450737"}],"wp:attachment":[{"href":"https:\/\/www.europesays.com\/fr\/wp-json\/wp\/v2\/media?parent=450736"}],"wp:term":[{"taxonomy":"category","embeddable":true,"href":"https:\/\/www.europesays.com\/fr\/wp-json\/wp\/v2\/categories?post=450736"},{"taxonomy":"post_tag","embeddable":true,"href":"https:\/\/www.europesays.com\/fr\/wp-json\/wp\/v2\/tags?post=450736"}],"curies":[{"name":"wp","href":"https:\/\/api.w.org\/{rel}","templated":true}]}}