{"id":450738,"date":"2025-10-09T19:24:12","date_gmt":"2025-10-09T19:24:12","guid":{"rendered":"https:\/\/www.europesays.com\/fr\/450738\/"},"modified":"2025-10-09T19:24:12","modified_gmt":"2025-10-09T19:24:12","slug":"lancien-premier-ministre-britannique-rishi-sunak-recrute-par-microsoft-et-la-startup-anthropic","status":"publish","type":"post","link":"https:\/\/www.europesays.com\/fr\/450738\/","title":{"rendered":"L&rsquo;ancien premier ministre britannique Rishi Sunak recrut\u00e9 par Microsoft et la startup Anthropic"},"content":{"rendered":"<p>\n    Plus jeune premier ministre britannique depuis 200 ans, le premier chef de gouvernement britannique d\u2019origine indienne avait quitt\u00e9 la t\u00eate du parti conservateur l\u2019an pass\u00e9 apr\u00e8s le revers de sa formation aux l\u00e9gislatives.<\/p>\n<p class=\"fig-paragraph\">L&rsquo;ex-<a href=\"http:\/\/www.lefigaro.fr\/international\/80-ans-du-debarquement-le-premier-ministre-britannique-rishi-sunak-s-excuse-d-avoir-quitte-prematurement-les-ceremonies-20240607\" target=\"_blank\" data-fig-type=\"NewsFlash\" rel=\"noopener\" data-gtm-custom-categorie=\"navigation\" data-gtm-custom-action=\"crossclick\" data-gtm-custom-label=\"Contextuel\" data-gtm-event=\"customEventSPE\" data-fig-domain=\"LEFIGARO\">premier ministre conservateur britannique Rishi Sunak<\/a>, qui a quitt\u00e9 le pouvoir en juillet 2024, va conseiller le g\u00e9ant de la tech Microsoft et la start-up d&rsquo;intelligence artificielle (IA) Anthropic, selon un document publi\u00e9 par l&rsquo;instance charg\u00e9e de contr\u00f4ler les risques de conflits d&rsquo;int\u00e9r\u00eats des \u00e9lus. Sa mission aupr\u00e8s de Microsoft va consister \u00e0 \u00abfournir des perspectives strat\u00e9giques de haut niveau sur les tendances macro\u00e9conomiques et g\u00e9opolitiques et leurs interactions avec les technologies et la soci\u00e9t\u00e9\u00bb, indique l&rsquo;Acoba (Advisory Committee on Business Appointments), dans son avis publi\u00e9 jeudi.<\/p>\n<p class=\"fig-paragraph\">Rishi Sunak, qui a fait fortune dans la finance avant de se lancer en politique, interviendra aussi lors du \u00absommet annuel\u00bb du groupe am\u00e9ricain. En revanche, pendant une p\u00e9riode de deux ans apr\u00e8s son d\u00e9part de Downing Street, il lui est interdit de mener des activit\u00e9s de lobbying aupr\u00e8s du gouvernement britannique. Les m\u00eames conditions s&rsquo;imposent \u00e0 lui en lien avec son recrutement comme \u00abconseiller senior\u00bb de la start-up d&rsquo;IA am\u00e9ricaine Anthropic, selon un autre avis publi\u00e9 jeudi par l&rsquo;Acoba.<\/p>\n<p>                                    <a class=\"fig-a11y-skip a11y-hidden\" href=\"#fig-a11y-skip-main-inarticle\"><br \/>\n        Passer la publicit\u00e9<br \/>\n    <\/a><\/p>\n<p class=\"fig-paragraph\">D\u00e9put\u00e9 du Yorkshire depuis 2015, Rishi Sunak avait \u00e9t\u00e9 d\u00e9sign\u00e9 en octobre 2022 pour diriger le parti conservateur britannique et succ\u00e9der \u00e0 Liz Truss \u00e0 Downing Street. Plus jeune premier ministre britannique depuis 200 ans et premier chef de gouvernement d&rsquo;origine indienne, il \u00e9tait parvenu \u00e0 ramener un peu de stabilit\u00e9 apr\u00e8s le chaos de l&rsquo;\u00e8re Boris Johnson. Mais il n&rsquo;a jamais \u00e9t\u00e9 populaire et n&rsquo;a pu \u00e9viter la d\u00e9faite historique des conservateurs aux \u00e9lections l\u00e9gislatives qui ont port\u00e9 en 2024 le travailliste\u00a0<a href=\"http:\/\/www.lefigaro.fr\/vox\/monde\/keir-starmer-ou-l-aveu-du-decalage-entre-les-elites-politiques-et-le-peuple-20251001\" target=\"_blank\" data-fig-type=\"Article\" rel=\"noopener\" data-gtm-custom-categorie=\"navigation\" data-gtm-custom-action=\"crossclick\" data-gtm-custom-label=\"Contextuel\" data-gtm-event=\"customEventSPE\" data-fig-domain=\"LEFIGARO\">Keir Starmer<\/a>\u00a0\u00e0 Downing Street. En juillet dernier, il a aussi rejoint la banque Goldman Sachs comme conseiller.<\/p>\n","protected":false},"excerpt":{"rendered":"Plus jeune premier ministre britannique depuis 200 ans, le premier chef de gouvernement britannique d\u2019origine indienne avait quitt\u00e9&hellip;\n","protected":false},"author":2,"featured_media":450739,"comment_status":"","ping_status":"","sticky":false,"template":"","format":"standard","meta":{"footnotes":""},"categories":[1588],"tags":[11,1777,674,5533,12,29664,473,1853,1851,1850,1852],"class_list":{"0":"post-450738","1":"post","2":"type-post","3":"status-publish","4":"format-standard","5":"has-post-thumbnail","7":"category-royaume-uni","8":"tag-actualites","9":"tag-eu","10":"tag-europe","11":"tag-microsoft","12":"tag-news","13":"tag-rishi-sunak","14":"tag-royaume-uni","15":"tag-royaume-uni-de-grande-bretagne-et-dirlande-du-nord","16":"tag-uk","17":"tag-united-kingdom","18":"tag-united-kingdom-of-great-britain-and-northern-ireland"},"share_on_mastodon":{"url":"https:\/\/pubeurope.com\/@fr\/115345848521272029","error":""},"_links":{"self":[{"href":"https:\/\/www.europesays.com\/fr\/wp-json\/wp\/v2\/posts\/450738","targetHints":{"allow":["GET"]}}],"collection":[{"href":"https:\/\/www.europesays.com\/fr\/wp-json\/wp\/v2\/posts"}],"about":[{"href":"https:\/\/www.europesays.com\/fr\/wp-json\/wp\/v2\/types\/post"}],"author":[{"embeddable":true,"href":"https:\/\/www.europesays.com\/fr\/wp-json\/wp\/v2\/users\/2"}],"replies":[{"embeddable":true,"href":"https:\/\/www.europesays.com\/fr\/wp-json\/wp\/v2\/comments?post=450738"}],"version-history":[{"count":0,"href":"https:\/\/www.europesays.com\/fr\/wp-json\/wp\/v2\/posts\/450738\/revisions"}],"wp:featuredmedia":[{"embeddable":true,"href":"https:\/\/www.europesays.com\/fr\/wp-json\/wp\/v2\/media\/450739"}],"wp:attachment":[{"href":"https:\/\/www.europesays.com\/fr\/wp-json\/wp\/v2\/media?parent=450738"}],"wp:term":[{"taxonomy":"category","embeddable":true,"href":"https:\/\/www.europesays.com\/fr\/wp-json\/wp\/v2\/categories?post=450738"},{"taxonomy":"post_tag","embeddable":true,"href":"https:\/\/www.europesays.com\/fr\/wp-json\/wp\/v2\/tags?post=450738"}],"curies":[{"name":"wp","href":"https:\/\/api.w.org\/{rel}","templated":true}]}}