{"id":450740,"date":"2025-10-09T19:25:17","date_gmt":"2025-10-09T19:25:17","guid":{"rendered":"https:\/\/www.europesays.com\/fr\/450740\/"},"modified":"2025-10-09T19:25:17","modified_gmt":"2025-10-09T19:25:17","slug":"lallemagne-rejette-une-loi-facilitant-lacquisition-de-la-citoyennete-au-bout-de-3-ans","status":"publish","type":"post","link":"https:\/\/www.europesays.com\/fr\/450740\/","title":{"rendered":"L\u2019Allemagne rejette une loi facilitant l\u2019acquisition de la citoyennet\u00e9 au bout de 3 ans"},"content":{"rendered":"<p>En <a href=\"https:\/\/www.20minutes.fr\/dossier\/allemagne\" class=\"c-link c-link--is-underlined\" rel=\"nofollow noopener\" target=\"_blank\">Allemagne<\/a> aussi, l\u2019<a href=\"https:\/\/www.20minutes.fr\/dossier\/immigration\" class=\"c-link c-link--is-underlined\" rel=\"nofollow noopener\" target=\"_blank\">immigration<\/a> continue de faire d\u00e9bat. Ce mercredi, le Parlement allemand a rejet\u00e9 un projet de loi pr\u00e9sent\u00e9 par le gouvernement pr\u00e9c\u00e9dent qui visait \u00e0 faciliter l\u2019acquisition de la <a href=\"https:\/\/www.20minutes.fr\/dossier\/nationalite\" class=\"c-link c-link--is-underlined\" rel=\"nofollow noopener\" target=\"_blank\">nationalit\u00e9<\/a>, illustrant la crispation croissante sur le sujet dans le pays.<\/p>\n<p>La mesure devait rendre possible une demande de naturalisation apr\u00e8s trois ans au lieu de cinq pour les personnes ayant d\u00e9montr\u00e9 qu\u2019elles s\u2019int\u00e9graient particuli\u00e8rement bien. Le projet de loi avait \u00e9t\u00e9 pr\u00e9sent\u00e9 par le gouvernement pr\u00e9c\u00e9dent, men\u00e9 par les <a href=\"https:\/\/www.20minutes.fr\/monde\/allemagne\/4122689-20241122-allemagne-seul-candidat-spd-olaf-scholz-sort-bien-position-reste-fragile\" class=\"c-link c-link--is-underlined\" rel=\"nofollow noopener\" target=\"_blank\">sociaux-d\u00e9mocrates du SPD<\/a>, qui pensait ainsi attirer un plus grand nombre d\u2019ouvriers \u00e9trangers vers des emplois industriels.<\/p>\n<p>Entre reconnaissance d\u2019une int\u00e9gration r\u00e9ussie et incitation \u00e0 l\u2019immigration<\/p>\n<p>Mais le chancelier <a href=\"https:\/\/www.20minutes.fr\/politique\/friedrich-merz\/\" class=\"c-link c-link--is-underlined\" rel=\"nofollow noopener\" target=\"_blank\">Friedrich Merz<\/a>, arriv\u00e9 au pouvoir en mai avec une coalition men\u00e9e par les chr\u00e9tiens-d\u00e9mocrates du centre-droit, s\u2019\u00e9tait engag\u00e9 \u00e0 revenir sur ce projet de loi au nom de la lutte contre l\u2019immigration ill\u00e9gale.<\/p>\n<\/p>\n<p>Peu avant le vote du Parlement, le ministre de l\u2019Int\u00e9rieur Alexander Dobrindt a indiqu\u00e9 que le gouvernement entendait ainsi donner un \u00ab\u00a0signal clair\u00a0\u00bb. \u00ab\u00a0Le passeport allemand sera attribu\u00e9 en reconnaissance d\u2019une int\u00e9gration r\u00e9ussie et non pas comme une incitation \u00e0 l\u2019immigration ill\u00e9gale\u00a0\u00bb, a-t-il dit.<\/p>\n<p>L\u2019ombre de l\u2019AfD<\/p>\n<p>La coalition de Friedrich Merz a adopt\u00e9 une ligne dure sur le th\u00e8me de l\u2019immigration, afin de combattre la popularit\u00e9 croissante du parti <a href=\"https:\/\/www.20minutes.fr\/monde\/allemagne\/4173030-20250915-allemagne-region-plus-peuplee-extreme-droite-triple-score\" class=\"c-link c-link--is-underlined\" rel=\"nofollow noopener\" target=\"_blank\">d\u2019extr\u00eame droite AfD<\/a>, arriv\u00e9 deuxi\u00e8me aux \u00e9lections g\u00e9n\u00e9rales de f\u00e9vrier dernier.<\/p>\n<p>L\u2019opinion envers l\u2019immigration s\u2019est durcie depuis quelques ann\u00e9es en Allemagne, particuli\u00e8rement dans les r\u00e9gions o\u00f9 ses d\u00e9tracteurs jugent qu\u2019elle p\u00e8se sur les services publics.<\/p>\n<p>Les socio-d\u00e9mocrates votent contre son propre projet de loi<\/p>\n<p>Au total, 450 d\u00e9put\u00e9s ont vot\u00e9 pour rejeter le projet de loi, dont ceux du SPD et de l\u2019AfD, contre 134 qui y \u00e9taient favorables.<\/p>\n<p>Le SPD, partenaire minoritaire de la coalition men\u00e9e par Friedrich Merz, a justifi\u00e9 sa position par le fait que la proc\u00e9dure de naturalisation acc\u00e9l\u00e9r\u00e9e \u00e9tait rarement utilis\u00e9e.<\/p>\n<p>Le nouveau gouvernement a conserv\u00e9 pour autant des \u00e9l\u00e9ments cl\u00e9s du programme concernant l\u2019immigration port\u00e9e par la coalition pr\u00e9c\u00e9dente.<\/p>\n<p>Il a notamment port\u00e9 le nombre minimal d\u2019ann\u00e9es apr\u00e8s lesquelles un migrant peut demander sa naturalisation de huit \u00e0 cinq, et autoris\u00e9 la double-nationalit\u00e9 dans la plupart des cas.<\/p>\n","protected":false},"excerpt":{"rendered":"En Allemagne aussi, l\u2019immigration continue de faire d\u00e9bat. Ce mercredi, le Parlement allemand a rejet\u00e9 un projet de&hellip;\n","protected":false},"author":2,"featured_media":450741,"comment_status":"","ping_status":"","sticky":false,"template":"","format":"standard","meta":{"footnotes":""},"categories":[1587],"tags":[47,11,672,8438,1804,1805,1803,1777,674,4710,1801,1061,74,9111,12,1050,11737,1802],"class_list":{"0":"post-450740","1":"post","2":"type-post","3":"status-publish","4":"format-standard","5":"has-post-thumbnail","7":"category-allemagne","8":"tag-actualite","9":"tag-actualites","10":"tag-allemagne","11":"tag-allemand","12":"tag-bundesrepublik-deutschland","13":"tag-de","14":"tag-deutschland","15":"tag-eu","16":"tag-europe","17":"tag-friedrich-merz","18":"tag-germany","19":"tag-immigration","20":"tag-monde","21":"tag-naturalisation","22":"tag-news","23":"tag-parlement","24":"tag-projet-de-loi","25":"tag-republique-federale-dallemagne"},"share_on_mastodon":{"url":"https:\/\/pubeurope.com\/@fr\/115345851995003109","error":""},"_links":{"self":[{"href":"https:\/\/www.europesays.com\/fr\/wp-json\/wp\/v2\/posts\/450740","targetHints":{"allow":["GET"]}}],"collection":[{"href":"https:\/\/www.europesays.com\/fr\/wp-json\/wp\/v2\/posts"}],"about":[{"href":"https:\/\/www.europesays.com\/fr\/wp-json\/wp\/v2\/types\/post"}],"author":[{"embeddable":true,"href":"https:\/\/www.europesays.com\/fr\/wp-json\/wp\/v2\/users\/2"}],"replies":[{"embeddable":true,"href":"https:\/\/www.europesays.com\/fr\/wp-json\/wp\/v2\/comments?post=450740"}],"version-history":[{"count":0,"href":"https:\/\/www.europesays.com\/fr\/wp-json\/wp\/v2\/posts\/450740\/revisions"}],"wp:featuredmedia":[{"embeddable":true,"href":"https:\/\/www.europesays.com\/fr\/wp-json\/wp\/v2\/media\/450741"}],"wp:attachment":[{"href":"https:\/\/www.europesays.com\/fr\/wp-json\/wp\/v2\/media?parent=450740"}],"wp:term":[{"taxonomy":"category","embeddable":true,"href":"https:\/\/www.europesays.com\/fr\/wp-json\/wp\/v2\/categories?post=450740"},{"taxonomy":"post_tag","embeddable":true,"href":"https:\/\/www.europesays.com\/fr\/wp-json\/wp\/v2\/tags?post=450740"}],"curies":[{"name":"wp","href":"https:\/\/api.w.org\/{rel}","templated":true}]}}