{"id":450743,"date":"2025-10-09T19:27:11","date_gmt":"2025-10-09T19:27:11","guid":{"rendered":"https:\/\/www.europesays.com\/fr\/450743\/"},"modified":"2025-10-09T19:27:11","modified_gmt":"2025-10-09T19:27:11","slug":"le-luxembourg-favorable-a-une-plateforme-europeenne-de-titrisation","status":"publish","type":"post","link":"https:\/\/www.europesays.com\/fr\/450743\/","title":{"rendered":"Le Luxembourg favorable \u00e0 une plateforme europ\u00e9enne de titrisation"},"content":{"rendered":"<p class=\"article-content__p\">En marge des r\u00e9unions de l\u2019Eurogroupe et du Conseil Ecofin, r\u00e9unis \u00e0 Luxembourg les 9 et 10\u00a0octobre, s\u2019est tenue la troisi\u00e8me r\u00e9union du Laboratoire europ\u00e9en de la comp\u00e9titivit\u00e9 (European Competitiveness Lab). Ce laboratoire, une initiative lanc\u00e9e par le gouvernement espagnol et port\u00e9e par le ministre espagnol de l\u2019\u00c9conomie, du Commerce et des Entreprises, Carlos Cuerpo, vise \u00e0 permettre \u00e0 des groupes d\u2019\u00c9tats membres de tester, sur une base volontaire, des projets destin\u00e9s \u00e0 approfondir les march\u00e9s de capitaux europ\u00e9ens et \u00e0 accro\u00eetre la comp\u00e9titivit\u00e9 en Europe. \u00abUne coalition de volontaires\u00bb, selon les mots du ministre espagnol.<\/p>\n<p class=\"article-content__p\">La r\u00e9union de ce jeudi r\u00e9unissait 25 d\u00e9l\u00e9gations, dont 11 ministres, ainsi que la pr\u00e9sidente de la BCE, Christine Lagarde, et la commissaire europ\u00e9enne charg\u00e9e des services financiers et de l\u2019\u00e9pargne, Maria Lu\u00eds Albuquerque. Seules sept d\u00e9l\u00e9gations avaient particip\u00e9 \u00e0 la deuxi\u00e8me r\u00e9union, en juin.<\/p>\n<p class=\"article-content__p\">Pour cette occasion a \u00e9t\u00e9 pr\u00e9sent\u00e9 un projet de plateforme de titrisation europ\u00e9enne. \u00abUne plateforme que nous consid\u00e9rons comme un compl\u00e9ment pr\u00e9cieux \u00e0 la r\u00e9forme par la Commission du cadre r\u00e9glementaire de la titrisation\u00bb, a insist\u00e9 le ministre des Finances,\u00a0\u00a0(CSV), pour qui \u00abl\u2019Europe avance toujours lorsque nous travaillons ensemble de mani\u00e8re compl\u00e9mentaire\u00bb.<\/p>\n<p class=\"article-content__p\">La titrisation permet aux \u00e9metteurs de regrouper, dans un produit financier, des actifs illiquides afin de les transformer en titres \u00e9changeables sur les march\u00e9s. Cr\u00e9er une plateforme europ\u00e9enne permettrait de standardiser ces op\u00e9rations longues et complexes, favorisant ainsi l\u2019acc\u00e8s \u00e0 ce march\u00e9 pour des acteurs de taille plus modeste. Outre la structuration des transactions, elle pourrait \u00e9galement assurer la conformit\u00e9 r\u00e9glementaire et la transparence des donn\u00e9es, g\u00e9n\u00e9rant ainsi des \u00e9conomies d\u2019\u00e9chelle. Pour finaliser les contours de cette plateforme, dont l\u2019absence est pr\u00e9judiciable selon Gilles Roth, notamment en ce qui concerne la mutualisation des co\u00fbts, un comit\u00e9 technique sera mis en place avec les autorit\u00e9s nationales int\u00e9ress\u00e9es et les professionnels.<\/p>\n<p>Le Label Finance Europe avance<\/p>\n<p class=\"article-content__p\">Le Laboratoire europ\u00e9en de la comp\u00e9titivit\u00e9 a \u00e9galement fait le point sur le label Finance Europe, lanc\u00e9 le 5\u00a0juin dernier par le Luxembourg, la France, l\u2019Espagne, l\u2019Allemagne, les Pays-Bas et l\u2019Estonie. Ce label doit aider les \u00e9pargnants europ\u00e9ens \u00e0 am\u00e9liorer le rendement de leur \u00e9pargne en orientant leurs investissements vers le financement d\u2019entreprises europ\u00e9ennes. Pour l\u2019obtenir, un produit financier doit justifier qu\u2019au moins 70% des actifs soient investis dans l\u2019Espace \u00e9conomique europ\u00e9en (EEE), que son univers d\u2019investissement privil\u00e9gie les actions afin de contribuer au financement en fonds propres des entreprises europ\u00e9ennes, et qu\u2019il pr\u00e9sente une dur\u00e9e minimale d\u2019investissement de cinq ans. Les \u00e9ventuelles incitations fiscales associ\u00e9es \u00e0 ce label seront, quant \u00e0 elles, d\u00e9termin\u00e9es par les \u00c9tats selon leurs politiques fiscales.<\/p>\n<p class=\"article-content__p\">\u00ab Notre objectif est de renforcer la comp\u00e9titivit\u00e9 de l\u2019Europe pour une croissance plus durable. Le label Finance Europe est un moyen d\u2019y parvenir \u00bb, a indiqu\u00e9 Gilles Roth. \u00ab Les discussions ont montr\u00e9 l\u2019engagement partag\u00e9 \u00e0 prendre des mesures pragmatiques pour d\u00e9bloquer le capital et d\u00e9finir les priorit\u00e9s strat\u00e9giques d\u2019utilisation \u00bb, a poursuivi le ministre.<\/p>\n<p class=\"article-content__p\">Troisi\u00e8me point \u00e0 l\u2019ordre du jour : le futur. Carlos Cuerpo a \u00e9voqu\u00e9 les prochains chantiers sur lesquels se pencheront les membres du laboratoire : le renforcement du march\u00e9 unique des capitaux, l\u2019\u00e9ducation financi\u00e8re et l\u2019am\u00e9lioration des circuits de financement des PME.<br \/>\n La prochaine r\u00e9union des membres du Laboratoire europ\u00e9en de la comp\u00e9titivit\u00e9 est programm\u00e9e pour le d\u00e9but de l\u2019ann\u00e9e 2026.<\/p>\n","protected":false},"excerpt":{"rendered":"En marge des r\u00e9unions de l\u2019Eurogroupe et du Conseil Ecofin, r\u00e9unis \u00e0 Luxembourg les 9 et 10\u00a0octobre, s\u2019est&hellip;\n","protected":false},"author":2,"featured_media":450744,"comment_status":"","ping_status":"","sticky":false,"template":"","format":"standard","meta":{"footnotes":""},"categories":[1586],"tags":[11,1777,674,1779,1011,27,12,25,1778,364],"class_list":{"0":"post-450743","1":"post","2":"type-post","3":"status-publish","4":"format-standard","5":"has-post-thumbnail","7":"category-europe","8":"tag-actualites","9":"tag-eu","10":"tag-europe","11":"tag-european-union","12":"tag-fr","13":"tag-france","14":"tag-news","15":"tag-republique-francaise","16":"tag-ue","17":"tag-union-europeenne"},"share_on_mastodon":{"url":"https:\/\/pubeurope.com\/@fr\/115345859869428623","error":""},"_links":{"self":[{"href":"https:\/\/www.europesays.com\/fr\/wp-json\/wp\/v2\/posts\/450743","targetHints":{"allow":["GET"]}}],"collection":[{"href":"https:\/\/www.europesays.com\/fr\/wp-json\/wp\/v2\/posts"}],"about":[{"href":"https:\/\/www.europesays.com\/fr\/wp-json\/wp\/v2\/types\/post"}],"author":[{"embeddable":true,"href":"https:\/\/www.europesays.com\/fr\/wp-json\/wp\/v2\/users\/2"}],"replies":[{"embeddable":true,"href":"https:\/\/www.europesays.com\/fr\/wp-json\/wp\/v2\/comments?post=450743"}],"version-history":[{"count":0,"href":"https:\/\/www.europesays.com\/fr\/wp-json\/wp\/v2\/posts\/450743\/revisions"}],"wp:featuredmedia":[{"embeddable":true,"href":"https:\/\/www.europesays.com\/fr\/wp-json\/wp\/v2\/media\/450744"}],"wp:attachment":[{"href":"https:\/\/www.europesays.com\/fr\/wp-json\/wp\/v2\/media?parent=450743"}],"wp:term":[{"taxonomy":"category","embeddable":true,"href":"https:\/\/www.europesays.com\/fr\/wp-json\/wp\/v2\/categories?post=450743"},{"taxonomy":"post_tag","embeddable":true,"href":"https:\/\/www.europesays.com\/fr\/wp-json\/wp\/v2\/tags?post=450743"}],"curies":[{"name":"wp","href":"https:\/\/api.w.org\/{rel}","templated":true}]}}