{"id":450754,"date":"2025-10-09T19:34:12","date_gmt":"2025-10-09T19:34:12","guid":{"rendered":"https:\/\/www.europesays.com\/fr\/450754\/"},"modified":"2025-10-09T19:34:12","modified_gmt":"2025-10-09T19:34:12","slug":"wta-wuhan-nicole-pratt-ex-35e-mondiale-sur-coco-gauff-il-y-a-un-truc-qui-cloche-chez-elle-il-y-a-quelque-chose-de-sous-jacent-qui-mine-sa-confiance","status":"publish","type":"post","link":"https:\/\/www.europesays.com\/fr\/450754\/","title":{"rendered":"WTA &#8211; Wuhan > Nicole Pratt (ex-35e mondiale) sur Coco Gauff : \u00ab\u00a0Il y a un truc qui cloche chez elle. Il y a quelque chose de sous-jacent qui mine sa confiance\u00a0\u00bb"},"content":{"rendered":"<p>R\u00e9cemment invit\u00e9e du dernier \u00e9pisode du podcast de l\u2019Open d\u2019Australie, l\u2019an\u00adcienne 35e mondiale, Nicolas Pratt, s\u2019est longue\u00adment exprim\u00e9e sur le cas de Coco Gauff, laur\u00e9ate de Roland\u2010Garros en juin dernier mais en diffi\u00adcult\u00e9 depuis ce\u00a0sacre.\u00a0<\/p>\n<p>Et selon l\u2019ex\u2010joueuse austra\u00adlienne, c\u2019est autre chose qu\u2019une simple ques\u00adtion de coup droit ou de service.\u00a0<\/p>\n<p><strong>\u00ab\u202fCoco Gauff est un cas int\u00e9\u00adres\u00adsant. Je l\u2019ai vue \u00e0 P\u00e9kin\u202f; elle a d\u2019ailleurs jou\u00e9 avec Storm Hunter (actuelle 74e en double) lors d\u2019une s\u00e9ance d\u2019en\u00adtra\u00ee\u00adne\u00adment. C\u2019est l\u00e0, mais ce n\u2019est pas l\u00e0. Il y a quelque chose de sous\u2010jacent qui mine sa confiance. Nous avons beau\u00adcoup parl\u00e9 du service, mais au\u2010del\u00e0 de cela, il y a quelque chose qui cloche. Elle est encore jeune, et elle peut y arriver. Une partie de l\u2019ann\u00e9e dont j\u2019aime bien qu\u2019on ne parle pas trop, c\u2019est la pr\u00e9\u2010saison, pendant laquelle ces joueuses ont un peu de temps libre pour se recen\u00adtrer et faire le bilan de l\u2019ann\u00e9e. J\u2019adore toujours voir o\u00f9 elles en sont quand elles reviennent en janvier. Qu\u2019est\u2010ce qui a chang\u00e9, qu\u2019est\u2010ce qu\u2019elles ont ajout\u00e9, ou qui ont\u2010elles recrut\u00e9 dans leur \u00e9quipe\u202f? Car cela a une influence sur ce qu\u2019elles vont faire au quotidien.\u202f\u00bb<\/strong><\/p>\n<p class=\"post-published-date\" style=\"color: silver; font-size: 75%; text-align: left;\">Publi\u00e9 le jeudi 9 octobre 2025 \u00e0 18:23<\/p>\n","protected":false},"excerpt":{"rendered":"R\u00e9cemment invit\u00e9e du dernier \u00e9pisode du podcast de l\u2019Open d\u2019Australie, l\u2019an\u00adcienne 35e mondiale, Nicolas Pratt, s\u2019est longue\u00adment exprim\u00e9e&hellip;\n","protected":false},"author":2,"featured_media":450755,"comment_status":"","ping_status":"","sticky":false,"template":"","format":"standard","meta":{"footnotes":""},"categories":[1415],"tags":[1011,27,60,1467],"class_list":{"0":"post-450754","1":"post","2":"type-post","3":"status-publish","4":"format-standard","5":"has-post-thumbnail","7":"category-tennis","8":"tag-fr","9":"tag-france","10":"tag-sports","11":"tag-tennis"},"share_on_mastodon":{"url":"https:\/\/pubeurope.com\/@fr\/115345887258384301","error":""},"_links":{"self":[{"href":"https:\/\/www.europesays.com\/fr\/wp-json\/wp\/v2\/posts\/450754","targetHints":{"allow":["GET"]}}],"collection":[{"href":"https:\/\/www.europesays.com\/fr\/wp-json\/wp\/v2\/posts"}],"about":[{"href":"https:\/\/www.europesays.com\/fr\/wp-json\/wp\/v2\/types\/post"}],"author":[{"embeddable":true,"href":"https:\/\/www.europesays.com\/fr\/wp-json\/wp\/v2\/users\/2"}],"replies":[{"embeddable":true,"href":"https:\/\/www.europesays.com\/fr\/wp-json\/wp\/v2\/comments?post=450754"}],"version-history":[{"count":0,"href":"https:\/\/www.europesays.com\/fr\/wp-json\/wp\/v2\/posts\/450754\/revisions"}],"wp:featuredmedia":[{"embeddable":true,"href":"https:\/\/www.europesays.com\/fr\/wp-json\/wp\/v2\/media\/450755"}],"wp:attachment":[{"href":"https:\/\/www.europesays.com\/fr\/wp-json\/wp\/v2\/media?parent=450754"}],"wp:term":[{"taxonomy":"category","embeddable":true,"href":"https:\/\/www.europesays.com\/fr\/wp-json\/wp\/v2\/categories?post=450754"},{"taxonomy":"post_tag","embeddable":true,"href":"https:\/\/www.europesays.com\/fr\/wp-json\/wp\/v2\/tags?post=450754"}],"curies":[{"name":"wp","href":"https:\/\/api.w.org\/{rel}","templated":true}]}}