{"id":450756,"date":"2025-10-09T19:37:16","date_gmt":"2025-10-09T19:37:16","guid":{"rendered":"https:\/\/www.europesays.com\/fr\/450756\/"},"modified":"2025-10-09T19:37:16","modified_gmt":"2025-10-09T19:37:16","slug":"le-format-des-qualifications-evolue-a-partir-de-2026","status":"publish","type":"post","link":"https:\/\/www.europesays.com\/fr\/450756\/","title":{"rendered":"le format des qualifications \u00e9volue \u00e0 partir de 2026"},"content":{"rendered":"<p>La Formule 1 va faire \u00e9voluer le format des qualifications \u00e0 partir de la saison 2026. La raison principale c&rsquo;est que la grille de d\u00e9part comptera 22 pilotes \u00e0 partir de l&rsquo;ann\u00e9e prochaine contre 20 cette ann\u00e9e.<\/p>\n<p>La F1 revient \u00e0 11 \u00e9curies en 2026. Une premi\u00e8re depuis 2016. L&rsquo;arriv\u00e9e de Cadillac comme 11e \u00e9curie fait qu&rsquo;il y aura m\u00e9caniquement deux pilotes de plus avec les retours de Valtteri Bottas et Sergio Perez. Ce qui a forc\u00e9ment un impact sur le format des qualifications. Actuellement, 5 pilotes sont \u00e9limin\u00e9s lors de la Q1 et cinq autres lors de la Q2. Il reste donc 10 pilotes pour se battre pour la pole position en Q3.<\/p>\n<p>Les nouvelles r\u00e8gles de qualifications pour 2026<\/p>\n<p>On ne sait pas encore si la dur\u00e9e des Q1 et Q2 changeront pour \u00eatre allong\u00e9s. En revanche, nous savons que 6 pilotes seront \u00e9limin\u00e9s en Q1 \u00e0 partir de 2026. Ce sera la m\u00eame chose pour la Q2. Comme cette ann\u00e9e, 10 pilotes se battront pour la pole position en Q3. Il est vraisemblable que ce format sera identique pour les qualifications sprint.<\/p>\n<ul>\n<li>Q1 : 22 pilotes engag\u00e9s &#8211; 6 pilotes \u00e9limin\u00e9s<\/li>\n<li>Q2 : 16 pilotes engag\u00e9s &#8211; 6 pilotes \u00e9limin\u00e9s<\/li>\n<li>Q3 : 10 pilotes engag\u00e9s<\/li>\n<\/ul>\n<p>Cr\u00e9dit photo : Pirelli.<\/p>\n","protected":false},"excerpt":{"rendered":"La Formule 1 va faire \u00e9voluer le format des qualifications \u00e0 partir de la saison 2026. La raison&hellip;\n","protected":false},"author":2,"featured_media":450757,"comment_status":"","ping_status":"","sticky":false,"template":"","format":"standard","meta":{"footnotes":""},"categories":[1412],"tags":[1451,1452,1453,1454,1455,1011,27,60],"class_list":{"0":"post-450756","1":"post","2":"type-post","3":"status-publish","4":"format-standard","5":"has-post-thumbnail","7":"category-f1","8":"tag-f1","9":"tag-formula-1","10":"tag-formula1","11":"tag-formule-1","12":"tag-formule1","13":"tag-fr","14":"tag-france","15":"tag-sports"},"share_on_mastodon":{"url":"https:\/\/pubeurope.com\/@fr\/115345899167338900","error":""},"_links":{"self":[{"href":"https:\/\/www.europesays.com\/fr\/wp-json\/wp\/v2\/posts\/450756","targetHints":{"allow":["GET"]}}],"collection":[{"href":"https:\/\/www.europesays.com\/fr\/wp-json\/wp\/v2\/posts"}],"about":[{"href":"https:\/\/www.europesays.com\/fr\/wp-json\/wp\/v2\/types\/post"}],"author":[{"embeddable":true,"href":"https:\/\/www.europesays.com\/fr\/wp-json\/wp\/v2\/users\/2"}],"replies":[{"embeddable":true,"href":"https:\/\/www.europesays.com\/fr\/wp-json\/wp\/v2\/comments?post=450756"}],"version-history":[{"count":0,"href":"https:\/\/www.europesays.com\/fr\/wp-json\/wp\/v2\/posts\/450756\/revisions"}],"wp:featuredmedia":[{"embeddable":true,"href":"https:\/\/www.europesays.com\/fr\/wp-json\/wp\/v2\/media\/450757"}],"wp:attachment":[{"href":"https:\/\/www.europesays.com\/fr\/wp-json\/wp\/v2\/media?parent=450756"}],"wp:term":[{"taxonomy":"category","embeddable":true,"href":"https:\/\/www.europesays.com\/fr\/wp-json\/wp\/v2\/categories?post=450756"},{"taxonomy":"post_tag","embeddable":true,"href":"https:\/\/www.europesays.com\/fr\/wp-json\/wp\/v2\/tags?post=450756"}],"curies":[{"name":"wp","href":"https:\/\/api.w.org\/{rel}","templated":true}]}}