{"id":450766,"date":"2025-10-09T19:42:17","date_gmt":"2025-10-09T19:42:17","guid":{"rendered":"https:\/\/www.europesays.com\/fr\/450766\/"},"modified":"2025-10-09T19:42:17","modified_gmt":"2025-10-09T19:42:17","slug":"le-livre-antoinette-de-valerie-chevalier-met-en-lumiere-la-force-des-femmes-introverties","status":"publish","type":"post","link":"https:\/\/www.europesays.com\/fr\/450766\/","title":{"rendered":"Le livre Antoinette de Val\u00e9rie Chevalier met en lumi\u00e8re la force des femmes introverties"},"content":{"rendered":"<p><strong>Avec\u00a0Antoinette,\u00a0Val\u00e9rie Chevalier\u00a0choisit de tendre l\u2019oreille \u00e0 celles qu\u2019on entend peu : les introverties, les discr\u00e8tes, celles \u00e0 qui l\u2019on colle trop vite une \u00e9tiquette de maladresse sociale.\u00a0<\/strong><\/p>\n<p>Antoinette est une jeune femme\u00a0 qui vit dans une solitude d\u00e9sir\u00e9e, sans qu\u00eate effr\u00e9n\u00e9e d\u2019amour ou d\u2019amiti\u00e9. Jusqu\u2019au jour o\u00f9 In\u00e8s et Viviane entrent dans sa vie. Une improbable amiti\u00e9 se tisse entre les trois femmes, ouvrant du m\u00eame coup de nouvelles perspectives \u00e0 Antoinette. Tout bascule, et doucement, Antoinette change et r\u00e9\u00e9value son rapport aux autres et \u00e0 elle-m\u00eame. Ses nouvelles amies lui font prendre conscience qu\u2019on est souvent mieux accompagn\u00e9 que seul pour affronter le monde qui nous entoure. Dans ce r\u00e9cit, o\u00f9 la narration est faite \u00e0 la deuxi\u00e8me personne, l\u2019amiti\u00e9 est centrale, l\u2019amour est effleur\u00e9, et chaque phrase porte la trace d\u2019une po\u00e9sie du quotidien, d\u00e9licate et assum\u00e9e.<\/p>\n<p><strong>Parution:\u00a013\u00a0novembre 2025<\/strong><br \/><strong>ISBN : 9782898513602\u00a0<br \/><\/strong><strong>Prix : 24,95 $\u00a0<\/strong><\/p>\n<p>Depuis\u00a0Tu peux toujours courir\u00a0(2015),\u00a0<strong>Val\u00e9rie Chevalier<\/strong>\u00a0a publi\u00e9 huit romans \u00e0 l\u2019\u00e9criture fine et \u00e0 la narration dynamique. Tous ont \u00e9t\u00e9 acclam\u00e9s par le public et la critique; cinq ont d\u2019ailleurs fait l\u2019objet d\u2019une r\u00e9\u00e9dition au format poche. En plus de sa carri\u00e8re d\u2019\u00e9crivaine, Val\u00e9rie est animatrice, chroniqueuse et com\u00e9dienne. Laur\u00e9ate de trois prix G\u00e9meaux pour la meilleure animation jeunesse, cette artiste aux mille projets sait inspirer les gens par sa personnalit\u00e9 fonceuse et passionn\u00e9e.<\/p>\n","protected":false},"excerpt":{"rendered":"Avec\u00a0Antoinette,\u00a0Val\u00e9rie Chevalier\u00a0choisit de tendre l\u2019oreille \u00e0 celles qu\u2019on entend peu : les introverties, les discr\u00e8tes, celles \u00e0 qui&hellip;\n","protected":false},"author":2,"featured_media":450767,"comment_status":"","ping_status":"","sticky":false,"template":"","format":"standard","meta":{"footnotes":""},"categories":[1357],"tags":[1379,58,59,1011,27,1380],"class_list":{"0":"post-450766","1":"post","2":"type-post","3":"status-publish","4":"format-standard","5":"has-post-thumbnail","7":"category-livres","8":"tag-books","9":"tag-divertissement","10":"tag-entertainment","11":"tag-fr","12":"tag-france","13":"tag-livres"},"share_on_mastodon":{"url":"https:\/\/pubeurope.com\/@fr\/115345918757330509","error":""},"_links":{"self":[{"href":"https:\/\/www.europesays.com\/fr\/wp-json\/wp\/v2\/posts\/450766","targetHints":{"allow":["GET"]}}],"collection":[{"href":"https:\/\/www.europesays.com\/fr\/wp-json\/wp\/v2\/posts"}],"about":[{"href":"https:\/\/www.europesays.com\/fr\/wp-json\/wp\/v2\/types\/post"}],"author":[{"embeddable":true,"href":"https:\/\/www.europesays.com\/fr\/wp-json\/wp\/v2\/users\/2"}],"replies":[{"embeddable":true,"href":"https:\/\/www.europesays.com\/fr\/wp-json\/wp\/v2\/comments?post=450766"}],"version-history":[{"count":0,"href":"https:\/\/www.europesays.com\/fr\/wp-json\/wp\/v2\/posts\/450766\/revisions"}],"wp:featuredmedia":[{"embeddable":true,"href":"https:\/\/www.europesays.com\/fr\/wp-json\/wp\/v2\/media\/450767"}],"wp:attachment":[{"href":"https:\/\/www.europesays.com\/fr\/wp-json\/wp\/v2\/media?parent=450766"}],"wp:term":[{"taxonomy":"category","embeddable":true,"href":"https:\/\/www.europesays.com\/fr\/wp-json\/wp\/v2\/categories?post=450766"},{"taxonomy":"post_tag","embeddable":true,"href":"https:\/\/www.europesays.com\/fr\/wp-json\/wp\/v2\/tags?post=450766"}],"curies":[{"name":"wp","href":"https:\/\/api.w.org\/{rel}","templated":true}]}}