{"id":450774,"date":"2025-10-09T19:46:12","date_gmt":"2025-10-09T19:46:12","guid":{"rendered":"https:\/\/www.europesays.com\/fr\/450774\/"},"modified":"2025-10-09T19:46:12","modified_gmt":"2025-10-09T19:46:12","slug":"ce-medicament-pris-par-des-millions-de-francais-est-meme-dangereux","status":"publish","type":"post","link":"https:\/\/www.europesays.com\/fr\/450774\/","title":{"rendered":"ce m\u00e9dicament pris par des millions de Fran\u00e7ais est m\u00eame dangereux"},"content":{"rendered":"<p class=\"app_entry_lead\">\n<p>                    <a title=\"\u00a0\u00a9\u00a0123RF                        \" href=\"https:\/\/www.europesays.com\/fr\/wp-content\/uploads\/2025\/10\/81244152.jpg\" class=\"fancy\"><\/p>\n<p>                            <img loading=\"lazy\" decoding=\"async\" src=\"https:\/\/www.europesays.com\/fr\/wp-content\/uploads\/2025\/10\/81244152.jpg\" alt=\"&quot;Des avantages limit\u00e9s&quot;\u00a0: ce m\u00e9dicament pris par des millions de Fran\u00e7ais est m\u00eame dangereux\" width=\"1500\" height=\"1001\"\/><\/p>\n<p>                    <\/a><\/p>\n<p>                Des millions de Fran\u00e7ais prennent ce m\u00e9dicament, son efficacit\u00e9 est remise en cause par rapport aux risques av\u00e9r\u00e9s.<\/p>\n<p>Peu efficace et dangereux, c&rsquo;est tout l&rsquo;inverse de ce qu&rsquo;on souhaite quand on prend un m\u00e9dicament&#8230; C&rsquo;est pourtant la conclusion inqui\u00e9tante d&rsquo;une \u00e9tude sur un traitement tr\u00e8s prescrit contre la douleur. Plus de 5\u00a0millions de patients fran\u00e7ais le\u00a0prennent, d&rsquo;apr\u00e8s <a href=\"https:\/\/www.ameli.fr\/media\/50230\" target=\"_blank\" rel=\"noopener\">l&rsquo;Assurance maladie<\/a>.<\/p>\n<p>Des chercheurs danois ont r\u00e9alis\u00e9 la premi\u00e8re\u00a0synth\u00e8se d&rsquo;\u00e9tudes \u00ab\u00a0sur l&rsquo;utilisation du tramadol pour tout type de douleur chronique et comportant une \u00e9tude approfondie des effets ind\u00e9sirables\u00a0\u00bb. Leurs r\u00e9sultats, publi\u00e9s dans le <a href=\"https:\/\/ebm.bmj.com\/content\/early\/2025\/09\/26\/bmjebm-2025-114101\" target=\"_blank\" rel=\"noopener\">British Medical Journal<\/a>, remettent en cause son efficacit\u00e9, et alertent sur le risque d&rsquo;effets ind\u00e9sirables graves. Les auteurs de l&rsquo;\u00e9tude rapportent en effet des \u00ab\u00a0b\u00e9n\u00e9fices analg\u00e9siques limit\u00e9s et un\u00a0risque accru de pr\u00e9judice\u00a0\u00bb.\u00a0<\/p>\n<p><img decoding=\"async\" alt=\"\" src=\"https:\/\/www.europesays.com\/fr\/wp-content\/uploads\/2025\/10\/81245728.jpg\"\/><br \/>\n\u00a9\u00a0123RF <\/p>\n<p>Concernant son efficacit\u00e9, les chercheurs estiment que ce m\u00e9dicament peut seulement \u00ab\u00a0l\u00e9g\u00e8rement r\u00e9duire les niveaux de douleur\u00a0\u00bb, mais \u00ab\u00a0en dessous du seuil de diff\u00e9rence significative\u00a0\u00bb par rapport \u00e0 un placebo. Pourtant, il s&rsquo;agit\u00a0d&rsquo;un anti-douleur cens\u00e9 \u00eatre tr\u00e8s efficace, et il est d&rsquo;ailleurs r\u00e9serv\u00e9 au traitement des douleurs mod\u00e9r\u00e9es \u00e0 intenses.\u00a0<\/p>\n<p>L&rsquo;\u00e9tude a \u00e9galement mis en \u00e9vidence que le tramadol peut augmenter le risque d&rsquo;effets ind\u00e9sirables, dont certains graves comme des troubles cardiaques (maladies coronariennes, insuffisances cardiaques&#8230;). Ce risque d&rsquo;effets ind\u00e9sirables est deux fois plus \u00e9lev\u00e9 qu&rsquo;avec les placebos. Face \u00e0 ces r\u00e9sultats, les chercheurs estiment donc que \u00ab\u00a0les risques potentiels associ\u00e9s \u00e0 l&rsquo;utilisation du tramadol pour la gestion de la douleur l&#8217;emportent probablement sur ses avantages limit\u00e9s.\u00a0L&rsquo;utilisation du tramadol pour la douleur chronique devrait \u00eatre reconsid\u00e9r\u00e9e, en privil\u00e9giant des alternatives plus s\u00fbres\u00a0\u00bb.<\/p>\n<p>A <a href=\"https:\/\/edition.cnn.com\/2025\/10\/07\/health\/tramadol-opioid-chronic-pain-study-wellness\" target=\"_blank\" rel=\"noopener\">CNN<\/a>, le Dr Janus\u00a0Jakobsen, auteur principal de l&rsquo;\u00e9tude, a conseill\u00e9\u00a0\u00ab\u00a0aux patients de consulter leur m\u00e9decin afin de d\u00e9terminer le traitement le plus appropri\u00e9 \u00e0 leur \u00e9tat\u00a0\u00bb. Cette \u00e9tude est loin d&rsquo;\u00eatre la premi\u00e8re alerte sur le tramadol. De nombreuses mesures ont \u00e9t\u00e9 prises en France pour r\u00e9duire les risques de m\u00e9susages et d&rsquo;addiction comme une\u00a0dur\u00e9e maximale de prescription de 3\u00a0mois et une\u00a0ordonnance s\u00e9curis\u00e9e&#8230;<\/p>\n<p>Mais cet opio\u00efde reste risqu\u00e9.\u00a0C&rsquo;est m\u00eame l&rsquo;anti-douleur le plus impliqu\u00e9 dans des d\u00e9c\u00e8s li\u00e9s \u00e0 des antalgiques, devant la morphine et la cod\u00e9ine. Pour toutes ces raisons, il ne doit \u00eatre prescrit qu&rsquo;en deuxi\u00e8me intention, et apr\u00e8s que les alternatives ont \u00e9t\u00e9 \u00e9tudi\u00e9es. Le tramadol est malgr\u00e9 tout\u00a0\u00ab\u00a0l&rsquo;antalgique opio\u00efde le plus consomm\u00e9 en France\u00a0\u00bb d&rsquo;apr\u00e8s l&rsquo;Assurance maladie.\u00a0<\/p>\n","protected":false},"excerpt":{"rendered":"Des millions de Fran\u00e7ais prennent ce m\u00e9dicament, son efficacit\u00e9 est remise en cause par rapport aux risques av\u00e9r\u00e9s.&hellip;\n","protected":false},"author":2,"featured_media":450775,"comment_status":"","ping_status":"","sticky":false,"template":"","format":"standard","meta":{"footnotes":""},"categories":[10],"tags":[57655,51761,51763,1011,27,72,51979,16292,51767,71],"class_list":{"0":"post-450774","1":"post","2":"type-post","3":"status-publish","4":"format-standard","5":"has-post-thumbnail","7":"category-sante","8":"tag-cms-linternaute-8981193","9":"tag-controller-content","10":"tag-format-papier","11":"tag-fr","12":"tag-france","13":"tag-health","14":"tag-les-histoires-de-linternaute","15":"tag-medicaments","16":"tag-parallaxeinfeed","17":"tag-sante"},"share_on_mastodon":{"url":"https:\/\/pubeurope.com\/@fr\/115345934732500480","error":""},"_links":{"self":[{"href":"https:\/\/www.europesays.com\/fr\/wp-json\/wp\/v2\/posts\/450774","targetHints":{"allow":["GET"]}}],"collection":[{"href":"https:\/\/www.europesays.com\/fr\/wp-json\/wp\/v2\/posts"}],"about":[{"href":"https:\/\/www.europesays.com\/fr\/wp-json\/wp\/v2\/types\/post"}],"author":[{"embeddable":true,"href":"https:\/\/www.europesays.com\/fr\/wp-json\/wp\/v2\/users\/2"}],"replies":[{"embeddable":true,"href":"https:\/\/www.europesays.com\/fr\/wp-json\/wp\/v2\/comments?post=450774"}],"version-history":[{"count":0,"href":"https:\/\/www.europesays.com\/fr\/wp-json\/wp\/v2\/posts\/450774\/revisions"}],"wp:featuredmedia":[{"embeddable":true,"href":"https:\/\/www.europesays.com\/fr\/wp-json\/wp\/v2\/media\/450775"}],"wp:attachment":[{"href":"https:\/\/www.europesays.com\/fr\/wp-json\/wp\/v2\/media?parent=450774"}],"wp:term":[{"taxonomy":"category","embeddable":true,"href":"https:\/\/www.europesays.com\/fr\/wp-json\/wp\/v2\/categories?post=450774"},{"taxonomy":"post_tag","embeddable":true,"href":"https:\/\/www.europesays.com\/fr\/wp-json\/wp\/v2\/tags?post=450774"}],"curies":[{"name":"wp","href":"https:\/\/api.w.org\/{rel}","templated":true}]}}