{"id":450778,"date":"2025-10-09T19:48:13","date_gmt":"2025-10-09T19:48:13","guid":{"rendered":"https:\/\/www.europesays.com\/fr\/450778\/"},"modified":"2025-10-09T19:48:13","modified_gmt":"2025-10-09T19:48:13","slug":"le-rappeur-nekfeu-vise-par-une-information-judiciaire-apres-de-nouvelles-accusations-de-violences-sexuelles","status":"publish","type":"post","link":"https:\/\/www.europesays.com\/fr\/450778\/","title":{"rendered":"Le rappeur Nekfeu vis\u00e9 par une information judiciaire apr\u00e8s de nouvelles accusations de violences sexuelles"},"content":{"rendered":"<p>                          <img loading=\"lazy\" decoding=\"async\" src=\"https:\/\/www.europesays.com\/fr\/wp-content\/uploads\/2025\/10\/c1cf4e4_ftp-import-images-1-m2dkr7kuvro8-5123622-01-06.jpg\" alt=\"Le rappeur fran\u00e7ais Nekfeu, \u00e0 Paris, le 7\u00a0juillet\u00a02015. \"   width=\"664\" height=\"443\"\/>    Le rappeur fran\u00e7ais Nekfeu, \u00e0 Paris, le 7\u00a0juillet\u00a02015.  MATTHIEU ALEXANDRE \/ AFP                          <\/p>\n<p class=\"article__paragraph  \">Un juge d\u2019instruction va enqu\u00eater sur les violences sexuelles dont est accus\u00e9 le rappeur Nekfeu par une ancienne \u00e9pouse, a appris l\u2019Agence France-Presse (AFP) de source proche du dossier jeudi 9\u00a0octobre, confirmant une information de <a href=\"https:\/\/www.liberation.fr\/societe\/police-justice\/affaire-nekfeu-une-information-judiciaire-ouverte-contre-le-rappeur-accuse-de-viols-et-violences-20251009_AXV3OW4HHVB6XNU7JLV73UEGXA\/\" target=\"_blank\" rel=\"noopener nofollow\" title=\"Nouvelle fen\u00eatre\">Lib\u00e9ration<\/a>. Au cours de cette investigation, ce juge peut d\u00e9cider de mettre l\u2019artiste en examen ou non.<\/p>\n<p class=\"article__paragraph  \">Nekfeu avait \u00e9t\u00e9 <a href=\"https:\/\/www.lemonde.fr\/societe\/article\/2025\/10\/01\/le-rappeur-nekfeu-sort-libre-de-sa-garde-a-vue-pour-viol-agressions-sexuelles-et-violences-habituelles-sur-son-ex-compagne_6643987_3224.html\" rel=\"nofollow noopener\" target=\"_blank\">plac\u00e9 la semaine du 29\u00a0septembre au 5\u00a0octobre en garde \u00e0 vue <\/a>dans le cadre d\u2019investigations pour des faits de viol, agressions sexuelles et violences habituelles sur conjoint d\u00e9nonc\u00e9s par son ancienne compagne, avant d\u2019\u00eatre remis en libert\u00e9.<\/p>\n<p class=\"article__paragraph  \">\u00ab\u00a0L\u2019information judiciaire appara\u00eet \u00eatre le cadre le plus adapt\u00e9 pour examiner les paroles des deux \u00e9poux, les tr\u00e8s nombreuses pi\u00e8ces et plainte produites par M.\u00a0Samaras [nom officiel du rappeur]\u00a0\u00bb, a comment\u00e9 pour l\u2019AFP Marie-Alix Canu-Bernard, avocate du rappeur.<\/p>\n<p class=\"article__paragraph  \">Cette information judiciaire permettra aussi d\u2019\u00ab\u00a0examiner l\u2019authenticit\u00e9 des pi\u00e8ces produites par madame, mais surtout d\u2019assainir tout ce qui se dit \u00e0 l\u2019initiative de celle-ci dans la presse et sur les r\u00e9seaux depuis de trop longs mois\u00a0\u00bb, a compl\u00e9t\u00e9 Marie-Alix Canu-Bernard.<\/p>\n<p class=\"article__paragraph  \">Les avocats de la plaignante, William Bourdon, Rebecca Royer et Hannah Kopp, ont fait savoir que l\u2019ouverture de cette information judiciaire \u00ab\u00a0constitue une cons\u00e9quence absolument coh\u00e9rente au regard des lourdes charges d\u00e9j\u00e0 r\u00e9unies \u00e0 l\u2019encontre de M.\u00a0Ken Samaras\u00a0\u00bb.<\/p>\n<p class=\"article__paragraph  \">Le parquet de Paris, sollicit\u00e9 par l\u2019AFP, n\u2019a pas donn\u00e9 suite pour l\u2019heure. Il avait class\u00e9 sans suite, entre septembre\u00a02023 et mai\u00a02024, trois plaintes successives de son ex-\u00e9pouse pour viol, violence et harc\u00e8lement.<\/p>\n<p class=\"article__paragraph  \">La garde \u00e0 vue de la semaine 29\u00a0septembre au 5\u00a0octobre s\u2019inscrivait dans le cadre d\u2019une nouvelle plainte d\u00e9pos\u00e9e par cette femme pour les m\u00eames faits, selon des sources proches du dossier.<\/p>\n<p>                                       Lire aussi l\u2019enqu\u00eate |  Article r\u00e9serv\u00e9 \u00e0 nos abonn\u00e9s  <a href=\"https:\/\/www.lemonde.fr\/societe\/article\/2025\/01\/28\/le-rappeur-nekfeu-accuse-de-violences-sur-fond-de-conflit-de-garde-la-justice-face-a-la-these-du-controle-coercitif_6520531_3224.html\" class=\"js-article-read-also catcher--favoris__link\" data-premium=\"1\" id=\"article-title-3407166\" rel=\"nofollow noopener\" target=\"_blank\">Le rappeur Nekfeu accus\u00e9 de violences, sur fond de conflit de garde\u00a0: la justice face \u00e0 la th\u00e8se du \u00ab\u00a0contr\u00f4le coercitif\u00a0\u00bb<\/a>    <\/p>\n<p>   Lire plus tard  <\/p>\n<p class=\"author__detail\">  Le Monde avec AFP  <\/p>\n<p>                  <a href=\"https:\/\/www.lemonde.fr\/syndication\/\" class=\"reuse__content\" title=\"R\u00e9utiliser ce contenu\" target=\"_blank\" rel=\"nofollow noopener\">R\u00e9utiliser ce contenu<\/a>      <\/p>\n","protected":false},"excerpt":{"rendered":"Le rappeur fran\u00e7ais Nekfeu, \u00e0 Paris, le 7\u00a0juillet\u00a02015. MATTHIEU ALEXANDRE \/ AFP Un juge d\u2019instruction va enqu\u00eater sur&hellip;\n","protected":false},"author":2,"featured_media":450779,"comment_status":"","ping_status":"","sticky":false,"template":"","format":"standard","meta":{"footnotes":""},"categories":[8],"tags":[58,59,1011,27],"class_list":{"0":"post-450778","1":"post","2":"type-post","3":"status-publish","4":"format-standard","5":"has-post-thumbnail","7":"category-divertissement","8":"tag-divertissement","9":"tag-entertainment","10":"tag-fr","11":"tag-france"},"share_on_mastodon":{"url":"https:\/\/pubeurope.com\/@fr\/115345943108491063","error":""},"_links":{"self":[{"href":"https:\/\/www.europesays.com\/fr\/wp-json\/wp\/v2\/posts\/450778","targetHints":{"allow":["GET"]}}],"collection":[{"href":"https:\/\/www.europesays.com\/fr\/wp-json\/wp\/v2\/posts"}],"about":[{"href":"https:\/\/www.europesays.com\/fr\/wp-json\/wp\/v2\/types\/post"}],"author":[{"embeddable":true,"href":"https:\/\/www.europesays.com\/fr\/wp-json\/wp\/v2\/users\/2"}],"replies":[{"embeddable":true,"href":"https:\/\/www.europesays.com\/fr\/wp-json\/wp\/v2\/comments?post=450778"}],"version-history":[{"count":0,"href":"https:\/\/www.europesays.com\/fr\/wp-json\/wp\/v2\/posts\/450778\/revisions"}],"wp:featuredmedia":[{"embeddable":true,"href":"https:\/\/www.europesays.com\/fr\/wp-json\/wp\/v2\/media\/450779"}],"wp:attachment":[{"href":"https:\/\/www.europesays.com\/fr\/wp-json\/wp\/v2\/media?parent=450778"}],"wp:term":[{"taxonomy":"category","embeddable":true,"href":"https:\/\/www.europesays.com\/fr\/wp-json\/wp\/v2\/categories?post=450778"},{"taxonomy":"post_tag","embeddable":true,"href":"https:\/\/www.europesays.com\/fr\/wp-json\/wp\/v2\/tags?post=450778"}],"curies":[{"name":"wp","href":"https:\/\/api.w.org\/{rel}","templated":true}]}}