{"id":450782,"date":"2025-10-09T19:50:14","date_gmt":"2025-10-09T19:50:14","guid":{"rendered":"https:\/\/www.europesays.com\/fr\/450782\/"},"modified":"2025-10-09T19:50:14","modified_gmt":"2025-10-09T19:50:14","slug":"les-collectivites-locales-voient-la-balance-pencher-vers-les-contractuels-a-cause-de-la-cnracl","status":"publish","type":"post","link":"https:\/\/www.europesays.com\/fr\/450782\/","title":{"rendered":"les collectivit\u00e9s locales voient la balance pencher vers les contractuels \u00e0 cause de la CNRACL"},"content":{"rendered":"\n<p>Les maires et pr\u00e9sidents d\u2019intercommunalit\u00e9 recalculent chaque embauche, tant les charges sociales grimpent et rebattent les cartes. La <strong>hausse des cotisations \u00e0 la CNRACL<\/strong> s\u2019ajoute aux revalorisations et alourdit les enveloppes de personnel.<\/p>\n<p>\u00c0 poste \u00e9quivalent, la facture d\u2019un titulaire s\u2019\u00e9carte de celle d\u2019un contractuel, avec des \u00e9carts qui atteignent plusieurs points de masse salariale. Cette tension rench\u00e9rit le <strong>co\u00fbt du recrutement public<\/strong> pour les communes et complique l\u2019<strong>arbitrage entre fonctionnaires et contractuels<\/strong>, au risque de repousser des ouvertures de postes.<\/p>\n<p>     Ce que la hausse des cotisations \u00e0 la CNRACL change dans les budgets locaux    <\/p>\n<p>Adelyce signale une trajectoire de hausse de la cotisation employeur CNRACL : +3 points en 2026, puis +12 points cumul\u00e9s \u00e0 l\u2019horizon 2028. Pour un salaire brut de 2 500 euros, l\u2019employeur paye aujourd\u2019hui 3 533 euros pour un titulaire et 3 535 euros pour un contractuel. Les versements retraite repr\u00e9sentent d\u00e9j\u00e0 658 euros pour l\u2019agent titulaire.<\/p>\n<p>La progression attendue reconfigure l\u2019<strong>impact des budgets locaux<\/strong>, car en 2026 le co\u00fbt mensuel d\u2019un fonctionnaire monterait \u00e0 3 583 euros contre 3 535 euros pour un contractuel. Ces \u00e9carts, m\u00eame modestes au d\u00e9part, amplifient les <strong>charges sociales de l\u2019employeur<\/strong> et obligent \u00e0 r\u00e9viser les trajectoires de d\u00e9penses d\u00e8s les prochains exercices.<\/p>\n<p>        Fonctionnaires ou contractuels, l\u2019\u00e9cart de co\u00fbt se creuse    <\/p>\n<p>\u00c0 salaire \u00e9gal (2 500 euros brut), Adelyce calcule un \u201cco\u00fbt\u201d de 3 533 euros pour un titulaire, 3 535 euros pour un contractuel, ces derniers relevant du <strong>r\u00e9gime g\u00e9n\u00e9ral de retraite<\/strong>. En 2026, l\u2019\u00e9cart serait de 48 euros par mois en d\u00e9faveur des titulaires, et il gonflerait au fil des hausses programm\u00e9es.<\/p>\n<p>Au 1er janvier 2028, l\u2019\u00e9diteur anticipe un <strong>surco\u00fbt pour les agents titulaires<\/strong> de 148 euros mensuels, avec des diff\u00e9rentiels de 4,19 % pour la <strong>cat\u00e9gorie C et A<\/strong> \u00e0 1,85 % selon les grilles. Le \u201c<strong>co\u00fbt total pour l\u2019employeur<\/strong>\u201d pencherait vers le recours aux contractuels, ce qui modifierait les arbitrages de recrutement dans les collectivit\u00e9s.<\/p>\n<p>    Recrutements et continuit\u00e9 du service, des arbitrages plus d\u00e9licats    <\/p>\n<p>Dans un rapport de septembre 2024, les inspections alertent sur un risque de substitution des postes statutaires au profit de contractuels. \u00c0 l\u2019Assembl\u00e9e nationale en mai, St\u00e9phane Delautrette a point\u00e9 des \u201ceffets pervers\u201d possibles pour la <strong>continuit\u00e9 du service public<\/strong>, si les choix budg\u00e9taires prenaient le pas sur la logique statutaire.<\/p>\n<p>Emmanuel Rousset (France urbaine) a \u00e9voqu\u00e9 qu\u2019en 2028 la contribution pourrait approcher \u201c400 euros de plus par mois\u201d pour un agent de cat\u00e9gorie C. Cette perspective nourrit des <strong>tensions des ressources humaines<\/strong> et des d\u00e9cisions sociales plus fines, tant sur le maintien des \u00e9quipes que sur l\u2019attractivit\u00e9 des postes territoriaux.<\/p>\n<p>    Des pistes pour r\u00e9\u00e9quilibrer le financement sans p\u00e9naliser les statuts    <\/p>\n<p>Plusieurs employeurs territoriaux soutiennent l\u2019id\u00e9e d\u2019une <strong>taxe sur la masse salariale<\/strong> des contractuels affect\u00e9e au r\u00e9gime, afin de participer au redressement de la CNRACL. Les inspections y voient une voie pour r\u00e9partir l\u2019effort et att\u00e9nuer le d\u00e9savantage financier port\u00e9 par les titulaires.<\/p>\n<p>Ce m\u00e9canisme prendrait la forme d\u2019une <strong>contribution additionnelle \u00e0 la CNRACL<\/strong> d\u00e9di\u00e9e \u00e0 l\u2019\u00e9quilibre des retraites, tout en pr\u00e9servant la <strong>neutralit\u00e9 du choix statutaire<\/strong> dans les recrutements. L\u2019objectif : \u00e9viter que la seule dynamique de cotisations oriente les d\u00e9cisions, et maintenir des services de proximit\u00e9 robustes malgr\u00e9 la hausse pr\u00e9vue en 2026 et 2028.<\/p>\n","protected":false},"excerpt":{"rendered":"Les maires et pr\u00e9sidents d\u2019intercommunalit\u00e9 recalculent chaque embauche, tant les charges sociales grimpent et rebattent les cartes. La&hellip;\n","protected":false},"author":2,"featured_media":450783,"comment_status":"","ping_status":"","sticky":false,"template":"","format":"standard","meta":{"footnotes":""},"categories":[6],"tags":[35,33,34,1011,27],"class_list":{"0":"post-450782","1":"post","2":"type-post","3":"status-publish","4":"format-standard","5":"has-post-thumbnail","7":"category-economie","8":"tag-business","9":"tag-economie","10":"tag-economy","11":"tag-fr","12":"tag-france"},"share_on_mastodon":{"url":"https:\/\/pubeurope.com\/@fr\/115345950626351186","error":""},"_links":{"self":[{"href":"https:\/\/www.europesays.com\/fr\/wp-json\/wp\/v2\/posts\/450782","targetHints":{"allow":["GET"]}}],"collection":[{"href":"https:\/\/www.europesays.com\/fr\/wp-json\/wp\/v2\/posts"}],"about":[{"href":"https:\/\/www.europesays.com\/fr\/wp-json\/wp\/v2\/types\/post"}],"author":[{"embeddable":true,"href":"https:\/\/www.europesays.com\/fr\/wp-json\/wp\/v2\/users\/2"}],"replies":[{"embeddable":true,"href":"https:\/\/www.europesays.com\/fr\/wp-json\/wp\/v2\/comments?post=450782"}],"version-history":[{"count":0,"href":"https:\/\/www.europesays.com\/fr\/wp-json\/wp\/v2\/posts\/450782\/revisions"}],"wp:featuredmedia":[{"embeddable":true,"href":"https:\/\/www.europesays.com\/fr\/wp-json\/wp\/v2\/media\/450783"}],"wp:attachment":[{"href":"https:\/\/www.europesays.com\/fr\/wp-json\/wp\/v2\/media?parent=450782"}],"wp:term":[{"taxonomy":"category","embeddable":true,"href":"https:\/\/www.europesays.com\/fr\/wp-json\/wp\/v2\/categories?post=450782"},{"taxonomy":"post_tag","embeddable":true,"href":"https:\/\/www.europesays.com\/fr\/wp-json\/wp\/v2\/tags?post=450782"}],"curies":[{"name":"wp","href":"https:\/\/api.w.org\/{rel}","templated":true}]}}