{"id":450786,"date":"2025-10-09T19:52:11","date_gmt":"2025-10-09T19:52:11","guid":{"rendered":"https:\/\/www.europesays.com\/fr\/450786\/"},"modified":"2025-10-09T19:52:11","modified_gmt":"2025-10-09T19:52:11","slug":"macron-a-lheure-de-la-enieme-designation-dun-premier-ministre","status":"publish","type":"post","link":"https:\/\/www.europesays.com\/fr\/450786\/","title":{"rendered":"Macron \u00e0 l\u2019heure de la \u00e9ni\u00e8me d\u00e9signation d\u2019un premier ministre"},"content":{"rendered":"<p>\n    <strong>R\u00c9CIT &#8211; <\/strong>Le chef de l\u2019\u00c9tat envisage, entre autres options, de reconduire ce vendredi S\u00e9bastien Lecornu \u00e0 la t\u00eate d\u2019une \u00e9quipe renouvel\u00e9e. Un sc\u00e9nario qui traduirait son ent\u00eatement \u00e0 vouloir garder la main.<\/p>\n<p class=\"fig-paragraph\">\u00ab\u00a0Le probl\u00e8me de Macron, c\u2019est qu\u2019avec lui, tout va toujours tr\u00e8s bien.\u00a0\u00bb Ainsi soupire l\u2019un des interlocuteurs r\u00e9guliers du pr\u00e9sident de la R\u00e9publique, stup\u00e9fait par l\u2019attitude d\u00e9sinvolte de l\u2019int\u00e9ress\u00e9 alors que\u00a0<a href=\"https:\/\/www.lefigaro.fr\/politique\/dossier\/crise-politique\" target=\"_blank\" data-fig-type=\"Topic\" rel=\"sponsored noopener nofollow\" data-gtm-custom-categorie=\"navigation\" data-gtm-custom-action=\"crossclick\" data-gtm-custom-label=\"Contextuel\" data-gtm-event=\"customEventSPE\" data-fig-domain=\"LEFIGARO\">la crise politique<\/a>\u00a0prend des proportions dantesques. Un gouvernement a tenu \u00e0 peine plus d\u2019une nuit, conduisant \u00e0 la d\u00e9mission de S\u00e9bastien Lecornu en d\u00e9but de semaine. Ce dernier a tent\u00e9 d\u2019ultimes tractations avec les forces politiques, avant d\u2019en livrer\u00a0<a href=\"http:\/\/www.lefigaro.fr\/politique\/tout-ca-pour-ca-grotesque-macronisme-a-l-agonie-les-oppositions-inflexibles-apres-l-intervention-de-lecornu-20251008\" data-fig-type=\"NewsFlash\" data-gtm-custom-categorie=\"navigation\" data-gtm-custom-action=\"crossclick\" data-gtm-custom-label=\"Contextuel\" data-gtm-event=\"customEventSPE\" data-fig-domain=\"LEFIGARO\" rel=\"nofollow noopener\" target=\"_blank\">le r\u00e9sultat fam\u00e9lique \u00e0 la t\u00e9l\u00e9vision mercredi soir<\/a>. R\u00e9sultat\u00a0: ce vendredi, le chef de l\u2019\u00c9tat s\u2019appr\u00eate \u00e0 nommer un premier ministre pour la cinqui\u00e8me fois en \u00e0 peine plus d\u2019un an et demi. Un chiffre qui r\u00e9sume, \u00e0 lui tout seul, \u00e0 quel point son deuxi\u00e8me quinquennat a d\u00e9raill\u00e9.<\/p>\n<p class=\"fig-paragraph\">Dans ce genre de moment encore plus que dans d\u2019autres, Emmanuel Macron a l\u2019habitude de faire comme si de rien n\u2019\u00e9tait. Jeudi soir, il comptait sur la solennit\u00e9 de\u00a0<a href=\"http:\/\/www.lefigaro.fr\/actualite-france\/pantheonisation-de-robert-badinter-comment-va-se-derouler-la-ceremonie-20251008\" data-fig-type=\"NewsFlash\" data-gtm-custom-categorie=\"navigation\" data-gtm-custom-action=\"crossclick\" data-gtm-custom-label=\"Contextuel\" data-gtm-event=\"customEventSPE\" data-fig-domain=\"LEFIGARO\" rel=\"nofollow noopener\" target=\"_blank\">l\u2019entr\u00e9e au Panth\u00e9on de Robert Badinter<\/a>\u00a0pour tenter de se placer au-dessus de la\u2026<\/p>\n<p class=\"fig-premium-paywall__infos\">\n        Cet article est r\u00e9serv\u00e9 aux abonn\u00e9s.        Il vous reste 85% \u00e0 d\u00e9couvrir.\n    <\/p>\n<p>                <img  data- alt=\"Le Figaro\" class=\"fig-img--complete fig-img\"\/><\/p>\n<p class=\"fig-premium-paywall__title\">J-100, Le Figaro f\u00eate ses 200 ans<\/p>\n<p class=\"fig-premium-paywall__subtitle\">Offre anniversaire : 2\u20ac\/mois pendant 200 semaines<\/p>\n<p class=\"fig-premium-paywall__connect\">\n                D\u00e9j\u00e0 abonn\u00e9\u00a0?                <a class=\"fig-premium-paywall__connect-link\" href=\"https:\/\/connect.lefigaro.fr\/login?client=horizon_web&amp;type=main&amp;redirect_uri=https%3A%2F%2Fwww.lefigaro.fr%2Fpolitique%2Fla-grande-tentation-c-est-lecornu-2-macron-a-l-heure-de-la-enieme-designation-d-un-premier-ministre-20251009\" data-js-gtm=\"{&quot;customCategorie&quot;: &quot;conversion&quot;, &quot;customAction&quot;: &quot;before_Landing_Connexion_paywall_auto&quot;, &quot;customLabel&quot;: &quot;bGVmaWdhcm8uZnJfXzFmMGE1MTlkLTg0YmQtNjI2Yy05MDVmLTI1NTAzMWNiMDAwNl9fQXJ0aWNsZQ==_\u00abLa grande tentation, c\u2019est Lecornu 2\u00bb\u00a0: Macron \u00e0 l\u2019heure de la \u00e9ni\u00e8me d\u00e9signation d\u2019un premier ministre_241&quot;, &quot;customIDSPE&quot;: &quot;bGVmaWdhcm8uZnJfXzFmMGE1MTlkLTg0YmQtNjI2Yy05MDVmLTI1NTAzMWNiMDAwNl9fQXJ0aWNsZQ==&quot;, &quot;event&quot;: &quot;customEventSPE&quot;}\" rel=\"nofollow noopener\" target=\"_blank\"><br \/>\n                    Connectez-vous<br \/>\n                <\/a>\n            <\/p>\n","protected":false},"excerpt":{"rendered":"R\u00c9CIT &#8211; Le chef de l\u2019\u00c9tat envisage, entre autres options, de reconduire ce vendredi S\u00e9bastien Lecornu \u00e0 la&hellip;\n","protected":false},"author":2,"featured_media":450787,"comment_status":"","ping_status":"","sticky":false,"template":"","format":"standard","meta":{"footnotes":""},"categories":[4],"tags":[11,1073,1011,27,12,25],"class_list":{"0":"post-450786","1":"post","2":"type-post","3":"status-publish","4":"format-standard","5":"has-post-thumbnail","7":"category-france","8":"tag-actualites","9":"tag-emmanuel-macron","10":"tag-fr","11":"tag-france","12":"tag-news","13":"tag-republique-francaise"},"share_on_mastodon":{"url":"https:\/\/pubeurope.com\/@fr\/115345958166163965","error":""},"_links":{"self":[{"href":"https:\/\/www.europesays.com\/fr\/wp-json\/wp\/v2\/posts\/450786","targetHints":{"allow":["GET"]}}],"collection":[{"href":"https:\/\/www.europesays.com\/fr\/wp-json\/wp\/v2\/posts"}],"about":[{"href":"https:\/\/www.europesays.com\/fr\/wp-json\/wp\/v2\/types\/post"}],"author":[{"embeddable":true,"href":"https:\/\/www.europesays.com\/fr\/wp-json\/wp\/v2\/users\/2"}],"replies":[{"embeddable":true,"href":"https:\/\/www.europesays.com\/fr\/wp-json\/wp\/v2\/comments?post=450786"}],"version-history":[{"count":0,"href":"https:\/\/www.europesays.com\/fr\/wp-json\/wp\/v2\/posts\/450786\/revisions"}],"wp:featuredmedia":[{"embeddable":true,"href":"https:\/\/www.europesays.com\/fr\/wp-json\/wp\/v2\/media\/450787"}],"wp:attachment":[{"href":"https:\/\/www.europesays.com\/fr\/wp-json\/wp\/v2\/media?parent=450786"}],"wp:term":[{"taxonomy":"category","embeddable":true,"href":"https:\/\/www.europesays.com\/fr\/wp-json\/wp\/v2\/categories?post=450786"},{"taxonomy":"post_tag","embeddable":true,"href":"https:\/\/www.europesays.com\/fr\/wp-json\/wp\/v2\/tags?post=450786"}],"curies":[{"name":"wp","href":"https:\/\/api.w.org\/{rel}","templated":true}]}}