{"id":450788,"date":"2025-10-09T19:53:28","date_gmt":"2025-10-09T19:53:28","guid":{"rendered":"https:\/\/www.europesays.com\/fr\/450788\/"},"modified":"2025-10-09T19:53:28","modified_gmt":"2025-10-09T19:53:28","slug":"la-turquie-legypte-et-le-qatar-vont-aider-israel-et-les-etats-unis-a-localiser-les-corps-des-otages-liberation","status":"publish","type":"post","link":"https:\/\/www.europesays.com\/fr\/450788\/","title":{"rendered":"la Turquie, l\u2019Egypte et le Qatar vont aider Isra\u00ebl et les Etats-Unis \u00e0 localiser les corps des otages \u2013 Lib\u00e9ration"},"content":{"rendered":"<p class=\"sc-cPiKLX AiZTS text-element\">Une force internationale va \u00eatre mise sur pied avec pour mission de <a href=\"https:\/\/www.liberation.fr\/international\/moyen-orient\/accord-de-cessez-le-feu-a-gaza-en-israel-champagne-sur-la-place-des-otages-avant-une-reunion-sous-tension-du-gouvernement-netanyahou-20251009_XVMNVZX6OBBAFHPMUNA4Q4OHXI\/\" target=\"_blank\" rel=\"nofollow noopener\" title=\"https:\/\/www.liberation.fr\/international\/moyen-orient\/accord-de-cessez-le-feu-a-gaza-en-israel-champagne-sur-la-place-des-otages-avant-une-reunion-sous-tension-du-gouvernement-netanyahou-20251009_XVMNVZX6OBBAFHPMUNA4Q4OHXI\/\">localiser et r\u00e9cup\u00e9rer les corps des otages isra\u00e9liens<\/a>, diss\u00e9min\u00e9s dans la bande de Gaza. Selon le quotidien isra\u00e9lien Haaretz, qui s\u2019appuie sur une source turque cit\u00e9e par <a href=\"https:\/\/www.aljazeera.net\/news\/liveblog\/2025\/10\/9\/%D8%B9%D8%A7%D9%85%D8%A7%D9%86-%D8%B9%D9%84%D9%89-%D8%A7%D9%84%D8%A5%D8%A8%D8%A7%D8%AF%D8%A9-%D8%AA%D8%B1%D8%A7%D9%85%D8%A8-%D9%8A%D8%B4%D9%8A%D8%B1-%D9%84%D8%A7%D8%AA%D9%81%D8%A7%D9%82\" target=\"_blank\" rel=\"nofollow noopener\" title=\"https:\/\/www.aljazeera.net\/news\/liveblog\/2025\/10\/9\/%D8%B9%D8%A7%D9%85%D8%A7%D9%86-%D8%B9%D9%84%D9%89-%D8%A7%D9%84%D8%A5%D8%A8%D8%A7%D8%AF%D8%A9-%D8%AA%D8%B1%D8%A7%D9%85%D8%A8-%D9%8A%D8%B4%D9%8A%D8%B1-%D9%84%D8%A7%D8%AA%D9%81%D8%A7%D9%82\">Al-Jazeera<\/a>, cette op\u00e9ration va \u00eatre men\u00e9e par les pays m\u00e9diateurs dans le territoire palestinien en ruine. <\/p>\n<p class=\"sc-cPiKLX AiZTS text-element\">Cr\u00e9\u00e9e ce jeudi 9 octobre en marge des pourparlers de cessez-le-feu qui se sont d\u00e9roul\u00e9s \u00e0 <a href=\"https:\/\/www.liberation.fr\/international\/moyen-orient\/a-charm-el-cheikh-le-mysterieux-hotel-ou-le-hamas-et-israel-negocient-20251008_X6FEUJD5FZH47F4SJNPA2BL4V4\/\" target=\"_blank\" rel=\"nofollow noopener\" title=\"https:\/\/www.liberation.fr\/international\/moyen-orient\/a-charm-el-cheikh-le-mysterieux-hotel-ou-le-hamas-et-israel-negocient-20251008_X6FEUJD5FZH47F4SJNPA2BL4V4\/\">Charm el-Cheikh en Egypte<\/a>, cette force va \u00eatre compos\u00e9e de repr\u00e9sentants d\u2019Isra\u00ebl, des Etats-Unis, de la Turquie, de l\u2019Egypte et du Qatar. Ils vont d\u00e9p\u00eacher de la logistique, mais aussi du personnel, pour appuyer la Croix-Rouge. Cette force, d\u00e9j\u00e0 dot\u00e9e d\u2019un budget, doit \u00e9galement fournir \u00e0 Isra\u00ebl et aux Etats-Unis des renseignements pour mieux localiser les d\u00e9pouilles des <a href=\"https:\/\/www.liberation.fr\/international\/moyen-orient\/dans-un-tunnel-sombre-entoure-des-bruits-de-la-guerre-david-cunio-enleve-avec-toute-sa-famille-le-7-octobre-2023-20251009_UFJUWXJ42NF5FNB3W34OHO4GNM\/\" target=\"_blank\" rel=\"nofollow noopener\" title=\"https:\/\/www.liberation.fr\/international\/moyen-orient\/dans-un-tunnel-sombre-entoure-des-bruits-de-la-guerre-david-cunio-enleve-avec-toute-sa-famille-le-7-octobre-2023-20251009_UFJUWXJ42NF5FNB3W34OHO4GNM\/\">otages<\/a>. <\/p>\n<p class=\"sc-cPiKLX AiZTS text-element\">\u00abParce que nous anticipons des difficult\u00e9s, nous avons mis en place une force d\u2019intervention internationale dot\u00e9e de toutes les ressources n\u00e9cessaires [\u2026] pour rapatrier les otages en Isra\u00ebl\u00bb, a expliqu\u00e9 Gal Hirsch, coordinateur isra\u00e9lien pour les otages et les personnes disparues et membre de l\u2019\u00e9quipe de n\u00e9gociation isra\u00e9lienne. <\/p>\n<p class=\"sc-cPiKLX AiZTS text-element\">Lors des n\u00e9gociations, des repr\u00e9sentants du Hamas ont en effet indiqu\u00e9 qu\u2019ils pourraient avoir des difficult\u00e9s \u00e0 restituer tous les corps dans le d\u00e9lai de soixante-douze heures fix\u00e9 par l\u2019accord. Les responsables isra\u00e9liens ont pris acte, mais ont aussi estim\u00e9 qu\u2019\u00e0 terme, toutes les d\u00e9pouilles pourraient finalement \u00eatre r\u00e9cup\u00e9r\u00e9es.<\/p>\n<p class=\"sc-cPiKLX AiZTS text-element\">Mercredi dans la soir\u00e9e, trois responsables isra\u00e9liens ont expliqu\u00e9 \u00e0 la cha\u00eene am\u00e9ricaine <a href=\"https:\/\/edition.cnn.com\/world\/live-news\/israel-hamas-gaza-ceasefire-agreement-10-09-25\" target=\"_blank\" rel=\"nofollow noopener\" title=\"https:\/\/edition.cnn.com\/world\/live-news\/israel-hamas-gaza-ceasefire-agreement-10-09-25\">CNN<\/a> que cela fait \u00abdes mois\u00bb que le Premier ministre N\u00e9tanyahou est au courant de cette probl\u00e9matique. Selon The Times of Israel, un autre responsable isra\u00e9lien a m\u00eame pr\u00e9cis\u00e9 que ce sont sept \u00e0 neuf corps qui pourraient ne pas \u00eatre r\u00e9cup\u00e9r\u00e9s \u00e0 temps. Gal Hirsch a averti : \u00abNous n\u2019aurons de cesse que tous les otages ne soient de retour parmi nous.\u00bb <\/p>\n","protected":false},"excerpt":{"rendered":"Une force internationale va \u00eatre mise sur pied avec pour mission de localiser et r\u00e9cup\u00e9rer les corps des&hellip;\n","protected":false},"author":2,"featured_media":450789,"comment_status":"","ping_status":"","sticky":false,"template":"","format":"standard","meta":{"footnotes":""},"categories":[2],"tags":[11,4303,73,1011,27,3517,664,3523,12,3518,1463,3496],"class_list":{"0":"post-450788","1":"post","2":"type-post","3":"status-publish","4":"format-standard","5":"has-post-thumbnail","7":"category-actualites","8":"tag-actualites","9":"tag-egypte","10":"tag-etats-unis","11":"tag-fr","12":"tag-france","13":"tag-gaza-l-escalade","14":"tag-israel","15":"tag-israel-palestine-conflit","16":"tag-news","17":"tag-palestine","18":"tag-qatar","19":"tag-turquie"},"share_on_mastodon":{"url":"https:\/\/pubeurope.com\/@fr\/115345962086721458","error":""},"_links":{"self":[{"href":"https:\/\/www.europesays.com\/fr\/wp-json\/wp\/v2\/posts\/450788","targetHints":{"allow":["GET"]}}],"collection":[{"href":"https:\/\/www.europesays.com\/fr\/wp-json\/wp\/v2\/posts"}],"about":[{"href":"https:\/\/www.europesays.com\/fr\/wp-json\/wp\/v2\/types\/post"}],"author":[{"embeddable":true,"href":"https:\/\/www.europesays.com\/fr\/wp-json\/wp\/v2\/users\/2"}],"replies":[{"embeddable":true,"href":"https:\/\/www.europesays.com\/fr\/wp-json\/wp\/v2\/comments?post=450788"}],"version-history":[{"count":0,"href":"https:\/\/www.europesays.com\/fr\/wp-json\/wp\/v2\/posts\/450788\/revisions"}],"wp:featuredmedia":[{"embeddable":true,"href":"https:\/\/www.europesays.com\/fr\/wp-json\/wp\/v2\/media\/450789"}],"wp:attachment":[{"href":"https:\/\/www.europesays.com\/fr\/wp-json\/wp\/v2\/media?parent=450788"}],"wp:term":[{"taxonomy":"category","embeddable":true,"href":"https:\/\/www.europesays.com\/fr\/wp-json\/wp\/v2\/categories?post=450788"},{"taxonomy":"post_tag","embeddable":true,"href":"https:\/\/www.europesays.com\/fr\/wp-json\/wp\/v2\/tags?post=450788"}],"curies":[{"name":"wp","href":"https:\/\/api.w.org\/{rel}","templated":true}]}}