{"id":450794,"date":"2025-10-09T19:56:33","date_gmt":"2025-10-09T19:56:33","guid":{"rendered":"https:\/\/www.europesays.com\/fr\/450794\/"},"modified":"2025-10-09T19:56:33","modified_gmt":"2025-10-09T19:56:33","slug":"dominik-moll-presente-son-film-dossier-137-au-cameo","status":"publish","type":"post","link":"https:\/\/www.europesays.com\/fr\/450794\/","title":{"rendered":"Dominik Moll pr\u00e9sente son film Dossier 137 au Cam\u00e9o"},"content":{"rendered":"<p>Le r\u00e9alisateur Dominik Moll pr\u00e9sentera son long-m\u00e9trage Dossier 137 , s\u00e9lectionn\u00e9 au dernier festival de Cannes, au Cam\u00e9o Saint-S\u00e9bastien. Le r\u00e9alisateur, qui envisageait de devenir cin\u00e9aste animalier avant de d\u00e9couvrir la filmographie d\u2019Alfred Hitchcock, reviendra notamment sur son parcours et son exp\u00e9rience. En 2022, son film La Nuit du 12 a remport\u00e9 sept C\u00e9sar apr\u00e8s avoir \u00e9t\u00e9 salu\u00e9 par la presse et le public.<\/p>\n<p class=\"note\">Mardi 14\u00a0octobre, \u00e0 20\u00a0h, Cam\u00e9o Saint-S\u00e9bastien.<\/p>\n","protected":false},"excerpt":{"rendered":"Le r\u00e9alisateur Dominik Moll pr\u00e9sentera son long-m\u00e9trage Dossier 137 , s\u00e9lectionn\u00e9 au dernier festival de Cannes, au Cam\u00e9o&hellip;\n","protected":false},"author":2,"featured_media":450795,"comment_status":"","ping_status":"","sticky":false,"template":"","format":"standard","meta":{"footnotes":""},"categories":[9635],"tags":[1111,11,650,1687,1704,1777,674,1011,27,775,1702,1703,12,25],"class_list":{"0":"post-450794","1":"post","2":"type-post","3":"status-publish","4":"format-standard","5":"has-post-thumbnail","7":"category-nancy","8":"tag-actu","9":"tag-actualites","10":"tag-cinema","11":"tag-culture-loisirs","12":"tag-edition-nancy-et-agglomeration","13":"tag-eu","14":"tag-europe","15":"tag-fr","16":"tag-france","17":"tag-grand-est","18":"tag-nancy","19":"tag-nancy-ville-54b","20":"tag-news","21":"tag-republique-francaise"},"share_on_mastodon":{"url":"https:\/\/pubeurope.com\/@fr\/115345973835039384","error":""},"_links":{"self":[{"href":"https:\/\/www.europesays.com\/fr\/wp-json\/wp\/v2\/posts\/450794","targetHints":{"allow":["GET"]}}],"collection":[{"href":"https:\/\/www.europesays.com\/fr\/wp-json\/wp\/v2\/posts"}],"about":[{"href":"https:\/\/www.europesays.com\/fr\/wp-json\/wp\/v2\/types\/post"}],"author":[{"embeddable":true,"href":"https:\/\/www.europesays.com\/fr\/wp-json\/wp\/v2\/users\/2"}],"replies":[{"embeddable":true,"href":"https:\/\/www.europesays.com\/fr\/wp-json\/wp\/v2\/comments?post=450794"}],"version-history":[{"count":0,"href":"https:\/\/www.europesays.com\/fr\/wp-json\/wp\/v2\/posts\/450794\/revisions"}],"wp:featuredmedia":[{"embeddable":true,"href":"https:\/\/www.europesays.com\/fr\/wp-json\/wp\/v2\/media\/450795"}],"wp:attachment":[{"href":"https:\/\/www.europesays.com\/fr\/wp-json\/wp\/v2\/media?parent=450794"}],"wp:term":[{"taxonomy":"category","embeddable":true,"href":"https:\/\/www.europesays.com\/fr\/wp-json\/wp\/v2\/categories?post=450794"},{"taxonomy":"post_tag","embeddable":true,"href":"https:\/\/www.europesays.com\/fr\/wp-json\/wp\/v2\/tags?post=450794"}],"curies":[{"name":"wp","href":"https:\/\/api.w.org\/{rel}","templated":true}]}}