{"id":450798,"date":"2025-10-09T19:58:10","date_gmt":"2025-10-09T19:58:10","guid":{"rendered":"https:\/\/www.europesays.com\/fr\/450798\/"},"modified":"2025-10-09T19:58:10","modified_gmt":"2025-10-09T19:58:10","slug":"la-route-du-faron-bientot-fermee-a-la-circulation","status":"publish","type":"post","link":"https:\/\/www.europesays.com\/fr\/450798\/","title":{"rendered":"la route du Faron bient\u00f4t ferm\u00e9e \u00e0 la circulation"},"content":{"rendered":"<p>            Par<br \/>\n        <strong><br \/>\n            <a href=\"https:\/\/actu.fr\/auteur\/guillemette-herve\" title=\"Consulter tous les articles de Agence de presse APEI\" rel=\"nofollow noopener\" target=\"_blank\">Agence de presse APEI<\/a><br \/>\n        <\/strong><\/p>\n<p>        Publi\u00e9 le<\/p>\n<p>            9 oct. 2025 \u00e0 17h09        <\/p>\n<p>R\u00e9guli\u00e8rement soumis \u00e0 <strong>des mouvements de terrain<\/strong>, le <a href=\"https:\/\/actu.fr\/provence-alpes-cote-d-azur\/toulon_83137\/toulon-un-restaurant-ferme-apres-un-controle-sanitaire_63082278.html\" rel=\"nofollow noopener\" target=\"_blank\">mont Faron<\/a> fait l\u2019objet, depuis 2020, d\u2019op\u00e9rations de confortement. Dans le cadre du chantier qui vient de d\u00e9buter, la circulation sera coup\u00e9e du 13 octobre \u00e0 6h au 15 octobre 2025 \u00e0 19h. Sont concern\u00e9s par cette fermeture : les pi\u00e9tons, v\u00e9los et v\u00e9hicules motoris\u00e9s.<\/p>\n<p>Des ralentissements \u00e0 pr\u00e9voir<\/p>\n<p class=\" wall-content\">Selon la Ville de <a href=\"https:\/\/actu.fr\/provence-alpes-cote-d-azur\/toulon_83137\/seconde-guerre-mondiale-une-exposition-rend-hommage-aux-heros-du-var_63268556.html\" rel=\"nofollow noopener\" target=\"_blank\">Toulon<\/a>, la r\u00e9ouverture de la route aura lieu le 16 octobre avec quelques ralentissements, en raison de <strong>l\u2019utilisation de feux tricolores<\/strong> lors des diff\u00e9rentes op\u00e9rations d\u2019h\u00e9liportage.<\/p>\n<p class=\" wall-content\">Situ\u00e9 sur la derni\u00e8re portion de la route du Faron, dans la descente, le chantier consiste \u00e0 installer des filets pare-blocs et ancrages pour <strong>prot\u00e9ger la voirie et les usagers<\/strong>. Il devrait durer jusqu\u2019\u00e0 la fin du mois de d\u00e9cembre.<\/p>\n<p class=\" wall-content\">Personnalisez votre actualit\u00e9 en ajoutant vos villes et m\u00e9dias en favori avec <a href=\"https:\/\/moncompte.actu.fr\" title=\"D\u00e9couvez Mon Actu\" rel=\"nofollow noopener\" data-trk=\"{&quot;cta&quot;:{&quot;action&quot;:&quot;https:\\\/\\\/moncompte.actu.fr&quot;,&quot;category&quot;:&quot;mon compte&quot;,&quot;from&quot;:&quot;article footer&quot;,&quot;name&quot;:&quot;Mon actu&quot;,&quot;type&quot;:&quot;cta&quot;}}\" target=\"_blank\">Mon Actu<\/a>.<\/p>\n","protected":false},"excerpt":{"rendered":"Par Agence de presse APEI Publi\u00e9 le 9 oct. 2025 \u00e0 17h09 R\u00e9guli\u00e8rement soumis \u00e0 des mouvements de&hellip;\n","protected":false},"author":2,"featured_media":450799,"comment_status":"","ping_status":"","sticky":false,"template":"","format":"standard","meta":{"footnotes":""},"categories":[9619],"tags":[1111,11,3542,1777,674,1011,27,12,882,25,104,2310,2086],"class_list":{"0":"post-450798","1":"post","2":"type-post","3":"status-publish","4":"format-standard","5":"has-post-thumbnail","7":"category-toulon","8":"tag-actu","9":"tag-actualites","10":"tag-circulation","11":"tag-eu","12":"tag-europe","13":"tag-fr","14":"tag-france","15":"tag-news","16":"tag-provence-alpes-cote-dazur","17":"tag-republique-francaise","18":"tag-societe","19":"tag-toulon","20":"tag-travaux"},"share_on_mastodon":{"url":"https:\/\/pubeurope.com\/@fr\/115345981730965337","error":""},"_links":{"self":[{"href":"https:\/\/www.europesays.com\/fr\/wp-json\/wp\/v2\/posts\/450798","targetHints":{"allow":["GET"]}}],"collection":[{"href":"https:\/\/www.europesays.com\/fr\/wp-json\/wp\/v2\/posts"}],"about":[{"href":"https:\/\/www.europesays.com\/fr\/wp-json\/wp\/v2\/types\/post"}],"author":[{"embeddable":true,"href":"https:\/\/www.europesays.com\/fr\/wp-json\/wp\/v2\/users\/2"}],"replies":[{"embeddable":true,"href":"https:\/\/www.europesays.com\/fr\/wp-json\/wp\/v2\/comments?post=450798"}],"version-history":[{"count":0,"href":"https:\/\/www.europesays.com\/fr\/wp-json\/wp\/v2\/posts\/450798\/revisions"}],"wp:featuredmedia":[{"embeddable":true,"href":"https:\/\/www.europesays.com\/fr\/wp-json\/wp\/v2\/media\/450799"}],"wp:attachment":[{"href":"https:\/\/www.europesays.com\/fr\/wp-json\/wp\/v2\/media?parent=450798"}],"wp:term":[{"taxonomy":"category","embeddable":true,"href":"https:\/\/www.europesays.com\/fr\/wp-json\/wp\/v2\/categories?post=450798"},{"taxonomy":"post_tag","embeddable":true,"href":"https:\/\/www.europesays.com\/fr\/wp-json\/wp\/v2\/tags?post=450798"}],"curies":[{"name":"wp","href":"https:\/\/api.w.org\/{rel}","templated":true}]}}