{"id":450811,"date":"2025-10-09T20:07:21","date_gmt":"2025-10-09T20:07:21","guid":{"rendered":"https:\/\/www.europesays.com\/fr\/450811\/"},"modified":"2025-10-09T20:07:21","modified_gmt":"2025-10-09T20:07:21","slug":"ils-avaient-pirate-un-lycee-de-rennes-pour-changer-leurs-notes-deux-lyceens-condamnes","status":"publish","type":"post","link":"https:\/\/www.europesays.com\/fr\/450811\/","title":{"rendered":"Ils avaient pirat\u00e9 un lyc\u00e9e de Rennes pour changer leurs notes\u00a0: deux lyc\u00e9ens condamn\u00e9s"},"content":{"rendered":"<p><strong>\u00ab\u00a0Je voulais rendre ma m\u00e8re fi\u00e8re et int\u00e9grer une grande \u00e9cole de type Science Po. J\u2019avais entendu que le plus difficile c\u2019\u00e9tait d\u2019y entrer.\u00a0\u00bb<\/strong> Au tribunal de Rennes (Ille-et-Vilaine), ce jeudi 9\u00a0octobre 2025, deux anciens lyc\u00e9ens du <a href=\"https:\/\/rennes.maville.com\/actu\/actudet_-intrusion-degradations-cours-suspendus-que-s-est-il-passe-au-lycee-brequigny-a-rennes-ce-jeudi-_7-6605893_actu.Htm\" target=\"_self\" rel=\"noopener\">lyc\u00e9e Br\u00e9quigny<\/a> ont \u00e9t\u00e9 condamn\u00e9s pour avoir pirat\u00e9 le logiciel de l\u2019\u00e9tablissement scolaire.<\/p>\n<p>Fin 2022, les deux adolescents avaient r\u00e9cup\u00e9r\u00e9 une cl\u00e9 passe-partout leur permettant d\u2019acc\u00e9der \u00e0 diff\u00e9rentes salles du plus grand lyc\u00e9e de Bretagne. Ils ont ainsi pu installer des\u00a0keyloggers (enregistreurs de frappes) sur les ordinateurs de l\u2019\u00e9quipe \u00e9ducative et r\u00e9cup\u00e9rer des identifiants et mots de passe pour acc\u00e9der \u00e0 <a href=\"https:\/\/rennes.maville.com\/actu\/actudet_-temoignages.-pronote-progres-ou-fleau-eleves-parents-et-profs-racontent-_54135-5941944_actu.Htm\" target=\"_self\" rel=\"noopener\">Pronote, le logiciel de gestion de vie scolaire.<\/a><\/p>\n<p>Des notes modifi\u00e9es, des retards supprim\u00e9s<\/p>\n<p>Tout au long de l\u2019ann\u00e9e 2023 et au d\u00e9but de l\u2019ann\u00e9e 2024, ils en ont profit\u00e9 pour modifier leurs notes, les appr\u00e9ciations des professeurs mais aussi supprimer les retards not\u00e9s dans le logiciel. Gr\u00e2ce \u00e0 l\u2019augmentation de leurs notes de contr\u00f4le continu, ils avaient pu obtenir le baccalaur\u00e9at. L\u2019un des deux jeunes avait \u00e9galement intercept\u00e9 et divulgu\u00e9 des correspondances de professeurs.<\/p>\n<p>Devant l\u2019ampleur de la fraude, ils ont finalement \u00e9t\u00e9 rep\u00e9r\u00e9s par l\u2019\u00e9quipe du lyc\u00e9e.\u00a0Lors d\u2019une proc\u00e9dure de comparution sur reconnaissance pr\u00e9alable de culpabilit\u00e9, les deux jeunes hommes d\u00e9sormais \u00e2g\u00e9s de 21\u00a0ans ont accept\u00e9 leur peine. Huit mois d\u2019emprisonnement avec sursis pour le premier, simplement consid\u00e9r\u00e9 comme le <strong>\u00ab\u00a0coauteur\u00a0\u00bb<\/strong> du piratage, et huit mois d\u2019emprisonnement ferme am\u00e9nageable pour <strong>\u00ab\u00a0l\u2019instigateur\u00a0\u00bb<\/strong> qui a \u00e9t\u00e9 condamn\u00e9 dans une autre affaire pour d\u00e9tention d\u2019images p\u00e9dopornographiques.<\/p>\n<p>L\u2019acad\u00e9mie et le lyc\u00e9e se sont port\u00e9s partie civile et leurs demandes d\u2019indemnisations sont jug\u00e9es en novembre\u00a02026.<\/p>\n<p>\u00a0<\/p>\n","protected":false},"excerpt":{"rendered":"\u00ab\u00a0Je voulais rendre ma m\u00e8re fi\u00e8re et int\u00e9grer une grande \u00e9cole de type Science Po. J\u2019avais entendu que&hellip;\n","protected":false},"author":2,"featured_media":450812,"comment_status":"","ping_status":"","sticky":false,"template":"","format":"standard","meta":{"footnotes":""},"categories":[2821],"tags":[1111,11,829,13410,16087,1777,674,1011,27,2633,15387,12,28862,35193,584,25,3728],"class_list":{"0":"post-450811","1":"post","2":"type-post","3":"status-publish","4":"format-standard","5":"has-post-thumbnail","7":"category-rennes","8":"tag-actu","9":"tag-actualites","10":"tag-bretagne","11":"tag-changer","12":"tag-condamnes","13":"tag-eu","14":"tag-europe","15":"tag-fr","16":"tag-france","17":"tag-lycee","18":"tag-lyceens","19":"tag-news","20":"tag-notes","21":"tag-pirate","22":"tag-rennes","23":"tag-republique-francaise","24":"tag-saint-malo"},"share_on_mastodon":{"url":"https:\/\/pubeurope.com\/@fr\/115346017140096270","error":""},"_links":{"self":[{"href":"https:\/\/www.europesays.com\/fr\/wp-json\/wp\/v2\/posts\/450811","targetHints":{"allow":["GET"]}}],"collection":[{"href":"https:\/\/www.europesays.com\/fr\/wp-json\/wp\/v2\/posts"}],"about":[{"href":"https:\/\/www.europesays.com\/fr\/wp-json\/wp\/v2\/types\/post"}],"author":[{"embeddable":true,"href":"https:\/\/www.europesays.com\/fr\/wp-json\/wp\/v2\/users\/2"}],"replies":[{"embeddable":true,"href":"https:\/\/www.europesays.com\/fr\/wp-json\/wp\/v2\/comments?post=450811"}],"version-history":[{"count":0,"href":"https:\/\/www.europesays.com\/fr\/wp-json\/wp\/v2\/posts\/450811\/revisions"}],"wp:featuredmedia":[{"embeddable":true,"href":"https:\/\/www.europesays.com\/fr\/wp-json\/wp\/v2\/media\/450812"}],"wp:attachment":[{"href":"https:\/\/www.europesays.com\/fr\/wp-json\/wp\/v2\/media?parent=450811"}],"wp:term":[{"taxonomy":"category","embeddable":true,"href":"https:\/\/www.europesays.com\/fr\/wp-json\/wp\/v2\/categories?post=450811"},{"taxonomy":"post_tag","embeddable":true,"href":"https:\/\/www.europesays.com\/fr\/wp-json\/wp\/v2\/tags?post=450811"}],"curies":[{"name":"wp","href":"https:\/\/api.w.org\/{rel}","templated":true}]}}