{"id":450815,"date":"2025-10-09T20:09:13","date_gmt":"2025-10-09T20:09:13","guid":{"rendered":"https:\/\/www.europesays.com\/fr\/450815\/"},"modified":"2025-10-09T20:09:13","modified_gmt":"2025-10-09T20:09:13","slug":"strasbourg-a-la-galerie-stimultania-la-photographe-yana-kononova-donne-des-nouvelles-dukraine-2","status":"publish","type":"post","link":"https:\/\/www.europesays.com\/fr\/450815\/","title":{"rendered":"Strasbourg. \u00c0 la galerie Stimultania, la photographe Yana Kononova donne des nouvelles d\u2019Ukraine"},"content":{"rendered":"<p>\u00ab\u00a0Avant, je pouvais m\u2019arr\u00eater sur un paysage, le regarder longuement. Depuis la guerre, m\u00eame la contemplation est modifi\u00e9e \u2013 le pass\u00e9 gr\u00e9sille avec le pr\u00e9sent. \u00bb<\/p>\n<p>Depuis l\u2019invasion russe en 2022, la photographe ukrainienne Yana Kononova enregistre ce qu\u2019elle nomme les \u00ab radiations de la guerre\u00a0\u00bb. Soutenue par\u00a0la galerie Stimultania \u00e0 Strasbourg, elle en expose certaines images au noir et blanc presque min\u00e9ral. La sc\u00e9nographie de \u201cThe Basilisk\u201d met en&#8230;<\/p>\n","protected":false},"excerpt":{"rendered":"\u00ab\u00a0Avant, je pouvais m\u2019arr\u00eater sur un paysage, le regarder longuement. Depuis la guerre, m\u00eame la contemplation est modifi\u00e9e&hellip;\n","protected":false},"author":2,"featured_media":450816,"comment_status":"","ping_status":"","sticky":false,"template":"","format":"standard","meta":{"footnotes":""},"categories":[2820],"tags":[1111,11,2389,1687,1777,674,2271,107,1011,27,775,12,25,640],"class_list":{"0":"post-450815","1":"post","2":"type-post","3":"status-publish","4":"format-standard","5":"has-post-thumbnail","7":"category-strasbourg","8":"tag-actu","9":"tag-actualites","10":"tag-alsace","11":"tag-culture-loisirs","12":"tag-eu","13":"tag-europe","14":"tag-exposition-arts-plastiques","15":"tag-fil-info","16":"tag-fr","17":"tag-france","18":"tag-grand-est","19":"tag-news","20":"tag-republique-francaise","21":"tag-strasbourg"},"share_on_mastodon":{"url":"https:\/\/pubeurope.com\/@fr\/115346024972332632","error":""},"_links":{"self":[{"href":"https:\/\/www.europesays.com\/fr\/wp-json\/wp\/v2\/posts\/450815","targetHints":{"allow":["GET"]}}],"collection":[{"href":"https:\/\/www.europesays.com\/fr\/wp-json\/wp\/v2\/posts"}],"about":[{"href":"https:\/\/www.europesays.com\/fr\/wp-json\/wp\/v2\/types\/post"}],"author":[{"embeddable":true,"href":"https:\/\/www.europesays.com\/fr\/wp-json\/wp\/v2\/users\/2"}],"replies":[{"embeddable":true,"href":"https:\/\/www.europesays.com\/fr\/wp-json\/wp\/v2\/comments?post=450815"}],"version-history":[{"count":0,"href":"https:\/\/www.europesays.com\/fr\/wp-json\/wp\/v2\/posts\/450815\/revisions"}],"wp:featuredmedia":[{"embeddable":true,"href":"https:\/\/www.europesays.com\/fr\/wp-json\/wp\/v2\/media\/450816"}],"wp:attachment":[{"href":"https:\/\/www.europesays.com\/fr\/wp-json\/wp\/v2\/media?parent=450815"}],"wp:term":[{"taxonomy":"category","embeddable":true,"href":"https:\/\/www.europesays.com\/fr\/wp-json\/wp\/v2\/categories?post=450815"},{"taxonomy":"post_tag","embeddable":true,"href":"https:\/\/www.europesays.com\/fr\/wp-json\/wp\/v2\/tags?post=450815"}],"curies":[{"name":"wp","href":"https:\/\/api.w.org\/{rel}","templated":true}]}}