{"id":450817,"date":"2025-10-09T20:10:20","date_gmt":"2025-10-09T20:10:20","guid":{"rendered":"https:\/\/www.europesays.com\/fr\/450817\/"},"modified":"2025-10-09T20:10:20","modified_gmt":"2025-10-09T20:10:20","slug":"strasbourg-deux-nouvelles-chaudieres-biomasse-a-la-centrale-thermique-de-hautepierre","status":"publish","type":"post","link":"https:\/\/www.europesays.com\/fr\/450817\/","title":{"rendered":"Strasbourg. Deux nouvelles chaudi\u00e8res biomasse \u00e0 la centrale thermique de Hautepierre"},"content":{"rendered":"<p>Le chantier se poursuit <a href=\"https:\/\/www.dna.fr\/economie\/2025\/05\/15\/le-chantier-de-la-centrale-thermique-en-pleine-ebullition\" target=\"_blank\" rel=\"nofollow noopener\">au sein de la centrale thermique de Hautepierre<\/a> dans le cadre de la modernisation et la d\u00e9carbonation de ses installations. Deux nouveaux g\u00e9n\u00e9rateurs biomasse sont en cours d\u2019installation depuis d\u00e9but octobre, affichant une puissance de 8\u00a0MW et 15\u00a0MW. Elles seront aliment\u00e9es par un combustible compos\u00e9 \u00e0 70\u00a0% de plaquettes foresti\u00e8res et 30\u00a0% de broyat de palettes, provenant de moins de 100\u00a0kilom\u00e8tres autour de Strasbourg. L\u2019ensemble de la centrale alimentera en chaleur plus de 25\u00a0000 \u00e9quivalents logements tout en r\u00e9duisant de 78\u00a0% les \u00e9missions de CO 2 , selon son op\u00e9rateur EVOS, filiale d\u2019Engie Solutions. La mise en service est attendue au printemps 2026.<\/p>\n","protected":false},"excerpt":{"rendered":"Le chantier se poursuit au sein de la centrale thermique de Hautepierre dans le cadre de la modernisation&hellip;\n","protected":false},"author":2,"featured_media":450818,"comment_status":"","ping_status":"","sticky":false,"template":"","format":"standard","meta":{"footnotes":""},"categories":[2820],"tags":[1111,11,3542,2880,1777,674,107,1011,27,775,12,25,104,640,2879,2803],"class_list":{"0":"post-450817","1":"post","2":"type-post","3":"status-publish","4":"format-standard","5":"has-post-thumbnail","7":"category-strasbourg","8":"tag-actu","9":"tag-actualites","10":"tag-circulation","11":"tag-edition-strasbourg","12":"tag-eu","13":"tag-europe","14":"tag-fil-info","15":"tag-fr","16":"tag-france","17":"tag-grand-est","18":"tag-news","19":"tag-republique-francaise","20":"tag-societe","21":"tag-strasbourg","22":"tag-strasbourg-ville","23":"tag-transport"},"share_on_mastodon":{"url":"https:\/\/pubeurope.com\/@fr\/115346028966837152","error":""},"_links":{"self":[{"href":"https:\/\/www.europesays.com\/fr\/wp-json\/wp\/v2\/posts\/450817","targetHints":{"allow":["GET"]}}],"collection":[{"href":"https:\/\/www.europesays.com\/fr\/wp-json\/wp\/v2\/posts"}],"about":[{"href":"https:\/\/www.europesays.com\/fr\/wp-json\/wp\/v2\/types\/post"}],"author":[{"embeddable":true,"href":"https:\/\/www.europesays.com\/fr\/wp-json\/wp\/v2\/users\/2"}],"replies":[{"embeddable":true,"href":"https:\/\/www.europesays.com\/fr\/wp-json\/wp\/v2\/comments?post=450817"}],"version-history":[{"count":0,"href":"https:\/\/www.europesays.com\/fr\/wp-json\/wp\/v2\/posts\/450817\/revisions"}],"wp:featuredmedia":[{"embeddable":true,"href":"https:\/\/www.europesays.com\/fr\/wp-json\/wp\/v2\/media\/450818"}],"wp:attachment":[{"href":"https:\/\/www.europesays.com\/fr\/wp-json\/wp\/v2\/media?parent=450817"}],"wp:term":[{"taxonomy":"category","embeddable":true,"href":"https:\/\/www.europesays.com\/fr\/wp-json\/wp\/v2\/categories?post=450817"},{"taxonomy":"post_tag","embeddable":true,"href":"https:\/\/www.europesays.com\/fr\/wp-json\/wp\/v2\/tags?post=450817"}],"curies":[{"name":"wp","href":"https:\/\/api.w.org\/{rel}","templated":true}]}}