{"id":450825,"date":"2025-10-09T20:14:21","date_gmt":"2025-10-09T20:14:21","guid":{"rendered":"https:\/\/www.europesays.com\/fr\/450825\/"},"modified":"2025-10-09T20:14:21","modified_gmt":"2025-10-09T20:14:21","slug":"les-travaux-de-la-tour-bretagne-debutent-a-nantes-ce-quil-faut-savoir","status":"publish","type":"post","link":"https:\/\/www.europesays.com\/fr\/450825\/","title":{"rendered":"Les travaux de la tour Bretagne d\u00e9butent \u00e0 Nantes : ce qu\u2019il faut savoir"},"content":{"rendered":"<p>Le Groupe Giboire annonce le lancement officiel du chantier de r\u00e9habilitation de la tour Bretagne, b\u00e2timent embl\u00e9matique de Nantes depuis 1976. Ferm\u00e9e depuis 2020, la tour va entamer une m\u00e9tamorphose d\u2019ampleur, conciliant patrimoine, innovation architecturale et exemplarit\u00e9 environnementale. Cette op\u00e9ration de transformation de bureaux en logements illustre l\u2019engagement du Groupe Giboire en faveur de la r\u00e9g\u00e9n\u00e9ration du b\u00e2ti et de la ma\u00eetrise de l\u2019impact carbone de la fili\u00e8re.<\/p>\n<p><a href=\"https:\/\/nantes.maville.com\/actu\/actudet_-future-tour-bretagne-de-nantes-le-projet-de-transformation-explique-en-detail-_8-6563656_actu.Htm\" target=\"_blank\" rel=\"noopener\"> <strong>LIRE AUSSI.<\/strong> Future tour Bretagne de Nantes : le projet de transformation expliqu\u00e9 en d\u00e9tail<\/a><\/p>\n<p>\t<img decoding=\"async\" src=\"https:\/\/www.europesays.com\/fr\/wp-content\/uploads\/2025\/10\/P35512415D7013092G_px_640_.jpg\" alt=\"photo \u00e0 la place des bureaux totalement vid\u00e9s en 2020, des logements, des commerces, un restaurant, un h\u00f4tel et un belv\u00e9d\u00e8re gratuit prendront place.  \u00a9  archives\" width=\"640\" title=\" \u00c0 la place des bureaux totalement vid\u00e9s en 2020, des logements, des commerces, un restaurant, un h\u00f4tel et un belv\u00e9d\u00e8re gratuit prendront place.   archives \"\/><\/p>\n<p class=\"elmt-legende\"> \u00c0 la place des bureaux totalement vid\u00e9s en 2020, des logements, des commerces, un restaurant, un h\u00f4tel et un belv\u00e9d\u00e8re gratuit prendront place.   archives <\/p>\n<p>\t<img decoding=\"async\" src=\"https:\/\/www.europesays.com\/fr\/wp-content\/uploads\/2025\/10\/P35512416D7013092G_px_640_.jpg\" alt=\"photo voici une vue de la tour r\u00e9habilit\u00e9e.  \u00a9  pca stream\" width=\"640\" title=\" Voici une vue de la tour r\u00e9habilit\u00e9e.   PCA Stream \"\/><\/p>\n<p class=\"elmt-legende\"> Voici une vue de la tour r\u00e9habilit\u00e9e.   PCA Stream <\/p>\n<p>Premi\u00e8re phase<\/p>\n<p>La transformation de la tour Bretagne s\u2019\u00e9talera sur plusieurs ann\u00e9es et s\u2019engagera par une premi\u00e8re phase de curage et de d\u00e9samiantage, d\u00e9butant \u00e0 l\u2019automne 2025, et s\u2019achevant fin 2026. Pour cette premi\u00e8re phase de travaux, l\u2019emprise du chantier sera limit\u00e9e \u00e0 une partie de la place Bretagne (face \u00e0 l\u2019entr\u00e9e de la Tour) et au droit du b\u00e2timent sur la rue du Pont Sauvetout. La rue de l\u2019Abreuvoir sera ferm\u00e9e \u00e0 la circulation et r\u00e9serv\u00e9e aux pi\u00e9tons et cycles, les acc\u00e8s automobiles au parking public Bretagne ne seront plus possibles par cette voie. Aucune autre restriction de circulation n\u2019est pr\u00e9vue pendant cette premi\u00e8re phase, la circulation du tramway et les cheminements pi\u00e9tons et v\u00e9los ne seront pas impact\u00e9s.<\/p>\n<p>\u00a0<\/p>\n","protected":false},"excerpt":{"rendered":"Le Groupe Giboire annonce le lancement officiel du chantier de r\u00e9habilitation de la tour Bretagne, b\u00e2timent embl\u00e9matique de&hellip;\n","protected":false},"author":2,"featured_media":450826,"comment_status":"","ping_status":"","sticky":false,"template":"","format":"standard","meta":{"footnotes":""},"categories":[2818],"tags":[1111,11,829,40313,1777,674,8290,1011,27,766,12,2636,9576,25,3584,2086],"class_list":{"0":"post-450825","1":"post","2":"type-post","3":"status-publish","4":"format-standard","5":"has-post-thumbnail","7":"category-nantes","8":"tag-actu","9":"tag-actualites","10":"tag-bretagne","11":"tag-debutent","12":"tag-eu","13":"tag-europe","14":"tag-faut","15":"tag-fr","16":"tag-france","17":"tag-nantes","18":"tag-news","19":"tag-pays-de-la-loire","20":"tag-qu","21":"tag-republique-francaise","22":"tag-tour","23":"tag-travaux"},"share_on_mastodon":{"url":"https:\/\/pubeurope.com\/@fr\/115346045659853411","error":""},"_links":{"self":[{"href":"https:\/\/www.europesays.com\/fr\/wp-json\/wp\/v2\/posts\/450825","targetHints":{"allow":["GET"]}}],"collection":[{"href":"https:\/\/www.europesays.com\/fr\/wp-json\/wp\/v2\/posts"}],"about":[{"href":"https:\/\/www.europesays.com\/fr\/wp-json\/wp\/v2\/types\/post"}],"author":[{"embeddable":true,"href":"https:\/\/www.europesays.com\/fr\/wp-json\/wp\/v2\/users\/2"}],"replies":[{"embeddable":true,"href":"https:\/\/www.europesays.com\/fr\/wp-json\/wp\/v2\/comments?post=450825"}],"version-history":[{"count":0,"href":"https:\/\/www.europesays.com\/fr\/wp-json\/wp\/v2\/posts\/450825\/revisions"}],"wp:featuredmedia":[{"embeddable":true,"href":"https:\/\/www.europesays.com\/fr\/wp-json\/wp\/v2\/media\/450826"}],"wp:attachment":[{"href":"https:\/\/www.europesays.com\/fr\/wp-json\/wp\/v2\/media?parent=450825"}],"wp:term":[{"taxonomy":"category","embeddable":true,"href":"https:\/\/www.europesays.com\/fr\/wp-json\/wp\/v2\/categories?post=450825"},{"taxonomy":"post_tag","embeddable":true,"href":"https:\/\/www.europesays.com\/fr\/wp-json\/wp\/v2\/tags?post=450825"}],"curies":[{"name":"wp","href":"https:\/\/api.w.org\/{rel}","templated":true}]}}