{"id":450829,"date":"2025-10-09T20:16:28","date_gmt":"2025-10-09T20:16:28","guid":{"rendered":"https:\/\/www.europesays.com\/fr\/450829\/"},"modified":"2025-10-09T20:16:28","modified_gmt":"2025-10-09T20:16:28","slug":"bordeaux-part-a-la-chasse-aux-velos-epaves-et-na-que-des-retours-positifs","status":"publish","type":"post","link":"https:\/\/www.europesays.com\/fr\/450829\/","title":{"rendered":"Bordeaux part \u00e0 la chasse aux v\u00e9los-\u00e9paves et \u00ab n\u2019a que des retours positifs \u00bb"},"content":{"rendered":"<p class=\"mb-4 text-lg md:leading-8 break-words\"><strong>Sophie arceaux &#8211; Apr\u00e8s un arr\u00eat\u00e9 sp\u00e9cifique, la ville de Bordeaux organise l\u2019enl\u00e8vement des v\u00e9los ventouses qui g\u00eanent le stationnement dans cette ville o\u00f9 le nombre de cyclistes a augment\u00e9 de 43 % depuis 2020<\/strong><\/p>\n<p class=\"mb-4 text-lg md:leading-8 break-words\">Un petit coup de disqueuse et ce sont trois v\u00e9los en piteux \u00e9tat qui sont retir\u00e9s d\u2019un arceau devant l\u2019\u00e9cole Saint-Bruno, ce jeudi matin \u00e0 <a href=\"https:\/\/www.20minutes.fr\/bordeaux\/?at_medium=RSS%20feed&amp;at_campaign=ynews&amp;utm_source=yahoo&amp;utm_medium=rss&amp;utm_campaign=news_feed&amp;utm_content=in_article_link\" rel=\"nofollow noopener\" target=\"_blank\" data-ylk=\"slk:Bordeaux;elm:context_link;itc:0;sec:content-canvas\" class=\"link \">Bordeaux<\/a>. \u00ab On a d\u00e9gag\u00e9 quatre emplacements en deux minutes \u00bb, constate David Mionnet, responsable du secteur centre au sein de la <a href=\"https:\/\/www.20minutes.fr\/dossier\/police_municipale?at_medium=RSS%20feed&amp;at_campaign=ynews&amp;utm_source=yahoo&amp;utm_medium=rss&amp;utm_campaign=news_feed&amp;utm_content=in_article_link\" rel=\"nofollow noopener\" target=\"_blank\" data-ylk=\"slk:police municipale;elm:context_link;itc:0;sec:content-canvas\" class=\"link \">police municipale<\/a> de Bordeaux.<\/p>\n<p class=\"mb-4 text-lg md:leading-8 break-words\">Il n\u2019existe pas de d\u00e9compte exhaustif des deux-roues abandonn\u00e9s sur l\u2019espace publique dans la capitale girondine. Mais Marc Etcheverry, adjoint au maire en charge de la <a href=\"https:\/\/www.20minutes.fr\/societe\/securite\/?at_medium=RSS%20feed&amp;at_campaign=ynews&amp;utm_source=yahoo&amp;utm_medium=rss&amp;utm_campaign=news_feed&amp;utm_content=in_article_link\" rel=\"nofollow noopener\" target=\"_blank\" data-ylk=\"slk:s\u00e9curit\u00e9;elm:context_link;itc:0;sec:content-canvas\" class=\"link \">s\u00e9curit\u00e9<\/a>, estime qu\u2019ils repr\u00e9sentent \u00ab plusieurs centaines de v\u00e9los \u00e0 l\u2019\u00e9chelle de la ville, avec des disparit\u00e9s g\u00e9ographiques puisque des concentrations existent principalement sur le centre, les secteurs Capucins-Victoire et celui de la gare \u00bb.<\/p>\n<p class=\"mb-4 text-lg md:leading-8 break-words\">Les signalements peuvent \u00eatre r\u00e9alis\u00e9s par tout le monde mais les constats ne peuvent \u00eatre dress\u00e9s que par des agents asserment\u00e9s qui s\u2019assurent qu\u2019il manque un ou plusieurs \u00e9l\u00e9ments constitutifs du v\u00e9lo (selle, guidon, etc.) ou qu\u2019il est manifestement v\u00e9tuste (recouvert de feuilles, poussi\u00e8re, \u00e0 plat, etc.)<\/p>\n<p>Mont\u00e9e en puissance dans les mois qui viennent<\/p>\n<p class=\"mb-4 text-lg md:leading-8 break-words\">Le r\u00e9cent arr\u00eat\u00e9 municipal, qui encadre les enl\u00e8vements, vient combler une sorte de vide juridique et doit permettre d\u2019agir plus vite pour lib\u00e9rer des arceaux dans une ville o\u00f9 le nombre de cyclistes a augment\u00e9 de 43 % depuis 2020. Le nombre d\u2019arceaux a \u00e9t\u00e9 doubl\u00e9 entre 2020 et 2024, passant de 9.450 \u00e0 17.350. Pourtant, il est des secteurs o\u00f9 les cyclistes sont contraints de se reporter sur les lampadaires ou autres mobili(&#8230;)<\/p>\n<p class=\"mb-4 text-lg md:leading-8 break-words\"><a href=\"https:\/\/www.20minutes.fr\/societe\/4178155-20251009-bordeaux-part-chasse-velos-epaves-retours-positifs?at_medium=RSS%20feed&amp;at_campaign=ynews&amp;utm_source=yahoo&amp;utm_medium=rss&amp;utm_campaign=news_feed&amp;utm_content=read_more_link&quot;\" rel=\"nofollow noopener\" target=\"_blank\" data-ylk=\"slk:Lire la suite sur 20minutes;elm:context_link;itc:0;sec:content-canvas\" class=\"link \">Lire la suite sur 20minutes<\/a><\/p>\n<p>\u00c0 lire aussi :<br \/><a href=\"https:\/\/www.20minutes.fr\/paris\/4178134-20251009-hauts-seine-departement-experimente-tourne-gauche-securiser-cyclistes-intersections?at_medium=RSS%20feed&amp;at_campaign=ynews&amp;utm_source=yahoo&amp;utm_medium=rss&amp;utm_campaign=news_feed&amp;utm_content=related_content_link\" rel=\"nofollow noopener\" target=\"_blank\" data-ylk=\"slk:Hauts-de-Seine : Le d\u00e9partement exp\u00e9rimente le \u00ab tourne-\u00e0-gauche \u00bb pour s\u00e9curiser les cyclistes aux intersections;elm:context_link;itc:0;sec:content-canvas\" class=\"link \">Hauts-de-Seine : Le d\u00e9partement exp\u00e9rimente le \u00ab tourne-\u00e0-gauche \u00bb pour s\u00e9curiser les cyclistes aux intersections<\/a><br \/><a href=\"https:\/\/www.20minutes.fr\/societe\/4174075-20250919-velo-ca-roule-ouest-assez-sud-barometre-villes-cyclables-revele-grand-fosse?at_medium=RSS%20feed&amp;at_campaign=ynews&amp;utm_source=yahoo&amp;utm_medium=rss&amp;utm_campaign=news_feed&amp;utm_content=related_content_link\" rel=\"nofollow noopener\" target=\"_blank\" data-ylk=\"slk:V\u00e9lo : \u00c7a roule dans l\u2019Ouest, pas assez dans le Sud-Est\u2026 Le barom\u00e8tre des villes cyclables r\u00e9v\u00e8le un grand foss\u00e9;elm:context_link;itc:0;sec:content-canvas\" class=\"link \">V\u00e9lo : \u00c7a roule dans l\u2019Ouest, pas assez dans le Sud-Est\u2026 Le barom\u00e8tre des villes cyclables r\u00e9v\u00e8le un grand foss\u00e9<\/a><\/p>\n","protected":false},"excerpt":{"rendered":"Sophie arceaux &#8211; Apr\u00e8s un arr\u00eat\u00e9 sp\u00e9cifique, la ville de Bordeaux organise l\u2019enl\u00e8vement des v\u00e9los ventouses qui g\u00eanent&hellip;\n","protected":false},"author":2,"featured_media":450830,"comment_status":"","ping_status":"","sticky":false,"template":"","format":"standard","meta":{"footnotes":""},"categories":[2817],"tags":[1111,11,57454,1997,57658,1777,674,1011,27,1913,57657,12,2219,25],"class_list":{"0":"post-450829","1":"post","2":"type-post","3":"status-publish","4":"format-standard","5":"has-post-thumbnail","7":"category-bordeaux","8":"tag-actu","9":"tag-actualites","10":"tag-arrete-municipal","11":"tag-bordeaux","12":"tag-david-mionnet","13":"tag-eu","14":"tag-europe","15":"tag-fr","16":"tag-france","17":"tag-la-ville","18":"tag-marc-etcheverry","19":"tag-news","20":"tag-nouvelle-aquitaine","21":"tag-republique-francaise"},"share_on_mastodon":{"url":"https:\/\/pubeurope.com\/@fr\/115346052579468996","error":""},"_links":{"self":[{"href":"https:\/\/www.europesays.com\/fr\/wp-json\/wp\/v2\/posts\/450829","targetHints":{"allow":["GET"]}}],"collection":[{"href":"https:\/\/www.europesays.com\/fr\/wp-json\/wp\/v2\/posts"}],"about":[{"href":"https:\/\/www.europesays.com\/fr\/wp-json\/wp\/v2\/types\/post"}],"author":[{"embeddable":true,"href":"https:\/\/www.europesays.com\/fr\/wp-json\/wp\/v2\/users\/2"}],"replies":[{"embeddable":true,"href":"https:\/\/www.europesays.com\/fr\/wp-json\/wp\/v2\/comments?post=450829"}],"version-history":[{"count":0,"href":"https:\/\/www.europesays.com\/fr\/wp-json\/wp\/v2\/posts\/450829\/revisions"}],"wp:featuredmedia":[{"embeddable":true,"href":"https:\/\/www.europesays.com\/fr\/wp-json\/wp\/v2\/media\/450830"}],"wp:attachment":[{"href":"https:\/\/www.europesays.com\/fr\/wp-json\/wp\/v2\/media?parent=450829"}],"wp:term":[{"taxonomy":"category","embeddable":true,"href":"https:\/\/www.europesays.com\/fr\/wp-json\/wp\/v2\/categories?post=450829"},{"taxonomy":"post_tag","embeddable":true,"href":"https:\/\/www.europesays.com\/fr\/wp-json\/wp\/v2\/tags?post=450829"}],"curies":[{"name":"wp","href":"https:\/\/api.w.org\/{rel}","templated":true}]}}