{"id":450831,"date":"2025-10-09T20:17:14","date_gmt":"2025-10-09T20:17:14","guid":{"rendered":"https:\/\/www.europesays.com\/fr\/450831\/"},"modified":"2025-10-09T20:17:14","modified_gmt":"2025-10-09T20:17:14","slug":"le-succes-fou-de-ce-lineo-devenu-en-quelques-semaines-lun-des-plus-prises-de-lagglo","status":"publish","type":"post","link":"https:\/\/www.europesays.com\/fr\/450831\/","title":{"rendered":"le succ\u00e8s fou de ce Lin\u00e9o, devenu en quelques semaines, l&rsquo;un des plus pris\u00e9s de l&rsquo;agglo"},"content":{"rendered":"<p>            Par<br \/>\n        <strong><br \/>\n            <a href=\"https:\/\/actu.fr\/auteur\/guillaume-laurens\" title=\"Consulter tous les articles de Guillaume Laurens\" rel=\"nofollow noopener\" target=\"_blank\">Guillaume Laurens<\/a><br \/>\n        <\/strong><\/p>\n<p>        Publi\u00e9 le<\/p>\n<p>            9 oct. 2025 \u00e0 19h27        <\/p>\n<p>En cette rentr\u00e9e 2025, <a href=\"https:\/\/actu.fr\/tag\/tisseo\" rel=\"nofollow noopener\" target=\"_blank\"><strong>Tiss\u00e9o<\/strong> <\/a>a mis le paquet pour \u00e9toffer son offre autour de <a href=\"https:\/\/actu.fr\/toulouse\/\" rel=\"nofollow noopener\" target=\"_blank\">Toulouse<\/a>\u2009: <strong>deux nouveaux Lin\u00e9o,<\/strong> ainsi qu\u2019une <strong>ligne de bus express,<\/strong> ont \u00e9t\u00e9 lanc\u00e9s d\u00e9but septembre. Quelques semaines apr\u00e8s leur mise en service, l\u2019une d\u2019elles caracole d\u00e9j\u00e0 parmi <strong>les plus fr\u00e9quent\u00e9es<\/strong> de l\u2019agglo, alors que l\u2019autorit\u00e9 des transports en commun pr\u00e9voit de <strong>faire \u00e9voluer<\/strong> une <strong>autre ligne<\/strong>. Ce qu\u2019il faut savoir.<\/p>\n<p>Lin\u00e9o 7\u2009: 14\u2009% de hausse par rapport \u00e0 l\u2019ancienne ligne<\/p>\n<p class=\" wall-content\">Mis en service \u00e0 la rentr\u00e9e,<a href=\"https:\/\/actu.fr\/occitanie\/toulouse_31555\/toulouse-deux-nouvelles-lignes-de-bus-lineo-mises-en-service-a-la-rentree-voici-toutes-les-infos-a-avoir_63092699.html\" rel=\"nofollow noopener\" target=\"_blank\"> le nouveau <strong>Lin\u00e9o L7<\/strong><\/a> relie <strong>Saint-Orens Piscine<\/strong> \u00e0 <strong>l\u2019Universit\u00e9 Paul Sabatier,<\/strong> en passant par le nouveau quartier champignon de Malep\u00e8re. Depuis son ouverture, ce nouveau trac\u00e9 a d\u00e9j\u00e0 permis \u00ab\u2009une <strong>hausse imm\u00e9diate de 14\u2009% <\/strong>par rapport \u00e0 l\u2019ancienne ligne\u2009\u00bb, selon <strong>Jean-Michel Lattes<\/strong>, le pr\u00e9sident de Tiss\u00e9o. \u00ab\u2009Le Lin\u00e9o 7 enregistre d\u00e9j\u00e0<strong> 8\u2009000 validations par jour\u2009\u00bb,<\/strong> l\u2019objectif \u00e0 terme \u00e9tant de 8\u2009200.<\/p>\n<p>Lin\u00e9o 12\u2009: 15\u2009000 validations par jour en moyenne<\/p>\n<p class=\" wall-content\">Mais celui qui conna\u00eet surtout \u00ab\u2009un <strong>gros succ\u00e8s\u2009\u00bb,<\/strong> c\u2019est <a href=\"https:\/\/actu.fr\/occitanie\/toulouse_31555\/toulouse-deux-nouvelles-lignes-de-bus-lineo-mises-en-service-a-la-rentree-voici-toutes-les-infos-a-avoir_63092699.html\" rel=\"nofollow noopener\" target=\"_blank\">l\u2019autre Lin\u00e9o mis en service \u00e0 la rentr\u00e9e<\/a>\u2009: le <strong>L12<\/strong>. Jean-Michel Lattes n\u2019a pas boud\u00e9 son plaisir au moment de commenter les chiffres du lancement de cette nouvelle ligne reliant <strong>Borderouge<\/strong> \u00e0 <strong>Rangueil<\/strong>.<\/p>\n<p class=\" wall-content\">Avec<strong> \u00ab\u2009d\u00e9j\u00e0 15\u2009000 validations par jour<\/strong> en moyenne\u2009\u00bb, il s\u2019est impos\u00e9 en quelques semaines comme l\u2019une des lignes de bus les plus fr\u00e9quent\u00e9es de l\u2019agglo. \u00ab\u2009Avec de tels chiffres\u2009\u00bb, ajoute le patron de Tiss\u00e9o, \u00ab\u2009on peut s\u2019attendre \u00e0 ce qu\u2019il devienne tr\u00e8s rapidement <strong>le deuxi\u00e8me du r\u00e9seau<\/strong> Lin\u00e9o\u2009\u00bb, qui compte 13 lignes \u00e0 ce jour.<\/p>\n<p>La premi\u00e8re ligne transversale de Toulouse<\/p>\n<p class=\" wall-content\">Le Lin\u00e9o 12 constitue une <strong>avanc\u00e9e majeure<\/strong> pour les <strong>d\u00e9placements transversaux<\/strong> \u00e0 Toulouse. Reliant le nord-est au sud-est de la ville sans passer par le centre, il permet de relier des <strong>quartiers p\u00e9riph\u00e9riques<\/strong>, jusqu\u2019ici <strong>mal desservis<\/strong> ou en pleine transformation, comme Guillaumet, Montaudran, ou Borderouge.<\/p>\n<p class=\" wall-content\">Comme tous les Lin\u00e9o, sa fr\u00e9quence est soutenue, avec des bus qui circulent <strong>toutes les 9\u00a0minutes<\/strong> en heures de pointe et toutes les 11\u00a0minutes en heures creuses. D\u2019apr\u00e8s Jean-Michel Lattes, il n\u2019est pas encore pr\u00e9vu de le renforcer, car \u00ab\u2009il reste de la capacit\u00e9\u2009\u00bb.<\/p>\n<p>Votre r\u00e9gion, votre actu !<\/p>\n<p>Recevez chaque jour les infos qui comptent pour vous.<\/p>\n<p>\t<a href=\"https:\/\/actu.fr\/newsletter\" class=\"ac-btn ac-btn--corner ac-btn--medium ac-btn--blue800\" rel=\"nofollow noopener\" target=\"_blank\">S&rsquo;incrire<\/a><br \/>\nDerri\u00e8re le Lin\u00e9o 1, best-seller du r\u00e9seau Tiss\u00e9o<\/p>\n<p class=\" wall-content\">\u00ab\u2009Le seul qui restera devant le Lin\u00e9o 12\u2009\u00bb, avance le pr\u00e9sident de Tiss\u00e9o, \u00ab\u2009ce sera sans doute le <strong>Lin\u00e9o 1\u2009\u00bb<\/strong>, de tr\u00e8s loin celui qui draine le plus de passagers \u00e0 Toulouse. \u00ab\u2009Lors de sa mise en service, on est parti \u00e0 16\u2009000 validations par jour, et on tourne \u00e0 26\u2009000 aujourd\u2019hui\u2009\u00bb. Entretemps, rappelle l\u2019\u00e9lu, \u00ab\u2009son trac\u00e9 a \u00e9t\u00e9 agrandi des deux c\u00f4t\u00e9s\u2009\u00bb.<\/p>\n<p class=\" wall-content\">En deuxi\u00e8me position des Lin\u00e9o les plus fr\u00e9quent\u00e9s se trouve le <strong>L9<\/strong>, qui enregistre en moyenne <strong>16\u2009000 validations<\/strong> par jour, et devrait donc \u00eatre rapidement d\u00e9tr\u00f4n\u00e9 par le L12.<\/p>\n<p>Trois fois plus de passagers sur la ligne 117 express<\/p>\n<p class=\" wall-content\">En plus de l\u2019offre Lin\u00e9o, Tiss\u00e9o a \u00e9galement lanc\u00e9 d\u00e9but septembre un nouveau service pour relier <strong>Muret<\/strong> au terminus du m\u00e9tro \u00e0 <strong>Basso-Cambo<\/strong>, via Roques et Portet\u2009: la premi\u00e8re <strong>ligne express<\/strong> de l\u2019agglo.<\/p>\n<p class=\" wall-content\">Cette<strong> \u00ab\u2009ligne 117 express\u2009\u00bb,<\/strong> qui promet un voyage de <strong>35\u00a0minutes<\/strong> entre la gare de Muret et Basso-Cambo \u2014 soit une demi-heure de moins que l\u2019ancienne ligne 117 \u2014 conna\u00eet <strong>\u00ab\u2009un d\u00e9marrage canon\u2009\u00bb<\/strong>, sourit Jean-Michel Lattes. Avec <strong>\u00ab\u20091\u2009700 validations par jour\u2009\u00bb<\/strong> en moyenne, \u00ab\u2009on a <strong>tripl\u00e9 la fr\u00e9quentation<\/strong> par rapport \u00e0 l\u2019ancienne ligne en 2024\u2009\u00bb.<\/p>\n<blockquote class=\"ac-article-quote wall-content\">\n<p>Le lancement de cette ligne a n\u00e9cessit\u00e9 un am\u00e9nagement lourd, \u00e0 plus de 13 millions d\u2019euros, avec des travaux p\u00e9nibles pour les riverains et automobilistes du secteur, mais elle a imm\u00e9diatement trouv\u00e9 son public.<\/p>\n<p>    <strong>Jean-Michel Lattes<\/strong><br \/>\n        Pr\u00e9sident de Tiss\u00e9o    <\/p><\/blockquote>\n<p>Tiss\u00e9o veut \u00ab\u2009rajouter de la fr\u00e9quence aux heures de pointe\u2009\u00bb<\/p>\n<p class=\" wall-content\">\u00ab\u2009D\u00e8s le premier mois\u2009\u00bb de la 117 express, \u00ab\u2009on a vu qu\u2019aux <strong>heures de pointe<\/strong>, les <strong>bus \u00e9taient tr\u00e8s remplis\u2009\u00bb,<\/strong> poursuit le pr\u00e9sident de Tiss\u00e9o. Le maire (PS) de Portet et vice-pr\u00e9sident du Muretain Agglo, <strong>Thierry Suaud,<\/strong> est sur la m\u00eame ligne\u2009: \u00ab\u2009C\u2019est un franc succ\u00e8s, particuli\u00e8rement en heure de pointe\u2009\u00bb, salue-t-il. \u00ab\u2009Pari tenu \u00e0 tous points de vue. Maintenant, il faut pr\u00e9parer la suite\u2009!\u2009\u00bb<\/p>\n<p class=\" wall-content\">La suite, justement\u2009? Jean-Michel Lattes ouvre d\u00e9j\u00e0 la voie \u00e0 une \u00e9volution\u2009: \u00ab\u2009Au regard du succ\u00e8s que l\u2019on observe actuellement, il faudra sans doute y mettre <strong>des moyens suppl\u00e9mentaires<\/strong>, en <strong>rajoutant de la fr\u00e9quence<\/strong> aux heures de pointe, surtout le matin et potentiellement le soir\u2009\u00bb.<\/p>\n<p>\u00c0 mi-chemin entre les bus classiques et Lin\u00e9o<\/p>\n<p class=\" wall-content\">Dans un secteur englu\u00e9 dans les bouchons, mais n\u2019ayant pas la densit\u00e9 de population suffisante pour avoir des Lin\u00e9o, cette ligne express \u00e9tait<strong> \u00ab\u2009un nouveau concept\u2009\u00bb<\/strong> pour Tiss\u00e9o, rappelle Jean-Michel Lattes.<\/p>\n<p class=\" wall-content\">Avec <strong>30\u2009% de son itin\u00e9raire<\/strong> en voies r\u00e9serv\u00e9es, cette ligne express est en quelque sorte \u00e0 mi-chemin entre un bus classique et un Lin\u00e9o, avec des sp\u00e9cificit\u00e9s, car \u00ab\u2009entre Toulouse et Muret, il y a des champs et on se retrouve avec moins d\u2019arr\u00eats que sur une ligne ordinaire\u2009\u00bb. Les Lin\u00e9o, eux, sont davantage vou\u00e9s \u00ab\u2009au secteur urbain\u2009\u00bb.<\/p>\n<p class=\" wall-content\">Du lundi au vendredi, les bus y passent <strong>toutes les 15 \u00e0 30\u00a0minutes<\/strong> en heures de pointe, et toutes les heures en dehors.<\/p>\n<p>Bient\u00f4t de nouvelles lignes express\u2009?<\/p>\n<p class=\" wall-content\">Cette premi\u00e8re ligne express pourrait en appeler d\u2019autres\u2009: \u00ab\u2009Des \u00e9tudes sont en cours\u2009\u00bb, selon Jean-Michel Lattes, qui se refuse pour l\u2019heure \u00e0 dire quels sont <strong>les secteurs cibl\u00e9s<\/strong>. Mais \u00ab\u2009il y a des lignes de bus qui montent en usage et <strong>il faut regarder<\/strong> o\u00f9 on peut am\u00e9nager des <strong>couloirs de bus d\u00e9di\u00e9s\u2009\u00bb.<\/strong><\/p>\n<p class=\" wall-content\">Personnalisez votre actualit\u00e9 en ajoutant vos villes et m\u00e9dias en favori avec <a href=\"https:\/\/moncompte.actu.fr\" title=\"D\u00e9couvez Mon Actu\" rel=\"nofollow noopener\" data-trk=\"{&quot;cta&quot;:{&quot;action&quot;:&quot;https:\\\/\\\/moncompte.actu.fr&quot;,&quot;category&quot;:&quot;mon compte&quot;,&quot;from&quot;:&quot;article footer&quot;,&quot;name&quot;:&quot;Mon actu&quot;,&quot;type&quot;:&quot;cta&quot;}}\" target=\"_blank\">Mon Actu<\/a>.<\/p>\n","protected":false},"excerpt":{"rendered":"Par Guillaume Laurens Publi\u00e9 le 9 oct. 2025 \u00e0 19h27 En cette rentr\u00e9e 2025, Tiss\u00e9o a mis le&hellip;\n","protected":false},"author":2,"featured_media":450832,"comment_status":"","ping_status":"","sticky":false,"template":"","format":"standard","meta":{"footnotes":""},"categories":[2816],"tags":[1111,11,1777,674,1011,27,12,2680,25,104,5400,2312,2803],"class_list":{"0":"post-450831","1":"post","2":"type-post","3":"status-publish","4":"format-standard","5":"has-post-thumbnail","7":"category-toulouse","8":"tag-actu","9":"tag-actualites","10":"tag-eu","11":"tag-europe","12":"tag-fr","13":"tag-france","14":"tag-news","15":"tag-occitanie","16":"tag-republique-francaise","17":"tag-societe","18":"tag-tisseo","19":"tag-toulouse","20":"tag-transport"},"share_on_mastodon":{"url":"https:\/\/pubeurope.com\/@fr\/115346056425106124","error":""},"_links":{"self":[{"href":"https:\/\/www.europesays.com\/fr\/wp-json\/wp\/v2\/posts\/450831","targetHints":{"allow":["GET"]}}],"collection":[{"href":"https:\/\/www.europesays.com\/fr\/wp-json\/wp\/v2\/posts"}],"about":[{"href":"https:\/\/www.europesays.com\/fr\/wp-json\/wp\/v2\/types\/post"}],"author":[{"embeddable":true,"href":"https:\/\/www.europesays.com\/fr\/wp-json\/wp\/v2\/users\/2"}],"replies":[{"embeddable":true,"href":"https:\/\/www.europesays.com\/fr\/wp-json\/wp\/v2\/comments?post=450831"}],"version-history":[{"count":0,"href":"https:\/\/www.europesays.com\/fr\/wp-json\/wp\/v2\/posts\/450831\/revisions"}],"wp:featuredmedia":[{"embeddable":true,"href":"https:\/\/www.europesays.com\/fr\/wp-json\/wp\/v2\/media\/450832"}],"wp:attachment":[{"href":"https:\/\/www.europesays.com\/fr\/wp-json\/wp\/v2\/media?parent=450831"}],"wp:term":[{"taxonomy":"category","embeddable":true,"href":"https:\/\/www.europesays.com\/fr\/wp-json\/wp\/v2\/categories?post=450831"},{"taxonomy":"post_tag","embeddable":true,"href":"https:\/\/www.europesays.com\/fr\/wp-json\/wp\/v2\/tags?post=450831"}],"curies":[{"name":"wp","href":"https:\/\/api.w.org\/{rel}","templated":true}]}}