{"id":450839,"date":"2025-10-09T20:21:16","date_gmt":"2025-10-09T20:21:16","guid":{"rendered":"https:\/\/www.europesays.com\/fr\/450839\/"},"modified":"2025-10-09T20:21:16","modified_gmt":"2025-10-09T20:21:16","slug":"sebastien-barles-et-le-collectif-vai-en-appellent-a-une-autre-metropole-aix-marseille","status":"publish","type":"post","link":"https:\/\/www.europesays.com\/fr\/450839\/","title":{"rendered":"S\u00e9bastien Barles et le collectif Va\u00ef en appellent \u00e0 une autre M\u00e9tropole Aix-Marseille"},"content":{"rendered":"<p>C\u2019est une des le\u00e7ons que l\u2019\u00e9cologiste S\u00e9bastien Barles (ex-EELV) retient des \u00e9lections <a href=\"https:\/\/www.laprovence.com\/article\/politique\/1134770462241416\/comment-la-droite-a-explose-facon-puzzle-lhistoire-secrete-des-municipales-de-2020-a-marseille\" target=\"_blank\" rel=\"nofollow noopener\">municipales de\u00a02020<\/a>\u00a0: lorsque le Printemps marseillais s\u2019est install\u00e9 \u00e0 la mairie, \u00ab\u00a0nous n\u2019avions pas r\u00e9ellement pens\u00e9 aux enjeux que repr\u00e9sentait la M\u00e9tropole\u00a0\u00bb, conc\u00e8de l\u2019adjoint \u00e0 la transition \u00e9cologique et conseiller m\u00e9tropolitain. Alors que <a href=\"https:\/\/www.laprovence.com\/article\/elections\/1049804801786915\/municipales-2026-a-marseille-martine-vassal-sera-candidate-a-la-presidence-de-la-metropole-notre-interview-exclusive\" target=\"_blank\" rel=\"nofollow noopener\">Martine Vassal (DVD)<\/a> m\u00e8ne campagne pour succ\u00e9der \u00e0 Beno\u00eet Payan (DVG) et conserver la pr\u00e9sidence de la M\u00e9tropole, l\u2019\u00e9cologiste marseillais conduit, de son c\u00f4t\u00e9, la fronde contre une \u00ab\u00a0M\u00e9tropole qui fragmente plus qu\u2019elle ne rassemble\u00a0\u00bb et esp\u00e8re rallier citoyens, associatifs et aussi d\u2019autres \u00e9lus de la M\u00e9tropole.<\/p>\n<p>En lan\u00e7ant, ce jeudi 9\u00a0octobre, un appel \u00ab\u00a0alter-m\u00e9tropole\u00a0\u00bb, le <a href=\"https:\/\/www.laprovence.com\/article\/elections\/3483748139873314\/municipales-2026-a-marseille-le-collectif-ecolo-citoyen-vai-veut-faire-peser-lavenir-du-port-dans-la-campagne\" target=\"_blank\" rel=\"nofollow noopener\">collectif Va\u00ef<\/a> plaide pour une gouvernance mixte, \u00ab\u00a0pour en finir avec un fonctionnement f\u00e9odal autour des grands barons et d\u2019une pr\u00e9sidente qui marche au chantage et au carnet de ch\u00e8ques\u00a0\u00bb. Entour\u00e9 de Jean-Luc Moya (Agir pour la Crau), de Corinne Iehl (sociologue), de Dominique Dias (urbaniste) ou des militantes \u00e9cologistes, Brigitte Apoth\u00e9loz et Bernadette Caillot, S\u00e9bastien Barles insiste\u00a0: \u00ab\u00a0Il faut en finir avec les strat\u00e9gies \u00e9conomiques de la M\u00e9tropole tourn\u00e9es vers la comp\u00e9titivit\u00e9 &#8230;<\/p>\n","protected":false},"excerpt":{"rendered":"C\u2019est une des le\u00e7ons que l\u2019\u00e9cologiste S\u00e9bastien Barles (ex-EELV) retient des \u00e9lections municipales de\u00a02020\u00a0: lorsque le Printemps marseillais&hellip;\n","protected":false},"author":2,"featured_media":450840,"comment_status":"","ping_status":"","sticky":false,"template":"","format":"standard","meta":{"footnotes":""},"categories":[2814],"tags":[17,1111,11,14285,12208,47719,7819,1777,674,1011,27,884,12,882,16,25,17417,96,36498],"class_list":{"0":"post-450839","1":"post","2":"type-post","3":"status-publish","4":"format-standard","5":"has-post-thumbnail","7":"category-marseille","8":"tag-17","9":"tag-actu","10":"tag-actualites","11":"tag-appellent","12":"tag-autre","13":"tag-barles","14":"tag-collectif","15":"tag-eu","16":"tag-europe","17":"tag-fr","18":"tag-france","19":"tag-marseille","20":"tag-news","21":"tag-provence-alpes-cote-dazur","22":"tag-region","23":"tag-republique-francaise","24":"tag-sebastien","25":"tag-une","26":"tag-vai"},"share_on_mastodon":{"url":"https:\/\/pubeurope.com\/@fr\/115346072252615508","error":""},"_links":{"self":[{"href":"https:\/\/www.europesays.com\/fr\/wp-json\/wp\/v2\/posts\/450839","targetHints":{"allow":["GET"]}}],"collection":[{"href":"https:\/\/www.europesays.com\/fr\/wp-json\/wp\/v2\/posts"}],"about":[{"href":"https:\/\/www.europesays.com\/fr\/wp-json\/wp\/v2\/types\/post"}],"author":[{"embeddable":true,"href":"https:\/\/www.europesays.com\/fr\/wp-json\/wp\/v2\/users\/2"}],"replies":[{"embeddable":true,"href":"https:\/\/www.europesays.com\/fr\/wp-json\/wp\/v2\/comments?post=450839"}],"version-history":[{"count":0,"href":"https:\/\/www.europesays.com\/fr\/wp-json\/wp\/v2\/posts\/450839\/revisions"}],"wp:featuredmedia":[{"embeddable":true,"href":"https:\/\/www.europesays.com\/fr\/wp-json\/wp\/v2\/media\/450840"}],"wp:attachment":[{"href":"https:\/\/www.europesays.com\/fr\/wp-json\/wp\/v2\/media?parent=450839"}],"wp:term":[{"taxonomy":"category","embeddable":true,"href":"https:\/\/www.europesays.com\/fr\/wp-json\/wp\/v2\/categories?post=450839"},{"taxonomy":"post_tag","embeddable":true,"href":"https:\/\/www.europesays.com\/fr\/wp-json\/wp\/v2\/tags?post=450839"}],"curies":[{"name":"wp","href":"https:\/\/api.w.org\/{rel}","templated":true}]}}