{"id":45084,"date":"2025-04-22T22:46:09","date_gmt":"2025-04-22T22:46:09","guid":{"rendered":"https:\/\/www.europesays.com\/fr\/45084\/"},"modified":"2025-04-22T22:46:09","modified_gmt":"2025-04-22T22:46:09","slug":"la-bourde-danne-elisabeth-lemoine-face-a-louane-a-lapproche-de-leurovision","status":"publish","type":"post","link":"https:\/\/www.europesays.com\/fr\/45084\/","title":{"rendered":"la bourde d\u2019Anne-Elisabeth Lemoine face \u00e0 Louane \u00e0 l\u2019approche de l\u2019Eurovision"},"content":{"rendered":"<p>                             Par     <a class=\"fig-content-metas__author\" href=\"https:\/\/www.lefigaro.fr\/auteur\/mathilde-seifert\" rel=\"author nofollow noopener\" target=\"_blank\">Mathilde Seifert<\/a><\/p>\n<p>\n            Publi\u00e9<br \/>\n                le 22 avril 2025 \u00e0 21h52,<br \/>\n                 mis \u00e0 jour le 22 avril 2025 \u00e0 22h00<\/p>\n<p>    Anne-Elisabeth Lemoine et Louane<br \/>\n                Capture d&rsquo;\u00e9cran<\/p>\n<p>La 69e \u00e9dition du Concours de la chanson se tiendra \u00e0 B\u00e2le en Suisse les 13, 15 et 17 mai prochains. Et \u00e0 quelques jours de l\u2019\u00e9v\u00e9nement, la repr\u00e9sentante fran\u00e7aise \u00e9tait invit\u00e9e sur le plateau de \u00abC \u00e0 vous\u00bb.<\/p>\n<p class=\"fig-paragraph\">J-22. Dans moins d\u2019un mois, la 69e \u00e9dition du Concours Eurovision de la chanson d\u00e9butera. Apr\u00e8s\u00a0<a href=\"http:\/\/tvmag.lefigaro.fr\/programme-tv\/actu-tele\/eurovision-2024-qui-est-le-suisse-nemo-le-grand-vainqueur-du-concours-20240512\" target=\"_blank\" data-fig-type=\"Article\" rel=\"noopener nofollow\" data-gtm-custom-categorie=\"navigation\" data-gtm-custom-action=\"crossclick\" data-gtm-custom-label=\"Contextuel\" data-gtm-event=\"customEventSPE\" data-fig-domain=\"TVMAG\">la victoire l\u2019an pass\u00e9 de Nemo<\/a>\u00a0et la\u00a0<a href=\"http:\/\/tvmag.lefigaro.fr\/programme-tv\/people\/j-espere-que-vous-etes-fiers-de-moi-slimane-emu-aux-larmes-reagit-a-sa-quatrieme-place-a-l-eurovision-2024-20240512\" target=\"_blank\" data-fig-type=\"Article\" rel=\"noopener nofollow\" data-gtm-custom-categorie=\"navigation\" data-gtm-custom-action=\"crossclick\" data-gtm-custom-label=\"Contextuel\" data-gtm-event=\"customEventSPE\" data-fig-domain=\"TVMAG\">4e place du repr\u00e9sentant fran\u00e7ais Slimane<\/a>, c\u2019est la chanteuse Louane qui sera charg\u00e9e de porter les couleurs de la France \u00e0 B\u00e2le en Suisse les 13, 15 et 17 mai prochains.<\/p>\n<p class=\"fig-paragraph\">La jeune femme, r\u00e9v\u00e9l\u00e9e \u00e0 tout juste 16 ans dans l\u2019\u00e9mission t\u00e9l\u00e9vis\u00e9e\u00a0<a href=\"http:\/\/tvmag.lefigaro.fr\/pqr-actutele\/dossier\/the-voice\" target=\"_blank\" data-fig-type=\"Topic\" rel=\"noopener nofollow\" data-gtm-custom-categorie=\"navigation\" data-gtm-custom-action=\"crossclick\" data-gtm-custom-label=\"Contextuel\" data-gtm-event=\"customEventSPE\" data-fig-domain=\"TVMAG\">\u00abThe Voice\u00bb<\/a>, a choisi de concourir \u00e0 cet \u00e9v\u00e9nement pour r\u00e9aliser son r\u00eave, mais \u00e9galement celui de sa m\u00e8re d\u00e9c\u00e9d\u00e9e des suites d\u2019un cancer lorsqu\u2019elle n\u2019\u00e9tait encore qu\u2019une adolescente. En la m\u00e9moire de sa m\u00e8re, et pour sa fille Esm\u00e9e \u00e2g\u00e9e de 5 ans, Louane a d\u00e9cid\u00e9 de repr\u00e9senter la France avec son titre in\u00e9dit intitul\u00e9 Maman qu\u2019elle a\u00a0<a href=\"http:\/\/tvmag.lefigaro.fr\/programme-tv\/actu-tele\/eurovision-2025-decouvrez-la-chanson-avec-laquelle-louane-representera-la-france-20250315\" target=\"_blank\" data-fig-type=\"Article\" rel=\"noopener nofollow\" data-gtm-custom-categorie=\"navigation\" data-gtm-custom-action=\"crossclick\" data-gtm-custom-label=\"Contextuel\" data-gtm-event=\"customEventSPE\" data-fig-domain=\"TVMAG\">d\u00e9voil\u00e9 \u00e0 la mi-temps<\/a>\u00a0du match de rugby France &#8211; \u00c9cosse au Stade de France le 15 mars dernier.<\/p>\n<p class=\"fig-body-link\">\n            \u00c0 lire aussi<br \/>\n        <a class=\"fig-body-link__link\" href=\"http:\/\/tvmag.lefigaro.fr\/programme-tv\/actu-tele\/eurovision-a-un-mois-du-concours-louane-est-elle-bien-placee-chez-les-bookmakers-20250417\" target=\"_blank\" data-fig-type=\"Article\" rel=\"noopener nofollow\" data-gtm-custom-categorie=\"navigation\" data-gtm-custom-action=\"crossclick\" data-gtm-custom-label=\"Contextuel\" data-gtm-event=\"customEventSPE\" data-fig-domain=\"TVMAG\">Eurovision 2025\u00a0: \u00e0 un mois du concours, Louane est-elle bien plac\u00e9e chez les bookmakers\u00a0?<br \/>\n    <\/a>\n<\/p>\n<p class=\"fig-paragraph\">La chanteuse a r\u00e9interpr\u00e9t\u00e9 son titre en direct ce mardi 22 avril sur la sc\u00e8ne de \u00abC \u00e0 vous\u00bb. Une fois la prestation achev\u00e9e, la jeune femme a pu rejoindre Anne-Elisabeth Lemoine accompagn\u00e9e de son \u00e9quipe de chroniqueurs, mais \u00e9galement de St\u00e9phane Bern, invit\u00e9 et commentateur fran\u00e7ais de l\u2019Eurovision pour la douzi\u00e8me fois. \u00abC\u2019est une chanson qui m\u2019\u00e9meut beaucoup. C\u2019est pour \u00e7a que je suis tr\u00e8s heureux d\u2019aller \u00e0 l\u2019Eurovision avec Louane. On est port\u00e9s par cette chanson, on est port\u00e9s par Louane. Je trouve qu\u2019il y a quelque chose, la France is back (La France est de retour ndlr)\u00bb, a d\u00e9clar\u00e9 fi\u00e8rement St\u00e9phane Bern sur le plateau de l\u2019\u00e9mission de France 5.<\/p>\n<p>\u00abLa France is back\u00bb<\/p>\n<p class=\"fig-paragraph\">Une remarque qui a le m\u00e9rite de flatter l\u2019int\u00e9ress\u00e9e, mais \u00e9galement d\u2019ajouter \u00e0 son stress d\u00e9j\u00e0 pr\u00e9sent. Et ce n\u2019est pas Anne-Elisabeth Lemoine qui va contredire le Monsieur Patrimoine de France T\u00e9l\u00e9visions. \u00abMais c\u2019est vrai. Je sais que vous n\u2019aimez pas regarder les bookmakers etc mais plus \u00e7a va, plus vous remontez dans les favoris\u00bb, a-t-elle l\u00e2ch\u00e9 \u00e0 l\u2019attention de Louane. Une information qui n\u2019\u00e9tait visiblement pas en sa possession. Apr\u00e8s que Babeth Lemoine lui a assur\u00e9 qu\u2019elle avait gagn\u00e9 des places dans le classement des preneurs de paris, la chanteuse n\u2019a pu cacher sa surprise. \u00abVous \u00eates troisi\u00e8me l\u00e0 maintenant. Plus \u00e7a va, et plus vous montez&#8230;\u00bb, a confi\u00e9 la pr\u00e9sentatrice avant de r\u00e9aliser\u00a0: \u00abIl ne fallait pas vous le dire\u00a0?\u00bb<\/p>\n<blockquote class=\"fig-quote&#10;    \">\n<p class=\"fig-quote__text\">Personne n\u2019a vu les prestations, tout peut changer la semaine de r\u00e9p\u00e9titions<\/p>\n<p>            Louane\n    <\/p><\/blockquote>\n<p class=\"fig-paragraph\">\u00abCe n\u2019est pas grave\u00bb, a r\u00e9torqu\u00e9 la repr\u00e9sentante fran\u00e7aise 2025 avant de d\u00e9tailler son propos\u00a0: \u00abC\u2019est bizarre mais il y a vraiment deux c\u00f4t\u00e9s \u00e0 l\u2019int\u00e9rieur de moi actuellement. Je pense qu\u2019on sent le stress. On n\u2019est pas loin des dates donc \u00e7a commence \u00e0 \u00eatre un peu intense. Il y a un c\u00f4t\u00e9 o\u00f9 je me dis que c\u2019est beaucoup de pression d\u2019\u00eatre aussi haute maintenant. Et \u00e0 la fois je me dis que \u00e7a ne veut rien dire. Personne n\u2019a vu les prestations, tout peut changer la semaine de r\u00e9p\u00e9titions.\u00bb Une explication qui n\u2019a pas pleinement convaincu Anne-Elisabeth Lemoine et cette derni\u00e8re ne s\u2019est pas abstenue de le lui dire. \u00abJe ne suis pas tout \u00e0 fait d\u2019accord. Vous avez jou\u00e9 \u00e0 Amsterdam. \u00c0 l\u2019applaudim\u00e8tre, \u00e7a, c\u2019est un fait, vous \u00e9tiez troisi\u00e8me, a-t-elle martel\u00e9 avant de se temp\u00e9rer\u00a0: Mais vous avez raison, peu importe. Ce qui compte, c\u2019est votre \u00e9tat d\u2019esprit.\u00bb\u00a0<\/p>\n","protected":false},"excerpt":{"rendered":"Par Mathilde Seifert Publi\u00e9 le 22 avril 2025 \u00e0 21h52, mis \u00e0 jour le 22 avril 2025 \u00e0&hellip;\n","protected":false},"author":2,"featured_media":45085,"comment_status":"","ping_status":"","sticky":false,"template":"","format":"standard","meta":{"footnotes":""},"categories":[8],"tags":[497,496,5631,499,58,59,2399,1011,27,4501,500,504,505,495,503,502,501,498],"class_list":{"0":"post-45084","1":"post","2":"type-post","3":"status-publish","4":"format-standard","5":"has-post-thumbnail","7":"category-divertissement","8":"tag-actu-tv","9":"tag-actualite-tv","10":"tag-anne-elisabeth-lemoine","11":"tag-buzz-tv","12":"tag-divertissement","13":"tag-entertainment","14":"tag-eurovision","15":"tag-fr","16":"tag-france","17":"tag-louane","18":"tag-medias","19":"tag-news-tele","20":"tag-news-television","21":"tag-news-tv","22":"tag-programme-tele","23":"tag-programme-tv","24":"tag-quiz-tv","25":"tag-tv-actu"},"share_on_mastodon":{"url":"https:\/\/pubeurope.com\/@fr\/114384049753893517","error":""},"_links":{"self":[{"href":"https:\/\/www.europesays.com\/fr\/wp-json\/wp\/v2\/posts\/45084","targetHints":{"allow":["GET"]}}],"collection":[{"href":"https:\/\/www.europesays.com\/fr\/wp-json\/wp\/v2\/posts"}],"about":[{"href":"https:\/\/www.europesays.com\/fr\/wp-json\/wp\/v2\/types\/post"}],"author":[{"embeddable":true,"href":"https:\/\/www.europesays.com\/fr\/wp-json\/wp\/v2\/users\/2"}],"replies":[{"embeddable":true,"href":"https:\/\/www.europesays.com\/fr\/wp-json\/wp\/v2\/comments?post=45084"}],"version-history":[{"count":0,"href":"https:\/\/www.europesays.com\/fr\/wp-json\/wp\/v2\/posts\/45084\/revisions"}],"wp:featuredmedia":[{"embeddable":true,"href":"https:\/\/www.europesays.com\/fr\/wp-json\/wp\/v2\/media\/45085"}],"wp:attachment":[{"href":"https:\/\/www.europesays.com\/fr\/wp-json\/wp\/v2\/media?parent=45084"}],"wp:term":[{"taxonomy":"category","embeddable":true,"href":"https:\/\/www.europesays.com\/fr\/wp-json\/wp\/v2\/categories?post=45084"},{"taxonomy":"post_tag","embeddable":true,"href":"https:\/\/www.europesays.com\/fr\/wp-json\/wp\/v2\/tags?post=45084"}],"curies":[{"name":"wp","href":"https:\/\/api.w.org\/{rel}","templated":true}]}}