{"id":450841,"date":"2025-10-09T20:22:11","date_gmt":"2025-10-09T20:22:11","guid":{"rendered":"https:\/\/www.europesays.com\/fr\/450841\/"},"modified":"2025-10-09T20:22:11","modified_gmt":"2025-10-09T20:22:11","slug":"linvasion-des-bancs-sur-la-place-castellane-dans-le-cadre-de-performer-la-ville-a-marseille","status":"publish","type":"post","link":"https:\/\/www.europesays.com\/fr\/450841\/","title":{"rendered":"\u00ab\u00a0L&rsquo;invasion des bancs\u00a0\u00bb sur la place Castellane dans le cadre de \u00ab\u00a0Performer la Ville\u00a0\u00bb \u00e0 Marseille"},"content":{"rendered":"<p>Flavie, 50\u00a0ans, est venue d\u2019Aubagne, pour participer<a href=\"https:\/\/www.laprovence.com\/article\/culture-loisirs\/4326847777264514\/performer-la-ville-une-premiere-edition-pour-jouer-avec-l-espace-urbain-a-marseille\" target=\"_blank\" rel=\"nofollow noopener\"> \u00e0 cette performance<\/a> qui \u00e9tait ouverte \u00e0 tous sur inscription. \u00ab\u00a0J\u2019ai \u00e9t\u00e9 attir\u00e9e par l\u2019id\u00e9e de cr\u00e9er du dialogue et j\u2019\u00e9tais curieuse de voir comme cela allait \u00eatre possible.\u00a0\u00bb Elle est rest\u00e9e autour de la <a href=\"https:\/\/www.laprovence.com\/article\/region\/1911828419890115\/pour-les-cyclistes-marseillais-la-place-castellane-est-un-immense-gachis\" target=\"_blank\" rel=\"nofollow noopener\">place Castellane (6e)<\/a> pendant plus d\u2019une heure avec un petit banc en bois montable.<\/p>\n<p>\u00ab\u00a0Cela suscitait le sourire, j\u2019allais vers les personnes avec qui j\u2019avais un contact visuel, et je leur disais\u00a0: &lsquo;j\u2019ai un banc, est-ce que \u00e7a vous dit de vous assoir \u00e0 c\u00f4t\u00e9 de moi\u00a0? Et en plus j\u2019ai une question\u00a0!\u00a0\u00bb Flavie a ainsi demand\u00e9 \u00e0 ceux qui ont pris le temps de monter son banc et de s\u2019y poser avec elle \u00ab\u00a0ce qui \u00e9tait important et beau dans leur vie actuelle\u00a0\u00bb. \u00ab\u00a0Certains m\u2019ont r\u00e9pondu juste un mot\u00a0: l\u2019amour. D\u2019autres, la force d\u2019\u00eatre en vie. Pour les jeunes, c\u2019\u00e9tait la play, l\u2019argent et les filles (rires).\u00a0\u00bb<\/p>\n<p><a href=\"https:\/\/www.laprovence.com\/article\/culture-loisirs\/375633464111114\/la-gare-saint-charles-a-marseille-envahie-d-affiches-poetiques\" target=\"_blank\" rel=\"nofollow noopener\">Cette performance urbaine <\/a>est l\u2019initiative des artistes belges Els Degryse et Dieter Missiaen de la compagnie KRAK. \u00ab\u00a0On veut montrer qu\u2019il existe une autre possibilit\u00e9. Dans une soci\u00e9t\u00e9 id\u00e9ale cette performance ne serait pas n\u00e9cessaire, explique Dieter Missiaen. Il s\u2019agit de ralentir, de se tourner vers l\u2019autre et de rassembler les gens. Et de voir aussi dans ces \u00e9changes de regards ce qu\u2019il reste de beau dans ce monde.\u00a0\u00bb Chaque personne rencontr\u00e9e dans la matin\u00e9e \u00e9tait ensuite convi\u00e9e, \u00e0 13 h, au \u00ab\u00a0banquet\u00a0\u00bb final, un rassemblement sur tous les bancs, pour boire un verre ensemble.<\/p>\n<p>\u00ab\u00a0C\u2019\u00e9tait chouette de faire partie d\u2019un mouvement et d\u2019oser, commente Flavie, assise avec les autres poseurs de banc et leurs invit\u00e9s pour trinquer au son d\u2019un violon. Je me demandais jusqu\u2019o\u00f9 je pouvais aller dans l\u2019\u00e9change pour ne pas \u00eatre trop intrusive, j\u2019ai essay\u00e9 d\u2019\u00eatre \u00e0 l\u2019\u00e9coute, de laisser la place \u00e0 l\u2019autre. J\u2019ai dit un peu de moi, si on me le demandait ensuite.\u00a0\u00bb<\/p>\n<p>Derni\u00e8re performance ce vendredi 10 octobre sur la place S\u00e9bastopol. lieuxpublics.com<\/p>\n","protected":false},"excerpt":{"rendered":"Flavie, 50\u00a0ans, est venue d\u2019Aubagne, pour participer \u00e0 cette performance qui \u00e9tait ouverte \u00e0 tous sur inscription. \u00ab\u00a0J\u2019ai&hellip;\n","protected":false},"author":2,"featured_media":450842,"comment_status":"","ping_status":"","sticky":false,"template":"","format":"standard","meta":{"footnotes":""},"categories":[2814],"tags":[17,1111,11,30234,4110,251,1446,154,1777,674,1011,27,57659,884,12,5536,882,25,3356],"class_list":{"0":"post-450841","1":"post","2":"type-post","3":"status-publish","4":"format-standard","5":"has-post-thumbnail","7":"category-marseille","8":"tag-17","9":"tag-actu","10":"tag-actualites","11":"tag-bancs","12":"tag-castellane","13":"tag-culture","14":"tag-dans","15":"tag-des","16":"tag-eu","17":"tag-europe","18":"tag-fr","19":"tag-france","20":"tag-linvasion","21":"tag-marseille","22":"tag-news","23":"tag-place","24":"tag-provence-alpes-cote-dazur","25":"tag-republique-francaise","26":"tag-sur"},"share_on_mastodon":{"url":"https:\/\/pubeurope.com\/@fr\/115346076135964970","error":""},"_links":{"self":[{"href":"https:\/\/www.europesays.com\/fr\/wp-json\/wp\/v2\/posts\/450841","targetHints":{"allow":["GET"]}}],"collection":[{"href":"https:\/\/www.europesays.com\/fr\/wp-json\/wp\/v2\/posts"}],"about":[{"href":"https:\/\/www.europesays.com\/fr\/wp-json\/wp\/v2\/types\/post"}],"author":[{"embeddable":true,"href":"https:\/\/www.europesays.com\/fr\/wp-json\/wp\/v2\/users\/2"}],"replies":[{"embeddable":true,"href":"https:\/\/www.europesays.com\/fr\/wp-json\/wp\/v2\/comments?post=450841"}],"version-history":[{"count":0,"href":"https:\/\/www.europesays.com\/fr\/wp-json\/wp\/v2\/posts\/450841\/revisions"}],"wp:featuredmedia":[{"embeddable":true,"href":"https:\/\/www.europesays.com\/fr\/wp-json\/wp\/v2\/media\/450842"}],"wp:attachment":[{"href":"https:\/\/www.europesays.com\/fr\/wp-json\/wp\/v2\/media?parent=450841"}],"wp:term":[{"taxonomy":"category","embeddable":true,"href":"https:\/\/www.europesays.com\/fr\/wp-json\/wp\/v2\/categories?post=450841"},{"taxonomy":"post_tag","embeddable":true,"href":"https:\/\/www.europesays.com\/fr\/wp-json\/wp\/v2\/tags?post=450841"}],"curies":[{"name":"wp","href":"https:\/\/api.w.org\/{rel}","templated":true}]}}