{"id":450844,"date":"2025-10-09T20:24:24","date_gmt":"2025-10-09T20:24:24","guid":{"rendered":"https:\/\/www.europesays.com\/fr\/450844\/"},"modified":"2025-10-09T20:24:24","modified_gmt":"2025-10-09T20:24:24","slug":"cinq-kilometres-de-plus-jusquau-quartier-des-etats-unis","status":"publish","type":"post","link":"https:\/\/www.europesays.com\/fr\/450844\/","title":{"rendered":"cinq kilom\u00e8tres de plus jusqu\u2019au quartier des Etats-Unis"},"content":{"rendered":"<p>Le monde affluait ce mercredi apr\u00e8s-midi au croisement de la rue des Rancy et du boulevard Vivier Merle. \u00c9lus, techniciens, associations et habitants \u00e9taient r\u00e9unis pour l\u2019inauguration du nouveau tron\u00e7on de cinq kilom\u00e8tres de la Voie Lyonnaise 2 (VL2), qui relie d\u00e9sormais le centre-ville au boulevard des \u00c9tats-Unis.<\/p>\n<p>Des discours introductifs du maire de Lyon, Gr\u00e9gory Doucet (LE) et du pr\u00e9sident de la m\u00e9tropole, Bruno Bernard (EELV) ont \u00e9t\u00e9&#8230;<\/p>\n","protected":false},"excerpt":{"rendered":"Le monde affluait ce mercredi apr\u00e8s-midi au croisement de la rue des Rancy et du boulevard Vivier Merle.&hellip;\n","protected":false},"author":2,"featured_media":450845,"comment_status":"","ping_status":"","sticky":false,"template":"","format":"standard","meta":{"footnotes":""},"categories":[1889],"tags":[1111,11,2430,3542,2757,1777,674,1011,27,2428,4751,4750,12,25,2803],"class_list":{"0":"post-450844","1":"post","2":"type-post","3":"status-publish","4":"format-standard","5":"has-post-thumbnail","7":"category-lyon","8":"tag-actu","9":"tag-actualites","10":"tag-auvergne-rhone-alpes","11":"tag-circulation","12":"tag-edition-lyon-villeurbanne","13":"tag-eu","14":"tag-europe","15":"tag-fr","16":"tag-france","17":"tag-lyon","18":"tag-lyon-3e","19":"tag-lyon-3e-arrondissement","20":"tag-news","21":"tag-republique-francaise","22":"tag-transport"},"share_on_mastodon":{"url":"https:\/\/pubeurope.com\/@fr\/115346083862920085","error":""},"_links":{"self":[{"href":"https:\/\/www.europesays.com\/fr\/wp-json\/wp\/v2\/posts\/450844","targetHints":{"allow":["GET"]}}],"collection":[{"href":"https:\/\/www.europesays.com\/fr\/wp-json\/wp\/v2\/posts"}],"about":[{"href":"https:\/\/www.europesays.com\/fr\/wp-json\/wp\/v2\/types\/post"}],"author":[{"embeddable":true,"href":"https:\/\/www.europesays.com\/fr\/wp-json\/wp\/v2\/users\/2"}],"replies":[{"embeddable":true,"href":"https:\/\/www.europesays.com\/fr\/wp-json\/wp\/v2\/comments?post=450844"}],"version-history":[{"count":0,"href":"https:\/\/www.europesays.com\/fr\/wp-json\/wp\/v2\/posts\/450844\/revisions"}],"wp:featuredmedia":[{"embeddable":true,"href":"https:\/\/www.europesays.com\/fr\/wp-json\/wp\/v2\/media\/450845"}],"wp:attachment":[{"href":"https:\/\/www.europesays.com\/fr\/wp-json\/wp\/v2\/media?parent=450844"}],"wp:term":[{"taxonomy":"category","embeddable":true,"href":"https:\/\/www.europesays.com\/fr\/wp-json\/wp\/v2\/categories?post=450844"},{"taxonomy":"post_tag","embeddable":true,"href":"https:\/\/www.europesays.com\/fr\/wp-json\/wp\/v2\/tags?post=450844"}],"curies":[{"name":"wp","href":"https:\/\/api.w.org\/{rel}","templated":true}]}}