{"id":450848,"date":"2025-10-09T20:27:16","date_gmt":"2025-10-09T20:27:16","guid":{"rendered":"https:\/\/www.europesays.com\/fr\/450848\/"},"modified":"2025-10-09T20:27:16","modified_gmt":"2025-10-09T20:27:16","slug":"au-proces-de-cedric-jubillar-un-pathetique-carrousel-de-temoins","status":"publish","type":"post","link":"https:\/\/www.europesays.com\/fr\/450848\/","title":{"rendered":"Au proc\u00e8s de C\u00e9dric Jubillar, un path\u00e9tique carrousel de t\u00e9moins"},"content":{"rendered":"<p>                         <img loading=\"lazy\" decoding=\"async\" src=\"https:\/\/www.europesays.com\/fr\/wp-content\/uploads\/2025\/10\/4be7cf2_upload-1-33awhjp6q16b-aquindo-procesjubillara-09-10-2025-jennifer-cj.jpg\" alt=\"Jennifer C. t\u00e9moigne en visioconf\u00e9rence devant la cour d\u2019assises du Tarn, \u00e0 Albi, le 9\u00a0octobre 2025.\"   width=\"664\" height=\"443\"\/>    Jennifer C. t\u00e9moigne en visioconf\u00e9rence devant la cour d\u2019assises du Tarn, \u00e0 Albi, le 9\u00a0octobre 2025.  SERGIO AQUINDO POUR \u00ab\u00a0LE MONDE\u00a0\u00bb                 <\/p>\n<p class=\"article__paragraph  \">Tous ont d\u00e9j\u00e0 \u00e9t\u00e9 consacr\u00e9s stars de l\u2019affaire Jubillar. Leur d\u00e9position, mercredi\u00a08\u00a0et jeudi 9\u00a0octobre, devant la cour d\u2019assises du Tarn \u00e0 Albi, <a href=\"https:\/\/www.lemonde.fr\/societe\/article\/2025\/09\/21\/le-proces-de-cedric-jubillar-apres-quatre-ans-d-enquete-sans-scene-de-crime-ni-corps-s-ouvre-a-albi_6642290_3224.html\" rel=\"nofollow noopener\" target=\"_blank\">qui juge C\u00e9dric Jubillar pour le meurtre de son \u00e9pouse Delphine<\/a>, n\u2019est pour eux qu\u2019une prestation de plus apr\u00e8s le plateau de Cyril Hanouna dans Touche pas \u00e0 mon poste\u00a0!, l\u2019\u00e9mission Sept \u00e0 Huit, W9 ou BFM-TV, le micro de Marc-Olivier Fogiel ou les entretiens accord\u00e9s \u00e0 divers quotidiens.<\/p>\n<p class=\"article__paragraph  \">Voil\u00e0 donc un ex-cod\u00e9tenu de C\u00e9dric Jubillar, condamn\u00e9 deux fois pour \u00ab\u00a0subornation de t\u00e9moins\u00a0\u00bb et lib\u00e9r\u00e9 apr\u00e8s avoir purg\u00e9 une peine de vingt-deux\u00a0ans pour \u00ab\u00a0viol avec actes de torture et de barbarie\u00a0\u00bb. Deux femmes paum\u00e9es, visiblement d\u00e9truites par l\u2019abus d\u2019alcool et de stup\u00e9fiants, qui ont partag\u00e9 l\u2019intimit\u00e9 de l\u2019accus\u00e9 apr\u00e8s la disparition de son \u00e9pouse. Et un ex-surveillant de prison, ex-policier, ex-d\u00e9l\u00e9gu\u00e9 d\u00e9partemental du Rassemblement national dans le Loiret, conseiller r\u00e9gional d\u00e9sormais ralli\u00e9 \u00e0 Eric Zemmour.<\/p>\n<p>                              Lire aussi |  Article r\u00e9serv\u00e9 \u00e0 nos abonn\u00e9s  <a href=\"https:\/\/www.lemonde.fr\/societe\/article\/2025\/10\/04\/au-proces-jubillar-le-trop-et-le-trop-peu-des-deux-premieres-semaines-d-audience_6644375_3224.html\" class=\"js-article-read-also catcher--favoris__link\" data-premium=\"1\" id=\"article-title-3440783\" rel=\"nofollow noopener\" target=\"_blank\">Au proc\u00e8s Jubillar, le trop et le trop peu des deux premi\u00e8res semaines d\u2019audience<\/a>    <\/p>\n<p>   Lire plus tard  <\/p>\n<p class=\"article__paragraph  \">\u00ab\u00a0J\u2019\u00e9tais DPS [d\u00e9tenu particuli\u00e8rement surveill\u00e9]\u00a0\u00bb, dit le premier, Marco D.., 40\u00a0ans. Une nuit o\u00f9 C\u00e9dric Jubillar avait \u00ab\u00a0fum\u00e9\u00a0\u00bb, il lui aurait \u00ab\u00a0cri\u00e9\u00a0\u00bb par la fen\u00eatre de la cellule voisine de la sienne qu\u2019il s\u2019\u00e9tait \u00ab\u00a0d\u00e9barrass\u00e9\u00a0\u00bb de \u00ab\u00a0l\u2019autre\u00a0\u00bb dans \u00ab\u00a0la ferme qui a br\u00fbl\u00e9\u00a0\u00bb. \u00ab\u00a0Il m\u2019a dit\u00a0: \u201cY z\u2019ont m\u00eame pas trouv\u00e9 le couteau, ces abrutis\u201d.\u00a0\u00bb La premi\u00e8re id\u00e9e de Marco D., une fois remis en libert\u00e9, a \u00e9t\u00e9 de chercher le corps de \u00ab\u00a0l\u2019autre\u00a0\u00bb \u2013 \u00ab\u00a0Je l\u2019appelle comme \u00e7a, parce qu\u2019il l\u2019appelait comme \u00e7a\u00a0\u00bb \u2013 et de le transporter \u00e0 proximit\u00e9 du domicile du \u00ab\u00a0connard\u00a0de Montauban\u00a0\u00bb (<a href=\"https:\/\/www.lemonde.fr\/societe\/article\/2025\/10\/07\/au-proces-de-cedric-jubillar-un-amant-et-du-brouillard_6644896_3224.html\" rel=\"nofollow noopener\" target=\"_blank\">l\u2019amant de Delphine Jubillar<\/a>), \u00ab\u00a0pour l\u2019ADN\u00a0\u00bb. <\/p>\n<p class=\"reading-mode-only \"><strong>Il vous reste 71.2% de cet article \u00e0 lire. La suite est r\u00e9serv\u00e9e aux abonn\u00e9s.<\/strong><\/p>\n","protected":false},"excerpt":{"rendered":"Jennifer C. t\u00e9moigne en visioconf\u00e9rence devant la cour d\u2019assises du Tarn, \u00e0 Albi, le 9\u00a0octobre 2025. SERGIO AQUINDO&hellip;\n","protected":false},"author":2,"featured_media":450849,"comment_status":"","ping_status":"","sticky":false,"template":"","format":"standard","meta":{"footnotes":""},"categories":[1888],"tags":[1111,1928,11,1927,1777,674,1011,27,12,1926,626,1925,25],"class_list":{"0":"post-450848","1":"post","2":"type-post","3":"status-publish","4":"format-standard","5":"has-post-thumbnail","7":"category-paris","8":"tag-actu","9":"tag-actu-paris","10":"tag-actualites","11":"tag-actualites-paris","12":"tag-eu","13":"tag-europe","14":"tag-fr","15":"tag-france","16":"tag-news","17":"tag-news-paris","18":"tag-paris","19":"tag-paris-news","20":"tag-republique-francaise"},"share_on_mastodon":{"url":"https:\/\/pubeurope.com\/@fr\/115346095130528238","error":""},"_links":{"self":[{"href":"https:\/\/www.europesays.com\/fr\/wp-json\/wp\/v2\/posts\/450848","targetHints":{"allow":["GET"]}}],"collection":[{"href":"https:\/\/www.europesays.com\/fr\/wp-json\/wp\/v2\/posts"}],"about":[{"href":"https:\/\/www.europesays.com\/fr\/wp-json\/wp\/v2\/types\/post"}],"author":[{"embeddable":true,"href":"https:\/\/www.europesays.com\/fr\/wp-json\/wp\/v2\/users\/2"}],"replies":[{"embeddable":true,"href":"https:\/\/www.europesays.com\/fr\/wp-json\/wp\/v2\/comments?post=450848"}],"version-history":[{"count":0,"href":"https:\/\/www.europesays.com\/fr\/wp-json\/wp\/v2\/posts\/450848\/revisions"}],"wp:featuredmedia":[{"embeddable":true,"href":"https:\/\/www.europesays.com\/fr\/wp-json\/wp\/v2\/media\/450849"}],"wp:attachment":[{"href":"https:\/\/www.europesays.com\/fr\/wp-json\/wp\/v2\/media?parent=450848"}],"wp:term":[{"taxonomy":"category","embeddable":true,"href":"https:\/\/www.europesays.com\/fr\/wp-json\/wp\/v2\/categories?post=450848"},{"taxonomy":"post_tag","embeddable":true,"href":"https:\/\/www.europesays.com\/fr\/wp-json\/wp\/v2\/tags?post=450848"}],"curies":[{"name":"wp","href":"https:\/\/api.w.org\/{rel}","templated":true}]}}