{"id":450850,"date":"2025-10-09T20:28:49","date_gmt":"2025-10-09T20:28:49","guid":{"rendered":"https:\/\/www.europesays.com\/fr\/450850\/"},"modified":"2025-10-09T20:28:49","modified_gmt":"2025-10-09T20:28:49","slug":"vitaa-et-adriana-karembeu-assurent-avec-chic-a-paris-non-loin-des-deux-charmants-fils-dune-star-de-la-television","status":"publish","type":"post","link":"https:\/\/www.europesays.com\/fr\/450850\/","title":{"rendered":"Vitaa et Adriana Karembeu assurent avec chic \u00e0 Paris, non loin des deux charmants fils d&rsquo;une star de la t\u00e9l\u00e9vision"},"content":{"rendered":"<p class=\"mb-4 text-lg md:leading-8 break-words\">Chic parisien et glamour \u00e0 l&rsquo;\u00e9tat pur ! Adriana Karembeu et Vitaa, deux ic\u00f4nes de style, ont illumin\u00e9 une soir\u00e9e prestigieuse sous les regards admiratifs. Mais ce duo \u00e9blouissant n&rsquo;\u00e9tait pas le seul \u00e0 faire sensation, puisque deux jeunes hommes aux noms c\u00e9l\u00e8bres ont \u00e9galement captiv\u00e9 l&rsquo;attention.<\/p>\n<p class=\"mb-4 text-lg md:leading-8 break-words\">Dans l&rsquo;\u00e9crin d&rsquo;\u00e9l\u00e9gance et de chic qu&rsquo;est l&rsquo;h\u00f4tel parisien Le Meurice, de nombreux invit\u00e9s ont pu c\u00e9l\u00e9brer le lancement de la nouvelle cr\u00e9ation HFC Paris (Haute Fragrance Company) : le parfum Forbidden Whisper. Parmi les personnalit\u00e9s qui ont fait le d\u00e9placement, les regards ont eu du mal \u00e0 se d\u00e9tourner d&rsquo;Adriana Karembeu et de Vitaa. La star des podiums et celle de la chanson ont d&rsquo;ailleurs pos\u00e9 ensemble pour un instant glamour \u00e0 souhait !<\/p>\n<p class=\"mb-4 text-lg md:leading-8 break-words\">Dans un tailleur noir recouvert de sequins et ceintur\u00e9 par de l&rsquo;organza, <a href=\"https:\/\/www.purepeople.com\/people\/adriana-karembeu_p1254\" rel=\"nofollow noopener\" target=\"_blank\" data-ylk=\"slk:Adriana Karembeu;elm:context_link;itc:0;sec:content-canvas\" class=\"link \">Adriana Karembeu<\/a> \u00e9tait plus divine que jamais. Une allure qui a d\u00fb mettre des \u00e9toiles dans les yeux \u00e0 <a href=\"https:\/\/fr.news.yahoo.com\/adriana-karembeu-fille-nina-change-205800153.html\" data-ylk=\"slk:sa fille Nina (7 ans);elm:context_link;itc:0;sec:content-canvas;outcm:mb_qualified_link;_E:mb_qualified_link;ct:story;\" class=\"link  yahoo-link\" target=\"_blank\" rel=\"noopener\">sa fille Nina (7 ans)<\/a>, fruit de sa relation pass\u00e9e avec l&rsquo;homme d&rsquo;affaires <a href=\"https:\/\/fr.news.yahoo.com\/adriana-karembeu-freinerait-processus-divorce-113900781.html\" data-ylk=\"slk:Aram Ohanian;elm:context_link;itc:0;sec:content-canvas;outcm:mb_qualified_link;_E:mb_qualified_link;ct:story;\" class=\"link  yahoo-link\" target=\"_blank\" rel=\"noopener\">Aram Ohanian<\/a>. Son carr\u00e9 court rendait son allure tr\u00e8s sophistiqu\u00e9e et elle a pris la pose, non pas avec son compagnon <a href=\"https:\/\/www.purepeople.com\/people\/marc-lavoine_p513\" rel=\"nofollow noopener\" target=\"_blank\" data-ylk=\"slk:Marc Lavoine;elm:context_link;itc:0;sec:content-canvas\" class=\"link \">Marc Lavoine<\/a> qui n&rsquo;\u00e9tait pas pr\u00e9sent, mais au c\u00f4t\u00e9 de la chanteuse <a href=\"https:\/\/www.purepeople.com\/people\/vitaa_p753\" rel=\"nofollow noopener\" target=\"_blank\" data-ylk=\"slk:Vitaa;elm:context_link;itc:0;sec:content-canvas\" class=\"link \">Vitaa<\/a>.<\/p>\n<p class=\"mb-4 text-lg md:leading-8 break-words\">Habill\u00e9e d&rsquo;un ensemble \u00e0 rayures, elle a mis en valeur sa silhouette tonique, fruit <a href=\"https:\/\/fr.news.yahoo.com\/perdre-7-kilos-4-mois-064800092.html\" data-ylk=\"slk:d&#039;entra\u00eenement intense en salle de sport;elm:context_link;itc:0;sec:content-canvas;outcm:mb_qualified_link;_E:mb_qualified_link;ct:story;\" class=\"link  yahoo-link\" target=\"_blank\" rel=\"noopener\">d&rsquo;entra\u00eenement intense en salle de sport<\/a> comme elle le montre sur Instagram. M\u00e8re de 3 enfants avec <a href=\"https:\/\/fr.news.yahoo.com\/vitaa-mari%C3%A9e-au-discret-hicham-130500622.html\" data-ylk=\"slk:Hicham Bendaoud,;elm:context_link;itc:0;sec:content-canvas;outcm:mb_qualified_link;_E:mb_qualified_link;ct:story;\" class=\"link  yahoo-link\" target=\"_blank\" rel=\"noopener\">Hicham Bendaoud,<\/a> la chanteuse \u00e9tait tout simplement sublime. Ce mercredi soir, elle avait rang\u00e9 ses leggings pour un ensemble qui lui sied \u00e0 merveille et r\u00e9pand son charisme comme dans ses chansons.<\/p>\n<p class=\"mb-4 text-lg md:leading-8 break-words\">Les fils de Flavie Flament r\u00e9unis<\/p>\n<p class=\"mb-4 text-lg md:leading-8 break-words\">Parmi les invit\u00e9s de la soir\u00e9e de lancement du nouveau parfum HFC, on pouvait \u00e9galement relever la pr\u00e9sence des experts en danse Brahim Zaibat et Maxime Dereymez mais aussi deux jeunes hommes au patronyme bien connu. Il s&rsquo;agit des enfants de l&rsquo;animatrice <a href=\"https:\/\/www.purepeople.com\/people\/flavie-flament_p48\" rel=\"nofollow noopener\" target=\"_blank\" data-ylk=\"slk:Flavie Flament;elm:context_link;itc:0;sec:content-canvas\" class=\"link \">Flavie Flament<\/a>, <a href=\"https:\/\/fr.news.yahoo.com\/flavie-flament-baggy-chemise-xxl-104400736.html\" data-ylk=\"slk:Enzo Castaldi;elm:context_link;itc:0;sec:content-canvas;outcm:mb_qualified_link;_E:mb_qualified_link;ct:story;\" class=\"link  yahoo-link\" target=\"_blank\" rel=\"noopener\">Enzo Castaldi<\/a>, 21 ans, dont le p\u00e8re est le pr\u00e9sentateur et chroniqueur <a href=\"https:\/\/www.purepeople.com\/people\/benjamin-castaldi_p45\" rel=\"nofollow noopener\" target=\"_blank\" data-ylk=\"slk:Benjamin Castaldi;elm:context_link;itc:0;sec:content-canvas\" class=\"link \">Benjamin Castaldi<\/a>, et <a href=\"https:\/\/fr.news.yahoo.com\/flavie-flament-bikini-fils-a%C3%AEn%C3%A9-220400039.html\" data-ylk=\"slk:Antoine Flament;elm:context_link;itc:0;sec:content-canvas;outcm:mb_qualified_link;_E:mb_qualified_link;ct:story;\" class=\"link  yahoo-link\" target=\"_blank\" rel=\"noopener\">Antoine Flament<\/a>, 29 ans, qu&rsquo;elle a eu d&rsquo;une pr\u00e9c\u00e9dente relation. L&rsquo;a\u00een\u00e9 de l&rsquo;ancien visage de <a href=\"https:\/\/fr.news.yahoo.com\/lon-sait-nouvelle-%C3%A9mission-flavie-160500195.html\" data-ylk=\"slk:T\u00e9l\u00e9matin;elm:context_link;itc:0;sec:content-canvas;outcm:mb_qualified_link;_E:mb_qualified_link;ct:story;\" class=\"link  yahoo-link\" target=\"_blank\" rel=\"noopener\">T\u00e9l\u00e9matin<\/a> a choisi d&rsquo;\u00eatre photographe, tandis que le plus jeune construit son parcours sous le regard bienveillant de ses c\u00e9l\u00e8bres parents. Deux jeunes hommes fringants et complices lors de cet \u00e9v\u00e9nement au doux parfum de chic !<\/p>\n<p class=\"mb-4 text-lg md:leading-8 break-words\"><a href=\"https:\/\/www.purepeople.com\/article\/vitaa-et-adriana-karembeu-assurent-avec-chic-a-paris-non-loin-des-deux-charmants-fils-dune-star-de-la-television_a543410\/1\" rel=\"nofollow noopener\" target=\"_blank\" data-ylk=\"slk:Article original sur Purepeople;elm:context_link;itc:0;sec:content-canvas\" class=\"link \">Article original sur Purepeople<\/a><\/p>\n","protected":false},"excerpt":{"rendered":"Chic parisien et glamour \u00e0 l&rsquo;\u00e9tat pur ! Adriana Karembeu et Vitaa, deux ic\u00f4nes de style, ont illumin\u00e9&hellip;\n","protected":false},"author":2,"featured_media":450851,"comment_status":"","ping_status":"","sticky":false,"template":"","format":"standard","meta":{"footnotes":""},"categories":[1888],"tags":[1111,1928,11,1927,6382,57661,1777,674,1011,27,57662,57660,12,1926,626,1925,25,26648],"class_list":{"0":"post-450850","1":"post","2":"type-post","3":"status-publish","4":"format-standard","5":"has-post-thumbnail","7":"category-paris","8":"tag-actu","9":"tag-actu-paris","10":"tag-actualites","11":"tag-actualites-paris","12":"tag-adriana-karembeu","13":"tag-des-etoiles","14":"tag-eu","15":"tag-europe","16":"tag-fr","17":"tag-france","18":"tag-haute-fragrance-company","19":"tag-la-soiree-de-lancement","20":"tag-news","21":"tag-news-paris","22":"tag-paris","23":"tag-paris-news","24":"tag-republique-francaise","25":"tag-vitaa"},"share_on_mastodon":{"url":"","error":""},"_links":{"self":[{"href":"https:\/\/www.europesays.com\/fr\/wp-json\/wp\/v2\/posts\/450850","targetHints":{"allow":["GET"]}}],"collection":[{"href":"https:\/\/www.europesays.com\/fr\/wp-json\/wp\/v2\/posts"}],"about":[{"href":"https:\/\/www.europesays.com\/fr\/wp-json\/wp\/v2\/types\/post"}],"author":[{"embeddable":true,"href":"https:\/\/www.europesays.com\/fr\/wp-json\/wp\/v2\/users\/2"}],"replies":[{"embeddable":true,"href":"https:\/\/www.europesays.com\/fr\/wp-json\/wp\/v2\/comments?post=450850"}],"version-history":[{"count":0,"href":"https:\/\/www.europesays.com\/fr\/wp-json\/wp\/v2\/posts\/450850\/revisions"}],"wp:featuredmedia":[{"embeddable":true,"href":"https:\/\/www.europesays.com\/fr\/wp-json\/wp\/v2\/media\/450851"}],"wp:attachment":[{"href":"https:\/\/www.europesays.com\/fr\/wp-json\/wp\/v2\/media?parent=450850"}],"wp:term":[{"taxonomy":"category","embeddable":true,"href":"https:\/\/www.europesays.com\/fr\/wp-json\/wp\/v2\/categories?post=450850"},{"taxonomy":"post_tag","embeddable":true,"href":"https:\/\/www.europesays.com\/fr\/wp-json\/wp\/v2\/tags?post=450850"}],"curies":[{"name":"wp","href":"https:\/\/api.w.org\/{rel}","templated":true}]}}