{"id":450852,"date":"2025-10-09T20:29:18","date_gmt":"2025-10-09T20:29:18","guid":{"rendered":"https:\/\/www.europesays.com\/fr\/450852\/"},"modified":"2025-10-09T20:29:18","modified_gmt":"2025-10-09T20:29:18","slug":"un-nouveau-parcours-lumineux-magique-va-illuminer-le-jardin-des-plantes","status":"publish","type":"post","link":"https:\/\/www.europesays.com\/fr\/450852\/","title":{"rendered":"Un nouveau parcours lumineux magique va illuminer le Jardin des Plantes"},"content":{"rendered":"<p>D\u00e8s le <strong>12 novembre prochain<\/strong>, le <strong>Jardin des Plantes <\/strong>vous donne rendez-vous pour une<strong> 7e \u00e9dition f\u00e9\u00e9rique<\/strong> de son parcours lumineux d\u00e9sormais c\u00e9l\u00e8bre <strong>En voie d&rsquo;Illuminations<\/strong>. Et apr\u00e8s les <strong>insectes,<\/strong> les <strong>animaux disparus,<\/strong> les <strong>dinosaures,<\/strong> les <strong>animaux<\/strong> <strong>de la jungle <\/strong>ou encore les <strong>mammif\u00e8res<\/strong> <strong>marins g\u00e9ants<\/strong>, cette ann\u00e9e, ce parc qui compte parmi les plus beaux de la capitale s\u2019int\u00e9resse aux<strong> \u00ab\u00a0Lumi\u00e8res de la Nature\u00a0\u00bb.<\/strong> Au programme\u00a0: <strong>bioluminescence, fluorescence<\/strong> et <strong>incandescence<\/strong> de tous les c\u00f4t\u00e9s, pour en prendre plein les yeux.<\/p>\n<p>&#13;<br \/>\n<br \/>On ne change pas une \u00e9quipe qui gagne&#13;<\/p>\n<p>Pour cette <strong>toute nouvelle saison,<\/strong> le principe, que vous commencez \u00e0 bien conna\u00eetre, reste le m\u00eame. Une <strong>grande d\u00e9ambulation<\/strong> au c\u0153ur du <strong><a href=\"https:\/\/www.lebonbon.fr\/paris\/loisirs\/jardin-des-plantes-paris-tout-ce-qu-il-faut-savoir\/\" rel=\"nofollow noopener\" target=\"_blank\">Jardin<\/a> <a href=\"https:\/\/www.lebonbon.fr\/paris\/loisirs\/jardin-des-plantes-paris-tout-ce-qu-il-faut-savoir\/\" rel=\"nofollow noopener\" target=\"_blank\">des<\/a> <a href=\"https:\/\/www.lebonbon.fr\/paris\/loisirs\/jardin-des-plantes-paris-tout-ce-qu-il-faut-savoir\/\" rel=\"nofollow noopener\" target=\"_blank\">Plantes<\/a>, d\u00e8s 18h,<\/strong> pendant toute la<strong> p\u00e9riode des f\u00eates de fin d\u2019ann\u00e9e<\/strong>. Le parcours, aussi <strong>f\u00e9erique<\/strong> que <strong>scientifique,<\/strong> a pour but <strong>d\u2019\u00e9duquer<\/strong> et <strong>d\u2019\u00e9merveiller<\/strong> les visiteurs, qui d\u00e9couvrent chaque ann\u00e9e une<strong> toute nouvelle part du monde naturel<\/strong>, en lumi\u00e8re.<\/p>\n<p>&#13;<\/p>\n<blockquote class=\"instagram-media\" data-instgrm-permalink=\"https:\/\/www.instagram.com\/p\/DPEh_BBDval\/?utm_source=ig_embed&amp;utm_campaign=loading\" data-instgrm-version=\"14\" style=\"background: #FFF; border: 0; border-radius: 3px; box-shadow: 0 0 1px 0 rgba(0,0,0,0.5),0 1px 10px 0 rgba(0,0,0,0.15); margin: 1px; max-width: 540px; min-width: 326px; padding: 0; width: calc(100% - 2px);\"><p>&#13;<br \/>\n&#13;\n<\/p><\/blockquote>\n<p>&#13;<br \/>\n&#13;<\/p>\n<p>Chaque <strong>parcelle de terrain<\/strong>, chaque<strong> fa\u00e7ade de b\u00e2timent<\/strong> est mise \u00e0 contribution pour proposer ici et l\u00e0 des <strong>prouesses de technologie<\/strong>. Bornes, panneaux, <strong>projections, vid\u00e9omapping, installations lumineuses,<\/strong> les animations se d\u00e9clinent \u00e0 l\u2019infini pour notre plus grand plaisir, afin de nous offrir <strong>un tour du monde de la lumi\u00e8re.<\/strong> Et cette ann\u00e9e, gr\u00e2ce \u00e0 de <strong>nouveaux proc\u00e9d\u00e9s uniques,<\/strong> l\u2019exp\u00e9rience promet d\u2019\u00eatre encore<strong> <a href=\"https:\/\/www.lebonbon.fr\/paris\/les-tops-culture\/expos-immersives-paris-2025\/\" rel=\"nofollow noopener\" target=\"_blank\">plus<\/a> <a href=\"https:\/\/www.lebonbon.fr\/paris\/les-tops-culture\/expos-immersives-paris-2025\/\" rel=\"nofollow noopener\" target=\"_blank\">immersive<\/a> <a href=\"https:\/\/www.lebonbon.fr\/paris\/les-tops-culture\/expos-immersives-paris-2025\/\" rel=\"nofollow noopener\" target=\"_blank\">que<\/a> <a href=\"https:\/\/www.lebonbon.fr\/paris\/les-tops-culture\/expos-immersives-paris-2025\/\" rel=\"nofollow noopener\" target=\"_blank\">jamais<\/a>.<\/strong><\/p>\n<p>&#13;<br \/>\n<br \/>Et la lumi\u00e8re fut&#13;<\/p>\n<p>C\u2019est un <strong>tout nouveau sujet<\/strong> que nous propose cette fois-ci le Jardin des Plantes, bien loin de ses <strong>maquettes g\u00e9antes d\u2019animaux<\/strong>, en s\u2019attaquant \u00e0 un <strong>concept beaucoup plus abstrait<\/strong>\u00a0: les diff\u00e9rentes<strong> formes de la lumi\u00e8re au sein de la nature<\/strong>. Du minuscule point brillant d\u2019une <strong>luciole<\/strong> aux geysers de lave d\u2019un <strong>volcan en \u00e9ruption,<\/strong> en passant par des <strong><a href=\"https:\/\/www.lebonbon.fr\/paris\/loisirs\/ocean-12-mini-golf-indoor-fluorescent-300-m2-paris\/\" rel=\"nofollow noopener\" target=\"_blank\">m\u00e9duses<\/a> <a href=\"https:\/\/www.lebonbon.fr\/paris\/loisirs\/ocean-12-mini-golf-indoor-fluorescent-300-m2-paris\/\" rel=\"nofollow noopener\" target=\"_blank\">fluorescentes<\/a><\/strong> et des <strong><a href=\"https:\/\/www.lebonbon.fr\/paris\/news\/trou-noir-centre-notre-galaxie-enfin-pris-photo\/\" rel=\"nofollow noopener\" target=\"_blank\">galaxies<\/a> <a href=\"https:\/\/www.lebonbon.fr\/paris\/news\/trou-noir-centre-notre-galaxie-enfin-pris-photo\/\" rel=\"nofollow noopener\" target=\"_blank\">\u00e9blouissantes<\/a>,<\/strong> chacune des sources, qu\u2019elle soit <strong>terrestre, marine, c\u00e9leste ou min\u00e9rale<\/strong>, est ici sublim\u00e9e pour notre plus grand plaisir. Un <strong>spectacle magique,<\/strong> explorant des <strong>ph\u00e9nom\u00e8nes r\u00e9els<\/strong> et <strong>naturels<\/strong> souvent m\u00e9connus, pour <strong>nous en mettre plein la vue<\/strong>\u00a0!<\/p>\n<p>&#13;<\/p>\n<p><img loading=\"lazy\" decoding=\"async\" src=\"https:\/\/www.europesays.com\/fr\/wp-content\/uploads\/2025\/10\/jardin-plantes-paris-illuminations-noel-parcours-lumiere-le-bonbon-paris.jpg\" width=\"1000\" height=\"595\" alt=\"jardin-plantes-paris-illuminations-noel-parcours-lumiere-le-bonbon-paris\"\/><br \/>\u00a9 CosmoAV<\/p>\n<p>&#13;<\/p>\n<p><strong>En voie d\u2019illumination\u00a0: Lumi\u00e8res de la Nature <\/strong><br \/><strong>Jardin des Plantes <\/strong><br \/><strong>Place Valhubert \u2013 5e <\/strong><br \/><strong>Du 12 novembre 2025 au 18 janvier 2026 de 18h \u00e0 22h<\/strong><br \/><strong> R\u00e9servation obligatoire <\/strong><br \/><strong><a href=\"https:\/\/www.jardindesplantesdeparis.fr\/fr\/illuminations\" rel=\"nofollow noopener noreferrer\" target=\"_blank\">Plus d\u2019infos<\/a><\/strong><\/p>\n<p><script async src=\"\/\/www.instagram.com\/embed.js\"><\/script><\/p>\n","protected":false},"excerpt":{"rendered":"D\u00e8s le 12 novembre prochain, le Jardin des Plantes vous donne rendez-vous pour une 7e \u00e9dition f\u00e9\u00e9rique de&hellip;\n","protected":false},"author":2,"featured_media":450853,"comment_status":"","ping_status":"","sticky":false,"template":"","format":"standard","meta":{"footnotes":""},"categories":[1888],"tags":[11,1777,674,1011,27,12,626,25],"class_list":{"0":"post-450852","1":"post","2":"type-post","3":"status-publish","4":"format-standard","5":"has-post-thumbnail","7":"category-paris","8":"tag-actualites","9":"tag-eu","10":"tag-europe","11":"tag-fr","12":"tag-france","13":"tag-news","14":"tag-paris","15":"tag-republique-francaise"},"share_on_mastodon":{"url":"https:\/\/pubeurope.com\/@fr\/115346103601287750","error":""},"_links":{"self":[{"href":"https:\/\/www.europesays.com\/fr\/wp-json\/wp\/v2\/posts\/450852","targetHints":{"allow":["GET"]}}],"collection":[{"href":"https:\/\/www.europesays.com\/fr\/wp-json\/wp\/v2\/posts"}],"about":[{"href":"https:\/\/www.europesays.com\/fr\/wp-json\/wp\/v2\/types\/post"}],"author":[{"embeddable":true,"href":"https:\/\/www.europesays.com\/fr\/wp-json\/wp\/v2\/users\/2"}],"replies":[{"embeddable":true,"href":"https:\/\/www.europesays.com\/fr\/wp-json\/wp\/v2\/comments?post=450852"}],"version-history":[{"count":0,"href":"https:\/\/www.europesays.com\/fr\/wp-json\/wp\/v2\/posts\/450852\/revisions"}],"wp:featuredmedia":[{"embeddable":true,"href":"https:\/\/www.europesays.com\/fr\/wp-json\/wp\/v2\/media\/450853"}],"wp:attachment":[{"href":"https:\/\/www.europesays.com\/fr\/wp-json\/wp\/v2\/media?parent=450852"}],"wp:term":[{"taxonomy":"category","embeddable":true,"href":"https:\/\/www.europesays.com\/fr\/wp-json\/wp\/v2\/categories?post=450852"},{"taxonomy":"post_tag","embeddable":true,"href":"https:\/\/www.europesays.com\/fr\/wp-json\/wp\/v2\/tags?post=450852"}],"curies":[{"name":"wp","href":"https:\/\/api.w.org\/{rel}","templated":true}]}}