{"id":450854,"date":"2025-10-09T20:31:49","date_gmt":"2025-10-09T20:31:49","guid":{"rendered":"https:\/\/www.europesays.com\/fr\/450854\/"},"modified":"2025-10-09T20:31:49","modified_gmt":"2025-10-09T20:31:49","slug":"la-charge-danne-hidalgo-contre-rachida-dati-en-plein-conseil-de-paris","status":"publish","type":"post","link":"https:\/\/www.europesays.com\/fr\/450854\/","title":{"rendered":"la charge d\u2019Anne Hidalgo contre Rachida Dati en plein conseil de Paris"},"content":{"rendered":"<p>\n    Rachida Dati a profit\u00e9 d\u2019une prise de parole, lors du Conseil de Paris ce mercredi, pour d\u00e9noncer des notes de frais d\u00e9pens\u00e9es par un \u00e9lu PS parisien. Anne Hidalgo a ripost\u00e9 en \u00e9voquant son proc\u00e8s pour corruption.<\/p>\n<p class=\"fig-paragraph\">Nouveau\u00a0<a href=\"http:\/\/www.lefigaro.fr\/flash-actu\/gaza-le-conseil-de-paris-accepte-de-rendre-hommage-aux-victimes-palestiniennes-20250703\" data-fig-type=\"NewsFlash\" data-gtm-custom-categorie=\"navigation\" data-gtm-custom-action=\"crossclick\" data-gtm-custom-label=\"Contextuel\" data-gtm-event=\"customEventSPE\" data-fig-domain=\"LEFIGARO\" target=\"_blank\" rel=\"noopener\">conseil de Paris<\/a>, nouvelle passe d\u2019armes entre\u00a0<a href=\"http:\/\/www.lefigaro.fr\/musique\/anne-hidalgo-apporte-son-soutien-a-la-dj-barbara-butch-victime-a-nouveau-de-cyberharcelement-20251008\" data-fig-type=\"NewsFlash\" data-gtm-custom-categorie=\"navigation\" data-gtm-custom-action=\"crossclick\" data-gtm-custom-label=\"Contextuel\" data-gtm-event=\"customEventSPE\" data-fig-domain=\"LEFIGARO\" target=\"_blank\" rel=\"noopener\">Anne Hidalgo<\/a>\u00a0et\u00a0<a href=\"http:\/\/www.lefigaro.fr\/actualite-france\/le-signalement-pour-outrage-a-magistrat-visant-rachida-dati-classe-sans-suite-par-le-parquet-de-paris-20251007\" data-fig-type=\"NewsFlash\" data-gtm-custom-categorie=\"navigation\" data-gtm-custom-action=\"crossclick\" data-gtm-custom-label=\"Contextuel\" data-gtm-event=\"customEventSPE\" data-fig-domain=\"LEFIGARO\" target=\"_blank\" rel=\"noopener\">Rachida Dati<\/a>. La maire du 7e arrondissement a reproch\u00e9 \u00e0 la maire de la capitale son train de vie et celui de ses proches, en pleine pol\u00e9mique sur les frais de mandat des \u00e9lus parisiens. Celle-ci a ripost\u00e9 sur les accusations de lobbying et de corruption dont est soup\u00e7onn\u00e9e sa rivale.<\/p>\n<p class=\"fig-paragraph\">Rachida Dati a profit\u00e9 d\u2019une prise de parole sur un tout autre sujet, li\u00e9 \u00e0 la rentr\u00e9e scolaire dans les \u00e9coles parisiennes, pour interpeller la maire de Paris\u00a0: \u00abVous, vous n\u2019\u00eates pas choqu\u00e9e par les pr\u00e8s de 10.000\u20ac de frais de pressing et de repas familiaux pay\u00e9s par l\u2019argent des parisiens pour\u00a0<a href=\"http:\/\/www.lefigaro.fr\/flash-actu\/utilisation-illicite-de-frais-de-mandat-vers-une-exclusion-de-15-jours-des-deputes-kerbrat-lfi-et-engrand-rn-20250507\" data-fig-type=\"NewsFlash\" data-gtm-custom-categorie=\"navigation\" data-gtm-custom-action=\"crossclick\" data-gtm-custom-label=\"Contextuel\" data-gtm-event=\"customEventSPE\" data-fig-domain=\"LEFIGARO\" target=\"_blank\" rel=\"noopener\">Eric Lejoindre\u00a0?<\/a> \u00bb.\u00a0<\/p>\n<p>                                    <a class=\"fig-a11y-skip a11y-hidden\" href=\"#fig-a11y-skip-main-inarticle\"><br \/>\n        Passer la publicit\u00e9<br \/>\n    <\/a><\/p>\n<p class=\"fig-paragraph\">R\u00e9f\u00e9rence faite aux d\u00e9penses de frais de repr\u00e9sentation du maire du 18e arrondissement, publi\u00e9es dans le quotidien\u00a0<a href=\"https:\/\/www.liberation.fr\/idees-et-debats\/editorial\/plongee-dans-les-notes-de-frais-des-elus-parisiens-apres-la-transparence-labolition-necessaire-dun-privilege-20251002_VLW4T6M52BGIXERA46UBXVFEQI\/\" target=\"_blank\" rel=\"sponsored noopener\" data-gtm-custom-categorie=\"navigation\" data-gtm-custom-action=\"crossclick\" data-gtm-custom-label=\"Contextuel\" data-gtm-event=\"customEventSPE\">Lib\u00e9ration<\/a> \u00a0le 2 octobre. Le journal y \u00e9pinglait \u00e9galement d\u2019autres notes de frais, \u00e9manant d\u2019autres \u00e9lus parisiens, de gauche comme de droite.<\/p>\n<p>\u00abPuisque vous allez \u00eatre jug\u00e9e pour corruption\u00bb<\/p>\n<p class=\"fig-paragraph\">Anne Hidalgo a en retour a mis Rachida Dati au \u00abd\u00e9fi\u00bb de r\u00e9ussir \u00e0 \u00abvivre avec l\u2019indemnit\u00e9 de 4 900 euros nets apr\u00e8s imp\u00f4ts\u00bb dont elle b\u00e9n\u00e9ficie en tant qu\u2019\u00e9dile. La socialiste a estim\u00e9 cela \u00abambitieux\u00bb pour sa rivale \u00abau vu de\u00a0[ses] revenus d\u00e9clar\u00e9s\u00bb.<\/p>\n<p class=\"fig-paragraph\">\u00abPourquoi tout cela existe\u00a0? Pour faire en sorte que \u00e7a marche, et deuxi\u00e8mement pour \u00e9viter que les \u00e9lus ne soient tent\u00e9s d\u2019aller travailler pour des int\u00e9r\u00eats priv\u00e9s pour assurer leur train de vie\u00bb, a insist\u00e9 Anne Hidalgo en r\u00e9f\u00e9rence aux accusations visant Rachida Dati. \u00abPuisque vous allez \u00eatre<a href=\"http:\/\/www.lefigaro.fr\/actualite-france\/rachida-dati-et-carlos-ghosn-renvoyes-en-proces-pour-corruption-et-trafic-d-influence-20250722\" data-fig-type=\"NewsFlash\" data-gtm-custom-categorie=\"navigation\" data-gtm-custom-action=\"crossclick\" data-gtm-custom-label=\"Contextuel\" data-gtm-event=\"customEventSPE\" data-fig-domain=\"LEFIGARO\" target=\"_blank\" rel=\"noopener\">\u00a0jug\u00e9e pour corruption en septembre 2026<\/a> . Le 16 septembre 2026\u00bb, a conclu l\u2019\u00e9dile socialiste.<\/p>\n","protected":false},"excerpt":{"rendered":"Rachida Dati a profit\u00e9 d\u2019une prise de parole, lors du Conseil de Paris ce mercredi, pour d\u00e9noncer des&hellip;\n","protected":false},"author":2,"featured_media":450855,"comment_status":"","ping_status":"","sticky":false,"template":"","format":"standard","meta":{"footnotes":""},"categories":[1888],"tags":[11,2618,1777,674,1011,27,12,626,417,25],"class_list":{"0":"post-450854","1":"post","2":"type-post","3":"status-publish","4":"format-standard","5":"has-post-thumbnail","7":"category-paris","8":"tag-actualites","9":"tag-anne-hidalgo","10":"tag-eu","11":"tag-europe","12":"tag-fr","13":"tag-france","14":"tag-news","15":"tag-paris","16":"tag-rachida-dati","17":"tag-republique-francaise"},"share_on_mastodon":{"url":"https:\/\/pubeurope.com\/@fr\/115346115536050507","error":""},"_links":{"self":[{"href":"https:\/\/www.europesays.com\/fr\/wp-json\/wp\/v2\/posts\/450854","targetHints":{"allow":["GET"]}}],"collection":[{"href":"https:\/\/www.europesays.com\/fr\/wp-json\/wp\/v2\/posts"}],"about":[{"href":"https:\/\/www.europesays.com\/fr\/wp-json\/wp\/v2\/types\/post"}],"author":[{"embeddable":true,"href":"https:\/\/www.europesays.com\/fr\/wp-json\/wp\/v2\/users\/2"}],"replies":[{"embeddable":true,"href":"https:\/\/www.europesays.com\/fr\/wp-json\/wp\/v2\/comments?post=450854"}],"version-history":[{"count":0,"href":"https:\/\/www.europesays.com\/fr\/wp-json\/wp\/v2\/posts\/450854\/revisions"}],"wp:featuredmedia":[{"embeddable":true,"href":"https:\/\/www.europesays.com\/fr\/wp-json\/wp\/v2\/media\/450855"}],"wp:attachment":[{"href":"https:\/\/www.europesays.com\/fr\/wp-json\/wp\/v2\/media?parent=450854"}],"wp:term":[{"taxonomy":"category","embeddable":true,"href":"https:\/\/www.europesays.com\/fr\/wp-json\/wp\/v2\/categories?post=450854"},{"taxonomy":"post_tag","embeddable":true,"href":"https:\/\/www.europesays.com\/fr\/wp-json\/wp\/v2\/tags?post=450854"}],"curies":[{"name":"wp","href":"https:\/\/api.w.org\/{rel}","templated":true}]}}