{"id":450864,"date":"2025-10-09T20:36:12","date_gmt":"2025-10-09T20:36:12","guid":{"rendered":"https:\/\/www.europesays.com\/fr\/450864\/"},"modified":"2025-10-09T20:36:12","modified_gmt":"2025-10-09T20:36:12","slug":"en-allemagne-et-en-autriche-les-departs-de-leglise-ralentissent-zenit","status":"publish","type":"post","link":"https:\/\/www.europesays.com\/fr\/450864\/","title":{"rendered":"En Allemagne et en Autriche, les d\u00e9parts de l\u2019\u00c9glise ralentissent &#8211; ZENIT"},"content":{"rendered":"<p>                    <a href=\"#\" rel=\"nofollow\" onclick=\"window.print(); return false;\" title=\"Printer Friendly, PDF &amp; Email\"><br \/>\n                    <img decoding=\"async\" class=\"pf-button-img\" src=\"https:\/\/www.europesays.com\/fr\/wp-content\/uploads\/2025\/04\/printfriendly-pdf-button.png\" alt=\"Print Friendly, PDF &amp; Email\" style=\"width: 112px;height: 24px;\"\/><br \/>\n                    <\/a><\/p>\n<p>\u00a0<\/p>\n<p>\u00a0<\/p>\n<p>(ZENIT News \/ Berne, 03\/10\/2025) \u2013 Pour la premi\u00e8re fois depuis des ann\u00e9es, l\u2019\u00c9glise catholique d\u2019Europe centrale a constat\u00e9 une diminution du nombre de fid\u00e8les quittant l\u2019\u00c9glise. Des chiffres r\u00e9cents provenant de Suisse, d\u2019Allemagne, d\u2019Autriche et m\u00eame de Belgique indiquent une baisse notable des d\u00e9parts officiels en 2024, un changement qui nous am\u00e8ne \u00e0 cette question\u00a0: s\u2019agit-il du d\u00e9but d\u2019une nouvelle tendance ou simplement d\u2019une pause statistique dans une crise prolong\u00e9e\u00a0?\u00a0<\/p>\n<p>En Suisse et en Allemagne<\/p>\n<p>En Suisse, 36 782 personnes ont officiellement quitt\u00e9 l\u2019\u00c9glise l\u2019an dernier, soit une chute spectaculaire de 46 % par rapport \u00e0 l\u2019exode record de 2023. L\u2019Allemagne a enregistr\u00e9 321 659 d\u00e9parts, un chiffre toujours alarmant, mais en baisse de 20 % par rapport \u00e0 l\u2019ann\u00e9e pr\u00e9c\u00e9dente. L\u2019Autriche a connu une baisse similaire, avec 71 531 d\u00e9parts, en baisse de 16 % sur un an. M\u00eame en Belgique, o\u00f9 un documentaire de 2023 sur les abus commis par des clercs a d\u00e9clench\u00e9 une vague de d\u00e9fections sans pr\u00e9c\u00e9dent, le nombre de personnes quittant l\u2019Eglise a diminu\u00e9 des deux tiers en 2024.<\/p>\n<p>Une r\u00e9gion soulag\u00e9e mais prudente<\/p>\n<p>Le soulagement est palpable dans une r\u00e9gion souvent regroup\u00e9e sous l\u2019abr\u00e9viation \u00ab DACH \u00bb (Allemagne, Autriche et Suisse), qui a longtemps \u00e9t\u00e9 le c\u0153ur de l\u2019Europe catholique et abrite encore des dizaines de millions de catholiques de nom. Mais la signification de ces nouvelles statistiques est loin d\u2019\u00eatre \u00e9vidente.<\/p>\n<p>Des signes de vitalit\u00e9<\/p>\n<p>Sur une note optimiste, les analystes notent que 2024 marque la deuxi\u00e8me ann\u00e9e cons\u00e9cutive de baisse des taux d\u2019abandon en Allemagne et en Autriche, ce qui sugg\u00e8re une tendance plut\u00f4t qu\u2019une co\u00efncidence. Une l\u00e9g\u00e8re mais notable hausse de la fr\u00e9quentation des messes, des bapt\u00eames d\u2019adultes et de la r\u00e9insertion dans l\u2019\u00c9glise a \u00e9galement \u00e9t\u00e9 enregistr\u00e9e dans les deux pays, tandis que la Belgique a enregistr\u00e9 une hausse de 4 % de la participation \u00e0 la messe, parall\u00e8lement \u00e0 une hausse continue des bapt\u00eames d\u2019adultes. Apr\u00e8s des ann\u00e9es de gros titres d\u00e9cevants, ces \u00e9tincelles de vitalit\u00e9 ne sont pas n\u00e9gligeables.<\/p>\n<p>Le cas particulier de la Suisse<\/p>\n<p>Le cas de la Suisse est plus complexe. Son pic en 2023 \u2013 pr\u00e8s de 67 500 d\u00e9parts \u2013 a \u00e9t\u00e9 provoqu\u00e9 par une vague d\u2019indignation \u00e0 la suite des r\u00e9v\u00e9lations d\u2019abus sexuels g\u00e9n\u00e9ralis\u00e9s, conjugu\u00e9e \u00e0 une enqu\u00eate ordonn\u00e9e par le Vatican sur des membres de la Conf\u00e9rence \u00e9piscopale suisse. Par cons\u00e9quent, la r\u00e9duction de pr\u00e8s de moiti\u00e9 du chiffre en 2024 pourrait refl\u00e9ter l\u2019att\u00e9nuation de ce scandale imm\u00e9diat, plut\u00f4t qu\u2019un changement plus profond des mentalit\u00e9s. N\u00e9anmoins, la baisse est si marqu\u00e9e que les observateurs se demandent si elle ne marque pas le d\u00e9but d\u2019un changement plus large.<\/p>\n<p>Des experts sceptiques<\/p>\n<p>Tout le monde n\u2019est pas convaincu. L\u2019Institut suisse de sociologie pastorale, qui a publi\u00e9 le rapport de septembre, met en garde contre une surinterpr\u00e9tation de la r\u00e9cession. Compar\u00e9e aux donn\u00e9es \u00e0 long terme, la tendance reste \u00e0 l\u2019\u00e9rosion progressive. Le total de 2024, bien que nettement inf\u00e9rieur \u00e0 celui de l\u2019ann\u00e9e pr\u00e9c\u00e9dente, d\u00e9passe n\u00e9anmoins le nombre de d\u00e9parts enregistr\u00e9s en 2022. \u00ab A long terme, on observe une lente augmentation de la propension \u00e0 partir \u00bb, conclut l\u2019institut, avertissant que les jeunes g\u00e9n\u00e9rations sont moins attach\u00e9es \u00e0 l\u2019\u00c9glise et moins susceptibles de compenser les pertes caus\u00e9es par le d\u00e9clin d\u00e9mographique.<\/p>\n<p>Un avenir incertain<\/p>\n<p>Cette tension entre signes encourageants \u00e0 court terme et tendances sombres \u00e0 long terme d\u00e9finit le d\u00e9bat actuel. Certains responsables de l\u2019\u00c9glise interpr\u00e8tent ces donn\u00e9es comme les premiers signes de stabilisation, voire d\u2019un timide renouveau dans des r\u00e9gions marqu\u00e9es par les scandales et la s\u00e9cularisation. D\u2019autres y voient une pause temporaire dans une spirale descendante continue, qui reprendra \u00e0 moins d\u2019une r\u00e9forme radicale ou d\u2019un regain inattendu de la foi.<\/p>\n<p>Entre d\u00e9clin et esp\u00e9rance<\/p>\n<p>La v\u00e9rit\u00e9 se situe probablement \u00e0 mi-chemin. Les pays de la r\u00e9gion DACH \u2013 et la sph\u00e8re germanophone au sens large, qui s\u2019\u00e9tend au Liechtenstein, au Luxembourg et \u00e0 certaines parties de la Belgique \u2013 restent un barom\u00e8tre du catholicisme en Europe. Si les d\u00e9parts continuent de baisser et que la participation augmente l\u00e9g\u00e8rement, l\u2019\u00c9glise pourrait assister au d\u00e9but d\u2019une lente reprise. Si, en revanche, le r\u00e9pit de 2024 s\u2019av\u00e8re de courte dur\u00e9e, les historiens pourraient consid\u00e9rer ces chiffres comme un simple recul statistique dans une p\u00e9riode de d\u00e9clin sur des d\u00e9cennies.<\/p>\n<p>Pour l\u2019instant, les catholiques de la r\u00e9gion ont au moins une raison de respirer : l\u2019h\u00e9morragie des d\u00e9parts a ralenti. S\u2019agit-il d\u2019une cicatrisation ou d\u2019une simple pause avant la reprise de l\u2019h\u00e9morragie ? Seules les ann\u00e9es \u00e0 venir permettront de r\u00e9pondre \u00e0 cette question.<\/p>\n","protected":false},"excerpt":{"rendered":"\u00a0 \u00a0 (ZENIT News \/ Berne, 03\/10\/2025) \u2013 Pour la premi\u00e8re fois depuis des ann\u00e9es, l\u2019\u00c9glise catholique d\u2019Europe&hellip;\n","protected":false},"author":2,"featured_media":450865,"comment_status":"","ping_status":"","sticky":false,"template":"","format":"standard","meta":{"footnotes":""},"categories":[1587],"tags":[11,672,1804,1805,1803,1777,674,9928,1801,12,1802],"class_list":{"0":"post-450864","1":"post","2":"type-post","3":"status-publish","4":"format-standard","5":"has-post-thumbnail","7":"category-allemagne","8":"tag-actualites","9":"tag-allemagne","10":"tag-bundesrepublik-deutschland","11":"tag-de","12":"tag-deutschland","13":"tag-eu","14":"tag-europe","15":"tag-feature2","16":"tag-germany","17":"tag-news","18":"tag-republique-federale-dallemagne"},"share_on_mastodon":{"url":"https:\/\/pubeurope.com\/@fr\/115346131697785079","error":""},"_links":{"self":[{"href":"https:\/\/www.europesays.com\/fr\/wp-json\/wp\/v2\/posts\/450864","targetHints":{"allow":["GET"]}}],"collection":[{"href":"https:\/\/www.europesays.com\/fr\/wp-json\/wp\/v2\/posts"}],"about":[{"href":"https:\/\/www.europesays.com\/fr\/wp-json\/wp\/v2\/types\/post"}],"author":[{"embeddable":true,"href":"https:\/\/www.europesays.com\/fr\/wp-json\/wp\/v2\/users\/2"}],"replies":[{"embeddable":true,"href":"https:\/\/www.europesays.com\/fr\/wp-json\/wp\/v2\/comments?post=450864"}],"version-history":[{"count":0,"href":"https:\/\/www.europesays.com\/fr\/wp-json\/wp\/v2\/posts\/450864\/revisions"}],"wp:featuredmedia":[{"embeddable":true,"href":"https:\/\/www.europesays.com\/fr\/wp-json\/wp\/v2\/media\/450865"}],"wp:attachment":[{"href":"https:\/\/www.europesays.com\/fr\/wp-json\/wp\/v2\/media?parent=450864"}],"wp:term":[{"taxonomy":"category","embeddable":true,"href":"https:\/\/www.europesays.com\/fr\/wp-json\/wp\/v2\/categories?post=450864"},{"taxonomy":"post_tag","embeddable":true,"href":"https:\/\/www.europesays.com\/fr\/wp-json\/wp\/v2\/tags?post=450864"}],"curies":[{"name":"wp","href":"https:\/\/api.w.org\/{rel}","templated":true}]}}