{"id":450868,"date":"2025-10-09T20:38:10","date_gmt":"2025-10-09T20:38:10","guid":{"rendered":"https:\/\/www.europesays.com\/fr\/450868\/"},"modified":"2025-10-09T20:38:10","modified_gmt":"2025-10-09T20:38:10","slug":"le-suspect-ciblait-des-celebrites-ayant-eu-des-propos-critiques-envers-les-antivax-et-un-depute-lfi-au-hasard","status":"publish","type":"post","link":"https:\/\/www.europesays.com\/fr\/450868\/","title":{"rendered":"le suspect ciblait des c\u00e9l\u00e9brit\u00e9s ayant eu des propos critiques envers les \u00ab\u00a0antivax\u00a0\u00bb et un \u00ab\u00a0d\u00e9put\u00e9 LFI au hasard\u00a0\u00bb"},"content":{"rendered":"<p>Le suspect \u00e2g\u00e9 d\u2019une cinquantaine d\u2019ann\u00e9es a \u00e9t\u00e9 interpell\u00e9 mercredi 8 octobre au matin dans le d\u00e9partement du Puy-de-D\u00f4me apr\u00e8s que la police a trouv\u00e9 trois colis pi\u00e9g\u00e9s de \u00ab\u00a0faible d\u00e9tonation\u00a0\u00bb destin\u00e9s \u00e0 des \u00ab\u00a0c\u00e9l\u00e9brit\u00e9s\u00a0\u00bb.<\/p>\n<p>Le suspect interpell\u00e9 mercredi 8 octobre dans <a href=\"https:\/\/www.bfmtv.com\/police-justice\/un-homme-place-en-garde-a-vue-dans-l-enquete-sur-les-colis-pieges-visant-des-celebrites_AN-202510080814.html\" title=\"Un homme plac\u00e9 en garde \u00e0 vue dans l&#039;enqu\u00eate sur les colis pi\u00e9g\u00e9s visant des c\u00e9l\u00e9brit\u00e9s\" class=\"internal_link\" rel=\"nofollow noopener\" target=\"_blank\">l&rsquo;enqu\u00eate sur les colis pi\u00e9g\u00e9s visant des c\u00e9l\u00e9brit\u00e9s<\/a> a cibl\u00e9 deux personnalit\u00e9s \u00ab\u00a0en raison des propos critiques envers les &lsquo;antivax&rsquo; qu\u2019elles auraient tenus\u00a0\u00bb, selon un communiqu\u00e9 du parquet de P\u00e9rigueux transmis \u00e0 BFMTV ce jeudi 9 octobre.<\/p>\n<p>\u00ab\u00a0En garde \u00e0 vue, l\u2019homme a reconnu \u00ab\u00a0avoir confectionn\u00e9 les colis contenant les dispositifs explosifs et les avoir post\u00e9s en Dordogne\u00a0\u00bb, a d\u00e9taill\u00e9 le communiqu\u00e9.<\/p>\n<p>Le suspect a expliqu\u00e9 qu&rsquo;un colis \u00e9tait \u00e0 destination d&rsquo;un \u00ab\u00a0d\u00e9put\u00e9 LFI au hasard\u00a0\u00bb, et a \u00e9t\u00e9 adress\u00e9 \u00e0 Manuel Bompard. Les deux autres colis \u00e9taient \u00e0 destination de la journaliste \u00c9lodie Poux et l&rsquo;humoriste Estelle Denis \u00ab\u00a0en raison des propos critiques envers les &lsquo;antivax&rsquo; qu\u2019elles auraient tenus\u00a0\u00bb, pr\u00e9cise le parquet.<\/p>\n<p>Le suspect sera d\u00e9f\u00e9r\u00e9 le 10 octobre<\/p>\n<p>Ce suspect, \u00e2g\u00e9 d\u2019une cinquantaine d\u2019ann\u00e9es, a \u00e9t\u00e9 interpell\u00e9 mercredi 8 octobre au matin dans le d\u00e9partement du Puy-de-D\u00f4me par les gendarmes de la section de recherches de Bordeaux, avait appris BFMTV d&rsquo;une source proche de l&rsquo;enqu\u00eate.<\/p>\n<blockquote class=\"embed embed_quote\"><p>\u00ab\u00a0Il \u00e9tait trouv\u00e9 porteur au moment de l\u2019interpellation d\u2019un p\u00e9tard et d\u2019un couteau\u00a0\u00bb, pr\u00e9cise le parquet.<\/p><\/blockquote>\n<p>\u00ab\u00a0L\u2019enqu\u00eate permettait de mettre en \u00e9vidence que les trois colis contenaient un p\u00e9tard reli\u00e9 \u00e0 un dispositif aliment\u00e9 par une pile \u00e9lectrique pouvant se d\u00e9clencher \u00e0 l\u2019ouverture du colis. Le dispositif n\u2019\u00e9tait pas l\u00e9tal mais pouvait causer des blessures\u00a0\u00bb, ajoute le parquet.<\/p>\n<p>Une enqu\u00eate \u00ab\u00a0des chefs de fabrication non autoris\u00e9e d&rsquo;engin explosif et de d\u00e9tention et transport de produit explosif en vue de pr\u00e9parer une atteinte aux personnes\u00a0\u00bb a \u00e9t\u00e9 ouverte par le parquet de P\u00e9rigueux et confi\u00e9e \u00e0 la section de recherches de Bordeaux.<\/p>\n<p>Devant le tribunal, l\u2019homme sera jug\u00e9 pour plusieurs chefs d\u2019accusation: \u00ab\u00a0fabrication non autoris\u00e9e d&rsquo;engin explosif, de d\u00e9tention et transport de produit explosif en vue de pr\u00e9parer une atteinte aux personnes et port d\u2019arme de cat\u00e9gorie D\u00a0\u00bb.<\/p>\n<p>Le suspect sera d\u00e9f\u00e9r\u00e9 le 10 octobre 2025 au tribunal judiciaire de P\u00e9rigueux, afin d\u2019\u00eatre traduit en comparution imm\u00e9diate.<\/p>\n<p>Boris Kharlamoff avec Ilyana Hamiti<\/p>\n","protected":false},"excerpt":{"rendered":"Le suspect \u00e2g\u00e9 d\u2019une cinquantaine d\u2019ann\u00e9es a \u00e9t\u00e9 interpell\u00e9 mercredi 8 octobre au matin dans le d\u00e9partement du&hellip;\n","protected":false},"author":2,"featured_media":450869,"comment_status":"","ping_status":"","sticky":false,"template":"","format":"standard","meta":{"footnotes":""},"categories":[1586],"tags":[11,1777,674,1779,1011,27,12,25,1778,364],"class_list":{"0":"post-450868","1":"post","2":"type-post","3":"status-publish","4":"format-standard","5":"has-post-thumbnail","7":"category-europe","8":"tag-actualites","9":"tag-eu","10":"tag-europe","11":"tag-european-union","12":"tag-fr","13":"tag-france","14":"tag-news","15":"tag-republique-francaise","16":"tag-ue","17":"tag-union-europeenne"},"share_on_mastodon":{"url":"https:\/\/pubeurope.com\/@fr\/115346139396119070","error":""},"_links":{"self":[{"href":"https:\/\/www.europesays.com\/fr\/wp-json\/wp\/v2\/posts\/450868","targetHints":{"allow":["GET"]}}],"collection":[{"href":"https:\/\/www.europesays.com\/fr\/wp-json\/wp\/v2\/posts"}],"about":[{"href":"https:\/\/www.europesays.com\/fr\/wp-json\/wp\/v2\/types\/post"}],"author":[{"embeddable":true,"href":"https:\/\/www.europesays.com\/fr\/wp-json\/wp\/v2\/users\/2"}],"replies":[{"embeddable":true,"href":"https:\/\/www.europesays.com\/fr\/wp-json\/wp\/v2\/comments?post=450868"}],"version-history":[{"count":0,"href":"https:\/\/www.europesays.com\/fr\/wp-json\/wp\/v2\/posts\/450868\/revisions"}],"wp:featuredmedia":[{"embeddable":true,"href":"https:\/\/www.europesays.com\/fr\/wp-json\/wp\/v2\/media\/450869"}],"wp:attachment":[{"href":"https:\/\/www.europesays.com\/fr\/wp-json\/wp\/v2\/media?parent=450868"}],"wp:term":[{"taxonomy":"category","embeddable":true,"href":"https:\/\/www.europesays.com\/fr\/wp-json\/wp\/v2\/categories?post=450868"},{"taxonomy":"post_tag","embeddable":true,"href":"https:\/\/www.europesays.com\/fr\/wp-json\/wp\/v2\/tags?post=450868"}],"curies":[{"name":"wp","href":"https:\/\/api.w.org\/{rel}","templated":true}]}}