{"id":450870,"date":"2025-10-09T20:39:24","date_gmt":"2025-10-09T20:39:24","guid":{"rendered":"https:\/\/www.europesays.com\/fr\/450870\/"},"modified":"2025-10-09T20:39:24","modified_gmt":"2025-10-09T20:39:24","slug":"en-direct-paix-a-gaza-donald-trump-prevoit-de-partir-dimanche-pour-le-moyen-orient","status":"publish","type":"post","link":"https:\/\/www.europesays.com\/fr\/450870\/","title":{"rendered":"EN DIRECT &#8211; Paix \u00e0 Gaza : Donald Trump pr\u00e9voit de partir dimanche pour le Moyen-Orient"},"content":{"rendered":"<ul class=\"jsx-862013697 ArticleChapo__List\">\n<li class=\"jsx-862013697 ArticleChapo__List_Item flex\">Isra\u00ebl et le Hamas ont sign\u00e9 jeudi la premi\u00e8re phase d&rsquo;un accord sur un cessez-le-feu \u00e0 Gaza et une lib\u00e9ration d&rsquo;otages isra\u00e9liens.<\/li>\n<li class=\"jsx-862013697 ArticleChapo__List_Item flex\">Une avanc\u00e9e survenue notamment suite \u00e0 la pression du pr\u00e9sident am\u00e9ricain, qui devrait se rendre en Egypte et en Isra\u00ebl dans les prochains jours.<\/li>\n<li class=\"jsx-862013697 ArticleChapo__List_Item flex\">Suivez les derni\u00e8res informations.<\/li>\n<\/ul>\n<p><a href=\"https:\/\/www.tf1info.fr\/actualite\/guerre-israel-hamas-le-plan-de-paix-de-donald-trump-enfin-un-tournant-dans-la-guerre-a-gaza-13863\/\" rel=\"noopener\" class=\"jsx-484472199 Link jsx-1428418400 jsx-554215408\" target=\"_blank\"><\/p>\n<p style=\"font-weight:400\" class=\"jsx-1837267516\">Suivez la couverture compl\u00e8te<\/p>\n<p style=\"font-weight:800\" class=\"jsx-1837267516\">Le plan de paix de Trump, enfin un tournant dans la guerre \u00e0 Gaza ?<\/p>\n<p><\/a><\/p>\n<p>Valider les filtresR\u00e9initialiser les filtres<\/p>\n<p>Minute par minuteFiltrer par Temps fortsFiltrer\u00a0\u00bbPERSONNE NE SERA CONTRAINT \u00c0 PARTIR\u00a0\u00bb21:59<\/p>\n<p>Le pr\u00e9sident am\u00e9ricain Donald Trump a assur\u00e9 que \u00ab\u00a0personne ne serait contraint \u00e0 partir\u00a0\u00bb de Gaza, r\u00e9p\u00e9tant une promesse contenue dans son \u00ab\u00a0plan de paix\u00a0\u00bb dont Isra\u00ebl et le Hamas viennent d&rsquo;approuver une premi\u00e8re phase. \u00ab\u00a0Personne ne sera forc\u00e9 de partir. Non, c&rsquo;est m\u00eame le contraire\u00a0\u00bb, a-t-il dit dans le Bureau ovale, o\u00f9 il recevait le pr\u00e9sident finlandais Alexander Stubb.<\/p>\n<p>TRUMP AU MOYEN-ORIENT21:40<\/p>\n<p>Donald Trump a d\u00e9clar\u00e9 qu&rsquo;il pr\u00e9voit de se rendre dimanche au Moyen-Orient, fort de l&rsquo;accord de cessez-le-feu et de la lib\u00e9ration des otages dans la bande de Gaza. \u00ab\u00a0Les otages rentreront lundi ou mardi. Je serai probablement l\u00e0. J&rsquo;esp\u00e8re \u00eatre l\u00e0. Nous pr\u00e9voyons de partir dimanche, et j&rsquo;ai h\u00e2te d&rsquo;y \u00eatre\u00a0\u00bb, a affirm\u00e9 le pr\u00e9sident am\u00e9ricain \u00e0 des journalistes \u00e0 la Maison Blanche.<\/p>\n<p><img decoding=\"async\" src=\"https:\/\/www.europesays.com\/fr\/wp-content\/uploads\/2025\/10\/donald-trump-quantico-30-septembre-2024-c5dfbc-0@1x.jpeg\" alt=\"Jim WATSON \/ AFP\" loading=\"lazy\" importance=\"low\" fetchpriority=\"low\" class=\"\"\/>Jim WATSON \/ AFPRENCONTRE21:18<\/p>\n<p>Le pr\u00e9sident isra\u00e9lien Isaac Herzog a discut\u00e9 ce soir \u00e0 J\u00e9rusalem avec les \u00e9missaires am\u00e9ricains Jared Kushner et Steve Witkoff de l&rsquo;accord \u00ab\u00a0en vue d&rsquo;assurer le retour des otages et de mettre fin \u00e0 la guerre\u00a0\u00bb \u00e0 Gaza, selon un communiqu\u00e9 de la pr\u00e9sidence. \u00ab\u00a0Le pr\u00e9sident Herzog a exprim\u00e9 sa profonde gratitude au pr\u00e9sident [am\u00e9ricain Donald] Trump, \u00e0 M. Kushner et \u00e0 M. Witkoff pour leur r\u00f4le central et historique dans le rapatriement [\u00e0 venir] des otages [&#8230;] et leur aide pour tracer une voie vers une nouvelle \u00e8re de coop\u00e9ration au Moyen-Orient\u00a0\u00bb, indique le texte.<\/p>\n<p>GARANTIES20:51<\/p>\n<p>Le principal n\u00e9gociateur du Hamas a d\u00e9clar\u00e9, dans un discours diffus\u00e9 par la cha\u00eene Al Jazeera, que le mouvement islamiste palestinien avait re\u00e7u des garanties des \u00c9tats-Unis et d&rsquo;autres m\u00e9diateurs selon lesquelles la guerre avec Isra\u00ebl avait pris fin. \u00ab\u00a0Nous avons re\u00e7u des assurances de la part des fr\u00e8res m\u00e9diateurs et de l&rsquo;administration am\u00e9ricaine, confirmant toutes que la guerre est compl\u00e8tement termin\u00e9e\u00a0\u00bb, a d\u00e9clar\u00e9 Khalil al-Hayya, chef de la d\u00e9l\u00e9gation du Hamas lors des n\u00e9gociations indirectes en \u00c9gypte.<\/p>\n<p>LES HOUTHIS EN ALERTE20:39<\/p>\n<p>Le chef des Houthis du Y\u00e9men a affirm\u00e9 que le groupe rebelle suivrait de pr\u00e8s la mise en \u0153uvre de l&rsquo;accord de cessez-le-feu entre le Hamas et Isra\u00ebl avant d&rsquo;envisager de suspendre ses op\u00e9rations. \u00ab\u00a0Nous resterons en alerte et pleinement pr\u00e9par\u00e9s, et nous observerons attentivement la phase de mise en \u0153uvre de cet accord. Cet accord permettra-t-il r\u00e9ellement de mettre fin \u00e0 l&rsquo;agression contre la bande de Gaza ?\u00a0\u00bb, a d\u00e9clar\u00e9 Abdelmalek al-Houthi, avant d&rsquo;ajouter : \u00ab\u00a0Nous devons rester au plus haut niveau de vigilance et de pr\u00e9paration\u00a0\u00bb. Les Houthis ciblent Isra\u00ebl depuis le d\u00e9but de la guerre \u00e0 Gaza, disant soutenir ainsi les Palestiniens.<\/p>\n<p>D\u00c9SESCALADE20:20<\/p>\n<p>Le pr\u00e9sident \u00e9gyptien Abdel Fattah al-Sissi a appel\u00e9 Isra\u00ebl \u00e0 \u00ab\u00a0la d\u00e9sescalade ou \u00e0 cesser le feu\u00a0\u00bb jusqu&rsquo;\u00e0 la signature de l&rsquo;accord pour ne pas compromettre son \u00ab\u00a0esprit\u00a0\u00bb. \u00ab\u00a0Il est peut-\u00eatre important que nous fassions \u00e9galement un effort pour convaincre les Isra\u00e9liens d&rsquo;une d\u00e9sescalade ou de cesser le feu en attendant la signature de l&rsquo;accord que nous avons atteint\u00a0\u00bb, a d\u00e9clar\u00e9 le chef d&rsquo;\u00c9tat \u00e9gyptien lors d&rsquo;une rencontre avec l&rsquo;envoy\u00e9 am\u00e9ricain Steve Witkoff et Jared Kushner, gendre du pr\u00e9sident am\u00e9ricain Donald Trump.<\/p>\n<p>D\u00c9SARMEMENT ET OTAGES19:21<\/p>\n<p>Donald Trump indique ce soir qu&rsquo;il y aura \u00ab\u00a0un d\u00e9sarmement\u00a0\u00bb et un \u00ab\u00a0retrait\u00a0\u00bb de troupes dans une prochaine phase de l&rsquo;accord sur Gaza, tout en d\u00e9clarant que la priorit\u00e9 \u00e9tait le retour des derniers otages. \u00c0 ce sujet, le pr\u00e9sident am\u00e9ricain a reconnu que les corps de certains otages seraient \u00ab\u00a0un peu difficiles \u00e0 trouver\u00a0\u00bb, pendant une r\u00e9union de son conseil des ministres \u00e0 la Maison Blanche.<\/p>\n<p>F\u00c9LICITATIONS19:11<\/p>\n<p>Le Premier ministre indien Narendra Modi indique avoir f\u00e9licit\u00e9 son \u00ab\u00a0ami\u00a0\u00bb Donald Trump pour le \u00ab\u00a0succ\u00e8s du plan de paix historique\u00a0\u00bb dans la bande de Gaza, au cours d&rsquo;un entretien t\u00e9l\u00e9phonique. L&rsquo;Inde, une alli\u00e9e d&rsquo;Isra\u00ebl, soutient l&rsquo;autod\u00e9termination des Palestiniens et pr\u00f4ne une solution \u00e0 deux \u00c9tats.<\/p>\n<blockquote data-testid=\"EmbedTwitter\" id=\"tweet-1976306593093341640-:R1ph16b96cmj9n79m:\" class=\"jsx-aeff1a1c40f54d7a twitter-tweet flex justify-center items-center\"><p>Spoke to my friend, President Trump and congratulated him on the success of the historic Gaza peace plan. Also reviewed the good progress achieved in trade negotiations. Agreed to stay in close touch over the coming weeks.  @POTUS @realDonaldTrump \u2014 Narendra Modi (@narendramodi)  October 9, 2025<\/p><\/blockquote>\n<p>PAS DE \u00ab\u00a0COMIT\u00c9 DE LA PAIX\u00a0\u00bb18:53<\/p>\n<p>Un haut responsable du mouvement islamiste palestinien Hamas s&rsquo;est oppos\u00e9 au \u00ab\u00a0comit\u00e9 de la paix\u00a0\u00bb propos\u00e9 par le pr\u00e9sident am\u00e9ricain Donald Trump pour superviser le gouvernement de transition dans la bande de Gaza. Interrog\u00e9 sur la cha\u00eene Al Araby sur une acceptation par le Hamas de cette autorit\u00e9 de transition, Osama Hamdan, un cadre du mouvement, a r\u00e9pondu : \u00ab\u00a0Aucun Palestinien ne pourrait accepter. Toutes les factions, y compris l&rsquo;Autorit\u00e9 palestinienne, rejettent ceci (ce comit\u00e9, ndlr)\u00a0\u00bb. \u00a0<\/p>\n<p>Les commentaires d&rsquo;Osama Hamdan interviennent alors que les parties ont sign\u00e9 aujourd&rsquo;hui en \u00c9gypte un accord en faveur de la premi\u00e8re phase du plan de Donald Trump pour un cessez-le-feu dans la bande de Gaza devant conduire selon lui \u00e0 une paix \u00ab\u00a0durable\u00a0\u00bb.\u00a0<\/p>\n<p>SISSI AUSSI POUR LE NOBEL \u00c0 TRUMP18:20<\/p>\n<p>Apr\u00e8s le Premier ministre isra\u00e9lien, le pr\u00e9sident \u00e9gyptien Abdel Fattah al-Sissi a d\u00e9clar\u00e9 lors d&rsquo;un entretien t\u00e9l\u00e9phonique avec son homologue am\u00e9ricain Donald Trump qu&rsquo;il \u00ab\u00a0m\u00e9rite le prix Nobel de la Paix\u00a0\u00bb, pour ses efforts menant \u00e0 la conclusion d&rsquo;un accord pour un cessez-le-feu \u00e0 Gaza.\u00a0<\/p>\n<p>Le chef d&rsquo;\u00c9tat a \u00e9galement convi\u00e9 Trump \u00e0 \u00ab\u00a0participer \u00e0 la c\u00e9r\u00e9monie qui se tiendra en \u00c9gypte pour c\u00e9l\u00e9brer l&rsquo;accord pour un cessez-le-feu sur Gaza, dont seule la premi\u00e8re phase a \u00e9t\u00e9 approuv\u00e9e lors des n\u00e9gociations dans la station baln\u00e9aire de Charm el-Cheikh. Dans un communiqu\u00e9, la pr\u00e9sidence \u00e9gyptienne indique que Sissi \u00ab\u00a0a soulign\u00e9 la n\u00e9cessit\u00e9 d\u2019avancer vers la mise en \u0153uvre de l\u2019accord de cessez-le-feu dans la bande de Gaza dans toutes ses \u00e9tapes\u00a0\u00bb.<\/p>\n<p>TRUMP EN \u00c9GYPTE ?18:16<\/p>\n<p>Le pr\u00e9sident am\u00e9ricain Donald Trump a d\u00e9clar\u00e9 qu&rsquo;il \u00ab\u00a0essaierait\u00a0\u00bb de se rendre en \u00c9gypte pour la signature de l&rsquo;accord de cessez-le-feu et de lib\u00e9ration des otages retenus par le Hamas dans la bande de Gaza. \u00ab\u00a0Nous allons essayer de nous y rendre, et nous travaillons sur le timing, le timing exact. Nous allons aller en \u00c9gypte, o\u00f9 nous (&#8230;) allons avoir une signature officielle\u00a0\u00bb de l&rsquo;accord, a-t-il affirm\u00e9 en r\u00e9unissant son gouvernement \u00e0 la Maison Blanche.<\/p>\n<p>LA FIN DE LA GUERRE ?18:01<\/p>\n<p>Le ministre des Affaires \u00e9trang\u00e8res isra\u00e9lien, Gid\u00e9on Saar, a estim\u00e9 que la lib\u00e9ration de tous les otages par le Hamas \u00ab\u00a0devrait mettre fin \u00e0 cette guerre\u00a0\u00bb dans la bande de Gaza. \u00ab\u00a0Nous aurons d&rsquo;abord un cessez-le-feu imm\u00e9diatement apr\u00e8s l&rsquo;approbation de la d\u00e9cision par le gouvernement (isra\u00e9lien), puis un engagement de la part du Hamas, dans les 72 heures, de lib\u00e9rer tous les otages. Je pense que cela peut, que cela devrait mettre fin \u00e0 cette guerre\u00a0\u00bb, a-t-il d\u00e9clar\u00e9 selon la transcription d&rsquo;une interview accord\u00e9e \u00e0 la cha\u00eene de t\u00e9l\u00e9vision am\u00e9ricaine Fox News.<\/p>\n<p>CISJORDANIE17:52<\/p>\n<p>L&rsquo;acc\u00e9l\u00e9ration de la colonisation en Cisjordanie \u00ab\u00a0constitue une menace existentielle pour un \u00c9tat de Palestine\u00a0\u00bb, a affirm\u00e9 le pr\u00e9sident fran\u00e7ais Emmanuel Macron lors de sa prise de parole \u00e0 une conf\u00e9rence de ministres des Affaires \u00e9trang\u00e8res, europ\u00e9ens et arabes sur l&rsquo;avenir de Gaza. \u00ab\u00a0Elle est non seulement inacceptable et contraire au droit international. Elle alimente les tensions, la violence, l&rsquo;instabilit\u00e9 et, de fait, elle vient d&rsquo;abord contredire le plan am\u00e9ricain et notre ambition collective d&rsquo;une r\u00e9gion en paix\u00a0\u00bb, a-t-il avanc\u00e9 dans son discours \u00e0 retrouver ici \u2935\ufe0f<\/p>\n<p>Emmanuel Maron sur la situation \u00e0 Gaza : \u00ab\u00a0Un accord historique a \u00e9t\u00e9 conclu\u00a0\u00bbSource : TF1 Info<\/p>\n<p><img decoding=\"async\" src=\"https:\/\/www.europesays.com\/fr\/wp-content\/uploads\/2025\/10\/emmanuel-maron-sur-la-situation-a-gaza-un-accord-historique-a-ete-conclu-2d16f9-0@1x.jpeg\" alt=\"Emmanuel Maron sur la situation \u00e0 Gaza : &quot;Un accord historique a \u00e9t\u00e9 conclu&quot;\" loading=\"lazy\" importance=\"low\" fetchpriority=\"low\" class=\"\"\/><img decoding=\"async\" src=\"https:\/\/www.tf1info.fr\/images\/icons\/player-logo-play.svg\" alt=\"Logo lecture\" class=\"jsx-d0de44c05fe3042c PlayerLazyload__Play\"\/>\u00ab\u00a0LE HAMAS DOIT TENIR SES PROMESSES\u00a0\u00bb17:33<\/p>\n<p>Lors de sa prise de parole, Emmanuel Macron estime \u00e9galement que \u00ab\u00a0le Hamas doit tenir ses promesses de lib\u00e9rer les otages\u00a0\u00bb, estimant que \u00ab\u00a0le travail et les responsabilit\u00e9s ne s&rsquo;arr\u00eatent pas \u00e0 ce premier pas\u00a0\u00bb, qu&rsquo;est la signature de la premi\u00e8re phase du plan de paix. \u00ab\u00a0Le pr\u00e9sident Trump a trac\u00e9 une voie ambitieuse pour un accord global au Proche-Orient\u00a0\u00bb, souligne encore le pr\u00e9sident fran\u00e7ais qui appelle \u00e0 soutenir les efforts du dirigeant am\u00e9ricain. \u00ab\u00a0Une force internationale de stabilisation doit \u00eatre d\u00e9ploy\u00e9s \u00e0 Gaza\u00a0\u00bb et \u00ab\u00a0la France est pr\u00eate \u00e0 y jouer un r\u00f4le\u00a0\u00bb, annonce encore Emmanuel Macron.<\/p>\n<p>DEUX ANN\u00c9ES DE CALVAIRE17:28<\/p>\n<p>Dans sa prise de parole, le pr\u00e9sident fran\u00e7ais souligne un accord \u00ab\u00a0historique\u00a0\u00bb apr\u00e8s \u00ab\u00a0deux ann\u00e9es de clavaire insupportable endur\u00e9es par les otages du Hamas\u00a0\u00bb et \u00ab\u00a0deux ann\u00e9es de souffrance indicibles endur\u00e9es par les palestiniens \u00e0 Gaza\u00a0\u00bb. Un texte qui doit \u00ab\u00a0permettre un cessez-le-feu permanent\u00a0\u00bb a soulign\u00e9 Emmanuel Macron ainsi que \u00ab\u00a0la lib\u00e9ration de tous les otages\u00a0\u00bb et \u00ab\u00a0un acc\u00e8s humanitaire imm\u00e9diat dans la bande de Gaza\u00a0\u00bb. \u00ab\u00a0Les heures \u00e0 venir \u00e0 cet \u00e9gard seront d\u00e9cisives\u00a0\u00bb, pr\u00e9vient encore le pr\u00e9sident fran\u00e7ais.<\/p>\n<p><img decoding=\"async\" src=\"https:\/\/www.europesays.com\/fr\/wp-content\/uploads\/2025\/10\/emmanuel-macron-accord-paix-israel-gaza-9-octobre-2025-dd17f7-0@1x.jpeg\" alt=\"LCI\" loading=\"lazy\" importance=\"low\" fetchpriority=\"low\" class=\"\"\/>LCI\u00a0\u00bbUN JOUR CRUCIAL\u00a0\u00bb17:24<\/p>\n<p>Le pr\u00e9sident Fran\u00e7ais prend la parole sur la situation \u00e0 Gaza. \u00ab\u00a0Un jour crucial pour les peuples palestiniens et isra\u00e9liens comme pour le Moyen-Orient et tous ceux qui soutiennent la paix et la s\u00e9curit\u00e9 dans la r\u00e9gion\u00a0\u00bb, a soulign\u00e9 Emmanuel Macron. Le chef de l&rsquo;\u00c9tat a \u00e9galement adress\u00e9 ses \u00ab\u00a0f\u00e9licitations\u00a0\u00bb au pr\u00e9sident am\u00e9ricain Donald Trump \u00e0 l&rsquo;origine du plan de paix entre l&rsquo;\u00c9tat h\u00e9breu et l&rsquo;enclave palestinienne et dont la premi\u00e8re phase a \u00e9t\u00e9 accept\u00e9e, selon Tel-Aviv ainsi que tous les m\u00e9diateurs dans les n\u00e9gociations.<\/p>\n<p>URSULA VON DER LEYEN17:06<\/p>\n<p>La pr\u00e9sidente de la Commission europ\u00e9enne, Ursula von der Leyen salue dans un communiqu\u00e9 l&rsquo;accord visant \u00e0 garantir un cessez-le-feu et la lib\u00e9ration des otages \u00e0 Gaza sur la base de la proposition du pr\u00e9sident am\u00e9ricain Donald Trump. \u00ab\u00a0Je salue les efforts diplomatiques d\u00e9ploy\u00e9s par les \u00c9tats-Unis, le Qatar, l&rsquo;\u00c9gypte et la Turquie pour parvenir \u00e0 cette avanc\u00e9e d\u00e9cisive. Je me r\u00e9jouis \u00e9galement du soutien apport\u00e9 par le gouvernement isra\u00e9lien et l&rsquo;Autorit\u00e9 palestinienne\u00a0\u00bb, a-t-elle d\u00e9clar\u00e9.<\/p>\n<p>La responsable appelle \u00e0 pr\u00e9sent \u00ab\u00a0toutes les parties\u00a0\u00bb \u00e0 \u00ab\u00a0respecter pleinement les termes de l&rsquo;accord\u00a0\u00bb pour que les \u00ab\u00a0souffrances cessent\u00a0\u00bb. \u00ab\u00a0L&rsquo;UE continuera \u00e0 soutenir l&rsquo;acheminement rapide et s\u00fbr de l&rsquo;aide humanitaire \u00e0 Gaza. Et le moment venu, nous serons pr\u00eats \u00e0 contribuer au redressement et \u00e0 la reconstruction\u00a0\u00bb, indique encore Ursula von der Leyen qui salue une \u00ab\u00a0occasion de tracer une voie politique cr\u00e9dible vers une paix et une s\u00e9curit\u00e9 durables. Une voie fermement ancr\u00e9e dans la solution \u00e0 deux \u00c9tats\u00a0\u00bb.<\/p>\n<p><img decoding=\"async\" src=\"https:\/\/www.europesays.com\/fr\/wp-content\/uploads\/2025\/10\/ursula-von-der-leyen-bruxelles-4-mars-2025-f99e30-0@1x.jpeg\" alt=\"Nicolas TUCAT \/ AFP\" loading=\"lazy\" importance=\"low\" fetchpriority=\"low\" class=\"\"\/>Nicolas TUCAT \/ AFPTRUMP \u00c0 J\u00c9RUSALEM ?16:25<\/p>\n<p>Donald Trump pourrait se rendre \u00e0 J\u00e9rusalem dimanche, selon un communiqu\u00e9 de la pr\u00e9sidence isra\u00e9lienne publi\u00e9 apr\u00e8s l&rsquo;annonce d&rsquo;un accord de cessez-le-feu et de lib\u00e9ration des otages \u00e0 Gaza parrain\u00e9 par le pr\u00e9sident am\u00e9ricain.\u00a0<\/p>\n<p>\u00ab\u00a0Au vu de la lib\u00e9ration attendue des otages, et de la visite \u00e0 venir du pr\u00e9sident des \u00c9tats-Unis, Donald J. Trump, en Isra\u00ebl, [le pr\u00e9sident Isaac Herzog] a d\u00e9cid\u00e9 d&rsquo;annuler un \u00e9v\u00e9nement public [\u00e0 sa r\u00e9sidence], qui \u00e9tait pr\u00e9vu pour le dimanche 12 octobre 2025\u00a0\u00bb, indique le communiqu\u00e9. \u00ab\u00a0Cette d\u00e9cision a \u00e9t\u00e9 prise en raison des fermetures de s\u00e9curit\u00e9 attendues \u00e0 J\u00e9rusalem autour de la visite et des d\u00e9veloppements historiques qui auront lieu dans les jours \u00e0 venir\u00a0\u00bb, indique le texte.<\/p>\n<p><img decoding=\"async\" src=\"https:\/\/www.europesays.com\/fr\/wp-content\/uploads\/2025\/10\/affiche-tel-aviv-donald-trump-plan-de-paix-48db03-1@1x.jpeg\" alt=\"Affiche \u00e0 Tel Aviv remerciant le pr\u00e9sident Trump pour son plan de paix - Jack GUEZ \/ AFP\" loading=\"lazy\" importance=\"low\" fetchpriority=\"low\" class=\"\"\/>Affiche \u00e0 Tel Aviv remerciant le pr\u00e9sident Trump pour son plan de paix &#8211; Jack GUEZ \/ AFPNOBEL DE LA PAIX16:10<\/p>\n<p>Le Premier ministre isra\u00e9lien Benyamin N\u00e9tanyahou a d\u00e9clar\u00e9 que Donald Trump m\u00e9ritait le prix Nobel de la paix, quelques heures apr\u00e8s que le pr\u00e9sident am\u00e9ricain a annonc\u00e9 un accord de cessez-le-feu et de lib\u00e9ration des otages et de prisonniers entre Isra\u00ebl et le Hamas. \u00ab\u00a0Donnez le prix Nobel de la paix \u00e0 Donald Trump, il le m\u00e9rite !\u00a0\u00bb, peut-on lire sur le compte officiel X du bureau du Premier ministre isra\u00e9lien.<\/p>\n<blockquote data-testid=\"EmbedTwitter\" id=\"tweet-1976281973766369527-:R1pid6b96cmj9n79m:\" class=\"jsx-aeff1a1c40f54d7a twitter-tweet flex justify-center items-center\"><p>Give  @realDonaldTrump the Nobel Peace Prize &#8211; he deserves it! \ud83c\udfc5  pic.twitter.com\/Hbuc7kmPt1 \u2014 Prime Minister of Israel (@IsraeliPM)  October 9, 2025<\/p><\/blockquote>\n<p>IRAN16:03<\/p>\n<p>L&rsquo;Iran a salu\u00e9 l&rsquo;accord de cessez-le-feu \u00e0 Gaza entre le Hamas, qu&rsquo;il soutient depuis des ann\u00e9es, et Isra\u00ebl, son ennemi jur\u00e9. \u00ab\u00a0L&rsquo;Iran a toujours soutenu toute action ou initiative destin\u00e9e \u00e0 mettre fin \u00e0 la guerre g\u00e9nocidaire, (\u00e0 obtenir) le retrait des forces d&rsquo;occupation, l&rsquo;acheminement de l&rsquo;aide humanitaire, la lib\u00e9ration des prisonniers palestiniens et la r\u00e9alisation des droits fondamentaux du peuple palestinien\u00a0\u00bb, a d\u00e9clar\u00e9 le minist\u00e8re des Affaires \u00e9trang\u00e8res dans un communiqu\u00e9.<\/p>\n<p>AIDE HUMANITAIRE15:52<\/p>\n<p>Plus de 150 camions ont travers\u00e9 la fronti\u00e8re \u00e9gyptienne en direction de Gaza, ont d\u00e9clar\u00e9 \u00e0 l&rsquo;AFP deux sources du Croissant-Rouge \u00e9gyptien, apr\u00e8s l&rsquo;annonce d&rsquo;un accord de cessez-le-feu entre Isra\u00ebl et le Hamas. \u00ab\u00a0153 camions d&rsquo;aide humanitaire ont \u00e9t\u00e9 achemin\u00e9s par la route secondaire du poste de Rafah en direction du point de passage de Kerem Abou Salem pour \u00eatre livr\u00e9s \u00e0 la bande de Gaza\u00a0\u00bb, a d\u00e9clar\u00e9 l&rsquo;une des deux sources. Parmi eux figurent 80 camions affr\u00e9t\u00e9s par l&rsquo;ONU, 17 par le Croissant-Rouge \u00e9gyptien, 21 par le Qatar et 30 par l&rsquo;\u00c9gypte.<\/p>\n<p>R\u00d4LE DE LA TURQUIE15:39<\/p>\n<p>La Turquie veut participer \u00e0 un groupe de travail charg\u00e9 de veiller \u00e0 la mise en \u0153uvre de l&rsquo;accord de cessez-le-feu \u00e0 Gaza, a d\u00e9clar\u00e9 son pr\u00e9sident, Recep Tayyip Erdogan. Le chef de l&rsquo;\u00c9tat a \u00e9galement soulign\u00e9 la volont\u00e9 de la Turquie \u00e0 prendre part \u00ab\u00a0avec la communaut\u00e9 internationale aux efforts de reconstruction des infrastructures\u00a0\u00bb du territoire palestinien de Gaza.<\/p>\n<p>\u00ab\u00a0Pour permettre \u00e0 Gaza de se relever, nous soutiendrons les efforts de reconstruction aux c\u00f4t\u00e9s de la communaut\u00e9 internationale\u00a0\u00bb, a-t-il d\u00e9clar\u00e9, s&rsquo;exprimant \u00e0 l&rsquo;occasion de l&rsquo;ouverture de l&rsquo;ann\u00e9e universitaire. Par ailleurs, \u00ab\u00a0il est crucial d&rsquo;apporter d&rsquo;urgence une aide humanitaire compl\u00e8te \u00e0 Gaza, d&rsquo;\u00e9changer les otages et les prisonniers, et qu&rsquo;Isra\u00ebl cesse imm\u00e9diatement ses attaques\u00a0\u00bb, a-t-il insist\u00e9.<\/p>\n<p>PREMI\u00c8RE PHASE SIGN\u00c9E15:31<\/p>\n<p>La \u00ab\u00a0version finale de la premi\u00e8re phase\u00a0\u00bb du plan du pr\u00e9sident am\u00e9ricain Donald Trump pour mettre fin \u00e0 la guerre \u00e0 Gaza a \u00e9t\u00e9 sign\u00e9e ce matin par toutes les parties concern\u00e9es, a d\u00e9clar\u00e9 Shosh Bedrosian, porte-parole du Bureau du Premier ministre isra\u00e9lien. L&rsquo;accord doit encore \u00eatre valid\u00e9 par le cabinet de s\u00e9curit\u00e9 isra\u00e9lien, lors d&rsquo;une r\u00e9union pr\u00e9vue \u00e0 14h GMT, a-t-elle ajout\u00e9, indiquant qu&rsquo;un cessez-le-feu entrerait en vigueur dans les 24 heures suivant cette approbation.<\/p>\n<p>\u00c9CHANGE15:28<\/p>\n<p>Une porte-parole du gouvernement isra\u00e9lien a d\u00e9clar\u00e9 que le Premier ministre Benyamin Netanyahou et le pr\u00e9sident am\u00e9ricain Donald Trump avaient \u00e9chang\u00e9 aujourd&rsquo;hui au cours d&rsquo;un appel t\u00e9l\u00e9phonique \u00ab\u00a0charg\u00e9 d&rsquo;\u00e9motion\u00a0\u00bb \u00e0 la suite de l&rsquo;annonce d&rsquo;un accord sur Gaza entre Isra\u00ebl et le Hamas.<\/p>\n<p>\u00ab\u00a0Lors d&rsquo;un appel t\u00e9l\u00e9phonique plus t\u00f4t dans la matin\u00e9e, le Premier ministre Netanyahou a remerci\u00e9 le pr\u00e9sident Trump pour ses efforts de leadership mondial ayant permis de rendre tout cela possible\u00a0\u00bb, a indiqu\u00e9 Shosh Bedrosian aux journalistes. \u00ab\u00a0Ce fut une conversation charg\u00e9e d&rsquo;\u00e9motion et chaleureuse, au cours de laquelle les deux dirigeants se sont f\u00e9licit\u00e9s mutuellement pour cette r\u00e9alisation historique\u00a0\u00bb, a-t-elle ajout\u00e9.<\/p>\n<p>COMMENT TRUMP MET EN SC\u00c8NE SA \u00ab\u00a0VICTOIRE\u00a0\u00bb15:04<\/p>\n<p>Annonce en grande pompe devant les m\u00e9dias, le premier \u00e0 publier un message sur son r\u00e9seau Social Truth, familles d&rsquo;otages qui le remercient directement&#8230; Donald Trump n&rsquo;a pas manqu\u00e9 de mettre en sc\u00e8ne la r\u00e9ussite d&rsquo;un accord de paix dont il a lui-m\u00eame \u00e9t\u00e9 l&rsquo;artisan, entre Isra\u00ebl et le Hamas. Une annonce loin d&rsquo;\u00eatre anodine, \u00e0 la veille de l&rsquo;annonce du Prix Nobel de la paix. On remonte le fil des derni\u00e8res heures en vid\u00e9o.\u00a0<\/p>\n<p>Gaza : comment Trump a mis en sc\u00e8ne sa \u00ab\u00a0victoire\u00a0\u00bbSource : TF1 Info<\/p>\n<p><img decoding=\"async\" src=\"https:\/\/www.europesays.com\/fr\/wp-content\/uploads\/2025\/10\/gaza-comment-trump-a-mis-en-scene-sa-victoire-4dc17a-0@1x.jpeg\" alt=\"Gaza : comment Trump a mis en sc\u00e8ne sa &quot;victoire&quot;\" loading=\"lazy\" importance=\"low\" fetchpriority=\"low\" class=\"\"\/><img decoding=\"async\" src=\"https:\/\/www.tf1info.fr\/images\/icons\/player-logo-play.svg\" alt=\"Logo lecture\" class=\"jsx-d0de44c05fe3042c PlayerLazyload__Play\"\/>R\u00c9UNION DU CABINET DE S\u00c9CURIT\u00c9 ISRA\u00c9LIEN14:57<\/p>\n<p>Le bureau du Premier ministre isra\u00e9lien Benyamin Netanyahou a annonc\u00e9 que le cabinet de s\u00e9curit\u00e9 se r\u00e9unirait \u00e0 17h (14h GMT) aujourd&rsquo;hui pour un vote sur l&rsquo;accord de cessez-le-feu et de lib\u00e9ration des otages \u00e0 Gaza. Le cabinet de s\u00e9curit\u00e9, un organe de d\u00e9cision minist\u00e9riel restreint, va se r\u00e9unir en amont d&rsquo;une r\u00e9union de tous les membres du gouvernement, a indiqu\u00e9 Shosh Bedrosian, une porte-parole du bureau du Premier ministre isra\u00e9lien, lors d&rsquo;un point presse.<\/p>\n<p>Le Premier ministre isra\u00e9lien avait d\u00e9j\u00e0 fait savoir qu&rsquo;il r\u00e9unirait son gouvernement \u00e0 18h (15h GMT) afin d&rsquo;approuver le plan de lib\u00e9ration des otages d\u00e9tenus \u00e0 Gaza pr\u00e9sent\u00e9 par le pr\u00e9sident am\u00e9ricain Donald Trump.<\/p>\n<p>PORTRAIT14:55<\/p>\n<p>Le Hamas avait r\u00e9clam\u00e9 la lib\u00e9ration de Marwan Barghouti dans le cadre des discussions indirectes mardi avec Isra\u00ebl. Ancien haut cadre du parti palestinien Fatah, il a \u00e9t\u00e9 condamn\u00e9 \u00e0 la perp\u00e9tuit\u00e9 pour meurtres par Isra\u00ebl qui le consid\u00e8re comme un \u00ab\u00a0terroriste\u00a0\u00bb. Il reste en revanche une personnalit\u00e9 politique tr\u00e8s populaire dans les Territoires palestiniens.<\/p>\n<p>International<img decoding=\"async\" src=\"https:\/\/www.europesays.com\/fr\/wp-content\/uploads\/2025\/10\/marwan-barghouthi-ad6968-0@1x.jpeg\" alt=\"Gaza : qui est Marwan Barghouti, le &quot;Mandela de la Palestine&quot; dont le Hamas r\u00e9clame la lib\u00e9ration ?\" loading=\"lazy\" importance=\"low\" fetchpriority=\"low\" class=\"\" aria-hidden=\"true\"\/>Publi\u00e9 aujourd&rsquo;hui \u00e0 15h29MARWAN BARGHOUTI NE SERA PAS LIB\u00c9R\u00c914:54<\/p>\n<p>Le dirigeant palestinien Marwan Barghouthi, d\u00e9tenu en Isra\u00ebl, ne sera pas \u00e9chang\u00e9 contre des otages dans le cadre de l&rsquo;accord sur la fin de la guerre \u00e0 Gaza, a dit une porte-parole du gouvernement isra\u00e9lien. R\u00e9pondant \u00e0 une question d&rsquo;un journaliste durant un point-presse, Shosh Bedrosian a affirm\u00e9 \u00ab\u00a0qu&rsquo;\u00e0 ce stade, il ne fera pas partie de cet \u00e9change.\u00a0\u00bb<\/p>\n<p>MACRON VA RENCONTRER LE PREMIER MINISTRE QATARI14:50<\/p>\n<p>Une r\u00e9union est pr\u00e9vue ce jeudi apr\u00e8s-midi \u00e0 Paris sur \u00ab\u00a0l&rsquo;apr\u00e8s-guerre\u00a0\u00bb \u00e0 Gaza, r\u00e9unissant plusieurs partenaires internationaux. Emmanuel Macron, qui a salu\u00e9 \u00ab\u00a0l&rsquo;espoir immense\u00a0\u00bb soulev\u00e9 par l&rsquo;accord entre Isra\u00ebl et le Hamas et \u00e9mis l&rsquo;espoir qu&rsquo;il permette \u00ab\u00a0l&rsquo;ouverture d&rsquo;une solution politique fond\u00e9e sur la solution \u00e0 deux \u00c9tats\u00a0\u00bb, doit s&rsquo;adresser \u00e0 eux en ouverture des discussions \u00e0 17 heures.\u00a0<\/p>\n<p>Avant cela, le pr\u00e9sident fran\u00e7ais recevra auparavant \u00e0 l&rsquo;\u00c9lys\u00e9e le cheikh Mohammed ben Abdelrahmane Al-Thani, le Premier ministre du Qatar qui est l&rsquo;un des m\u00e9diateurs des n\u00e9gociations de Charm-el-Cheikh, en \u00c9gypte, o\u00f9 l&rsquo;accord de paix a \u00e9t\u00e9 trouv\u00e9. Par ailleurs, une rencontre entre le ministre d\u00e9missionnaire des Affaires \u00e9trang\u00e8res Jean-No\u00ebl Barrot et ses homologues du \u00ab\u00a0Quint arabe\u00a0\u00bb (Arabie Saoudite, \u00c9gypte, \u00c9mirats Arabes Unis, Jordanie, Qatar) est aussi pr\u00e9vue avant la r\u00e9union pl\u00e9ni\u00e8re.\u00a0<\/p>\n<p>CE QU&rsquo;IL FAUT RETENIR DE L&rsquo;ACCORD14:45<\/p>\n<p>Lib\u00e9ration des otages contre celle de prisonniers palestiniens, aide palestinienne, retrait partiel des forces isra\u00e9liennes&#8230; Le 13H fait le point sur les points-cl\u00e9 de l&rsquo;accord et ceux encore en suspens, ainsi que le calendrier des prochains jours.\u00a0<\/p>\n<p>LA LISTE DES D\u00c9TENUS PALESTINIENS \u00c0 LIB\u00c9RER PAS ENCORE ARBITR\u00c9E14:42<\/p>\n<p>Si Donald Trump a annonc\u00e9 que la premi\u00e8re phase de l&rsquo;accord avait \u00e9t\u00e9 valid\u00e9e, les n\u00e9gociations se poursuivent malgr\u00e9 tout au sujet de la liste de prisonniers palestiniens qui seront lib\u00e9r\u00e9s en \u00e9change du retour en Isra\u00ebl des otages vivants retenus depuis deux ans \u00e0 Gaza. \u00ab\u00a0Des \u00e9quipes travaillent actuellement sur la liste des prisonniers palestiniens qui doivent \u00eatre lib\u00e9r\u00e9s. Cette question n&rsquo;a pas encore \u00e9t\u00e9 r\u00e9solue\u00a0\u00bb, a d\u00e9clar\u00e9 une source isra\u00e9lienne proche du dossier \u00e0 la <a href=\"https:\/\/edition.cnn.com\/world\/live-news\/israel-hamas-gaza-ceasefire-agreement-10-09-25#cmgjd0un4001u3b6rg9etafm8\" target=\"_blank\" rel=\"noopener\">cha\u00eene am\u00e9ricaine CNN (nouvelle fen\u00eatre)<\/a>. \u00ab\u00a0Le Hamas exige la lib\u00e9ration de prisonniers qu&rsquo;Isra\u00ebl n&rsquo;a pas encore approuv\u00e9e\u00a0\u00bb, a-t-elle ajout\u00e9.\u00a0<\/p>\n<p>RETROUVER LES CORPS DES OTAGES D\u00c9C\u00c9D\u00c9S14:34<\/p>\n<p>Selon le journal isra\u00e9lien The Jerusalem Post, une force conjointe internationale doit \u00eatre mise sur pied pour localiser les corps des otages qui sont d\u00e9c\u00e9d\u00e9s dans la bande de Gaza, mais toujours retenus sur place. Les \u00c9tats-Unis, l&rsquo;\u00c9gypte, le Qatar et la Turquie devraient y prendre part, aux c\u00f4t\u00e9s d&rsquo;Isra\u00ebl. Une source a indiqu\u00e9 au journaliste Amichai Stein que cette \u00ab\u00a0force op\u00e9rationnelle\u00a0\u00bb devrait fournir de l&rsquo;\u00e9quipement lourd, par exemple s&rsquo;il est n\u00e9cessaire de creuser ou de d\u00e9molir des b\u00e2timents pour atteindre des corps, a expliqu\u00e9 <a href=\"https:\/\/x.com\/AmichaiStein1\/status\/1976236557636944329\" target=\"_blank\">ce dernier sur X (nouvelle fen\u00eatre)<\/a>.\u00a0<\/p>\n<p>TRUMP EN ISRA\u00cbL DIMANCHE14:30<\/p>\n<p>Donald Trump devrait se rendre en Isra\u00ebl dimanche, selon la <a href=\"https:\/\/x.com\/kann_news\/status\/1976248007323766974\" target=\"_blank\">t\u00e9l\u00e9vision publique isra\u00e9lienne Kan (nouvelle fen\u00eatre)<\/a>. Il doit atterrir \u00e0 15 heures, avant des c\u00e9r\u00e9monies pr\u00e9vues notamment \u00e0 l&rsquo;a\u00e9roport Ben Gourion et \u00e0 la Knesset, le Parlement du pays. Il doit quitter le pays en fin de soir\u00e9e.\u00a0<\/p>\n<p>UNE ANNONCE DEVANT LES CAM\u00c9RAS14:25<\/p>\n<p>Donald Trump a annonc\u00e9 la nuit derni\u00e8re que le Hamas et Isra\u00ebl acceptaient la premi\u00e8re phase de son plan de paix pour Gaza. Le pr\u00e9sident am\u00e9ricain en a eu la confirmation un peu avant en pleine r\u00e9union \u00e0 la Maison-Blanche. La sc\u00e8ne a pu \u00eatre film\u00e9e par les m\u00e9dias pr\u00e9sents.<\/p>\n<p>International<img decoding=\"async\" src=\"https:\/\/www.europesays.com\/fr\/wp-content\/uploads\/2025\/10\/trump-et-rubio-gaza-7249ae-0@1x.jpeg\" alt=\"VID\u00c9O - Gaza : ce moment o\u00f9 Trump apprend en pleine r\u00e9union que l'accord Isra\u00ebl-Hamas est &quot;tr\u00e8s proche&quot;\" loading=\"lazy\" importance=\"low\" fetchpriority=\"low\" class=\"\" aria-hidden=\"true\"\/>Publi\u00e9 aujourd&rsquo;hui \u00e0 11h54L&rsquo;OFFENSIVE ISRA\u00c9LIENNE ARM\u00c9E CONTINUE14:09<\/p>\n<p>Si le sud de la bande de Gaza a c\u00e9l\u00e9br\u00e9 ces derni\u00e8res heures l&rsquo;annonce d&rsquo;un accord trouv\u00e9, \u00a0les explosions continuent plus au nord du territoire c\u00f4tier palestinien, selon des t\u00e9moins. Un journaliste de l&rsquo;AFP a vu plusieurs panaches de fum\u00e9e s&rsquo;\u00e9lever au milieu des d\u00e9combres.<\/p>\n<p>La D\u00e9fense civile, une organisation de premier secours op\u00e9rant sous l&rsquo;autorit\u00e9 du Hamas, a fait \u00e9tat de quatre morts dans des bombardements ou tirs isra\u00e9liens dans la nuit. Sollicit\u00e9e par l&rsquo;AFP, l&rsquo;arm\u00e9e n&rsquo;a pas comment\u00e9 dans l&rsquo;imm\u00e9diat.<\/p>\n<p>\u00ab\u00a0PAS RENONC\u00c9 \u00c0 METTRE FIN AU R\u00c8GNE DU HAMAS\u00a0\u00bb13:45<\/p>\n<p>Le ministre isra\u00e9lien des Affaires \u00e9trang\u00e8res Gideon Saar salue <a href=\"https:\/\/x.com\/gidonsaar\/status\/1976236779465253077\" target=\"_blank\">sur X (nouvelle fen\u00eatre)<\/a> des \u00ab\u00a0moments historiques pour le peuple isra\u00e9lien et l&rsquo;\u00c9tat d&rsquo;Isra\u00ebl\u00a0\u00bb, et assure qu&rsquo;il soutiendra l&rsquo;accord. \u00ab\u00a0Nous avons r\u00e9ussi \u00e0 r\u00e9tablir l&rsquo;image de puissance d&rsquo;Isra\u00ebl dans la r\u00e9gion et dans le monde apr\u00e8s la chute qu&rsquo;elle avait connue apr\u00e8s le 7 octobre\u00a0\u00bb, a-t-il affirm\u00e9. Il a assur\u00e9 par ailleurs qu&rsquo;Isra\u00ebl avait tenu l'\u00a0\u00bbengagement\u00a0\u00bb de lib\u00e9rer les otages \u00ab\u00a0dans les conditions les plus complexes que l&rsquo;on puisse imaginer\u00a0\u00bb.\u00a0<\/p>\n<p>\u00a0\u00bb Le Premier ministre a relev\u00e9 des d\u00e9fis difficiles\u00a0\u00bb, a-t-il aussi salu\u00e9, tout en rendant hommage au \u00ab\u00a0grand ami d&rsquo;Isra\u00ebl\u00a0\u00bb et \u00ab\u00a0leader exceptionnel\u00a0\u00bb qu&rsquo;est selon lui Donald Trump. \u00ab\u00a0Les d\u00e9fis auxquels Isra\u00ebl est confront\u00e9 ne sont pas termin\u00e9s. (&#8230;) Nous n&rsquo;avons pas renonc\u00e9 \u00e0 mettre fin au r\u00e8gne du Hamas \u00e0 Gaza, ni \u00e0 \u00e9liminer la menace qu&rsquo;il repr\u00e9sente pour Isra\u00ebl et ses citoyens\u00a0\u00bb, a-t-il ajout\u00e9. Tout en esp\u00e9rant de \u00ab\u00a0nouvelles perspectives diplomatiques\u00a0\u00bb et en affirmant que l&rsquo;\u00c9tat h\u00e9breu a \u00ab\u00a0int\u00e9r\u00eat \u00e0 \u00e9largir le cercle de la paix et de la normalisation dans la r\u00e9gion\u00a0\u00bb.\u00a0<\/p>\n<p>DES EFFUSIONS DE JOIE DE PART ET D&rsquo;AUTRE13:27<\/p>\n<p>Le pr\u00e9sident am\u00e9ricain a annonc\u00e9 que la premi\u00e8re phase de son plan de paix pour Gaza avait \u00e9t\u00e9 accept\u00e9e, pr\u00e9voyant le retour des otages isra\u00e9liens lundi. Dans la bande de Gaza, de nombreux Palestiniens ont savour\u00e9 cette annonce, laissant \u00e9clater leur joie. \u00c0 Tel-Aviv, les proches des otages ont aussi c\u00e9l\u00e9br\u00e9 la nouvelle, impatients de retrouver les personnes encore d\u00e9tenues.<\/p>\n<p>International<img decoding=\"async\" src=\"https:\/\/www.europesays.com\/fr\/wp-content\/uploads\/2025\/10\/montage-celebration-gaza-israel-accord-9-octobre-2025-f9d84a-0@1x.jpeg\" alt=\"Des Isra\u00e9liens c\u00e9l\u00e8brent sur la Place des otages de Tel-Aviv l'annonce d'un accord trouv\u00e9 sur Gaza, tout comme des Palestiniens de Khan Youn\u00e8s, dans le sud de Gaza, le 9 octobre 2025. \" loading=\"lazy\" importance=\"low\" fetchpriority=\"low\" class=\"\" aria-hidden=\"true\"\/>Publi\u00e9 aujourd&rsquo;hui \u00e0 13h15UNE R\u00c9UNION SUR L&rsquo;APR\u00c8S-GUERRE \u00c0 PARIS13:25<\/p>\n<p>Une r\u00e9union pr\u00e9vue ce jeudi \u00e0 Paris r\u00e9unit les ministres des Affaires \u00e9trang\u00e8res du \u00ab\u00a0Quint europ\u00e9en\u00a0\u00bb (Allemagne, Espagne, France, Italie, Royaume-Uni), du \u00ab\u00a0Quint arabe\u00a0\u00bb (Arabie Saoudite, \u00c9gypte, \u00c9mirats Arabes Unis, Jordanie, Qatar) ainsi que ceux de l&rsquo;Union europ\u00e9enne, du Canada et de Turquie, pour travailler sur \u00ab\u00a0le jour d&rsquo;apr\u00e8s\u00a0\u00bb. Emmanuel Macron doit s&rsquo;adresser \u00e0 eux en ouverture des discussions \u00e0 17 heures.<\/p>\n<p>Cette r\u00e9union, organis\u00e9e plusieurs jours avant l&rsquo;annonce de l&rsquo;accord, doit permettre de poursuivre les \u00ab\u00a0efforts men\u00e9s par la France depuis de longs mois pour mettre fin \u00e0 la guerre \u00e0 Gaza et ouvrir un chemin vers la paix\u00a0\u00bb, avait indiqu\u00e9 une source diplomatique fran\u00e7aise. L&rsquo;accord annonc\u00e9 par Donald Trump change un peu la donne et tombe \u00ab\u00a0finalement plut\u00f4t bien puisque les ministres vont pouvoir se concentrer sur les engagements concrets sur l&rsquo;apr\u00e8s-guerre\u00a0\u00bb, a r\u00e9agi un autre diplomate europ\u00e9en.<\/p>\n<p>Cela \u00ab\u00a0permettra de travailler \u00e0 la mise en \u0153uvre du plan de paix et \u00e0 l&rsquo;op\u00e9rationnalisation des principaux param\u00e8tres du &lsquo;jour d&rsquo;apr\u00e8s'\u00a0\u00bb, selon un communiqu\u00e9 du minist\u00e8re fran\u00e7ais des Affaires \u00e9trang\u00e8res publi\u00e9 jeudi : la s\u00e9curit\u00e9, la gouvernance et la reconstruction.<\/p>\n<p>\u00ab\u00a0DE QUOI NOURRIR L&rsquo;ENSEMBLE DE LA POPULATION\u00a0\u00bb12:01<\/p>\n<p>L&rsquo;agence des Nations Unies pour les r\u00e9fugi\u00e9s palestiniens a salu\u00e9 jeudi l&rsquo;accord de cessez-le-feu entre Isra\u00ebl et le Hamas, le qualifiant de \u00ab\u00a0grand soulagement\u00a0\u00bb, et s&rsquo;est d\u00e9clar\u00e9e pr\u00eate \u00e0 faire affluer \u00e0 Gaza la nourriture dont la population a urgemment besoin. \u00a0\u00ab\u00a0L&rsquo;Unrwa dispose de nourriture, de m\u00e9dicaments et d&rsquo;autres produits de premi\u00e8re n\u00e9cessit\u00e9 pour Gaza. Nous avons de quoi nourrir l&rsquo;ensemble de la population pendant les trois prochains mois\u00a0\u00bb, a d\u00e9clar\u00e9 sur X Philippe Lazzarini, directeur g\u00e9n\u00e9ral de l&rsquo;agence.<\/p>\n<p>MOSCOU ESP\u00c8RE QUE DES \u00ab\u00a0ACTIONS SUIVRONT\u00a0\u00bb11:49<\/p>\n<p>L&rsquo;annonce d&rsquo;un accord de cessez-le-feu ne peut que susciter une \u00ab\u00a0satisfaction g\u00e9n\u00e9rale\u00a0\u00bb, mais il doit \u00eatre suivi d'\u00a0\u00bbactions\u00a0\u00bb, a r\u00e9agi de son c\u00f4t\u00e9 le porte-parole du Kremlin Dmitri Peskov.<\/p>\n<p>\u00ab\u00a0Le fait qu&rsquo;un cessez-le-feu soit constat\u00e9 actuellement \u00e0 Gaza ne peut que susciter une satisfaction g\u00e9n\u00e9rale. On peut saluer tous ces efforts. Nous esp\u00e9rons n\u00e9anmoins que les signatures seront appos\u00e9es aujourd&rsquo;hui et qu&rsquo;ensuite des actions suivront pour l&rsquo;application des accords\u00a0\u00bb, a-t-il d\u00e9clar\u00e9, cit\u00e9 par l&rsquo;agence de presse russe Ria Novosti.\u00a0<\/p>\n<p>\u00ab\u00a0TOURNER LA PAGE DE LA GUERRE\u00a0\u00bb11:47<\/p>\n<p>Le pr\u00e9sident \u00e9gyptien Abdel Fattah al-Sissi a salu\u00e9 l&rsquo;annonce de l&rsquo;accord : il \u00ab\u00a0tourne la page de la guerre\u00a0\u00bb et \u00ab\u00a0ouvre une porte d&rsquo;espoir pour les peuples de la r\u00e9gion vers un avenir fond\u00e9 sur la justice et la stabilit\u00e9\u00a0\u00bb, a-t-il \u00e9crit sur sa page Facebook.<\/p>\n<p>APPROBATION DE L&rsquo;ACCORD11:39<\/p>\n<p>Le bureau du Premier ministre isra\u00e9lien a d\u00e9clar\u00e9 que l&rsquo;accord visant \u00e0 lib\u00e9rer les otages \u00e0 Gaza n&rsquo;entrerait en vigueur qu&rsquo;apr\u00e8s l&rsquo;approbation du gouvernement, \u00ab\u00a0attendue dans la soir\u00e9e.\u00a0\u00bb \u00ab\u00a0Contrairement aux informations diffus\u00e9es par des m\u00e9dias arabes, le d\u00e9compte des 72 heures ne commencera qu&rsquo;apr\u00e8s l&rsquo;approbation de l&rsquo;accord par le gouvernement. Cette approbation est attendue dans la soir\u00e9e\u00a0\u00bb, d\u00e9taille un communiqu\u00e9 du bureau de Benjamin Netanyahu.<\/p>\n<p>Le pr\u00e9sident am\u00e9ricain Donald Trump a annonc\u00e9 plus t\u00f4t qu&rsquo;Isra\u00ebl et le Hamas \u00e9taient parvenus \u00e0 accord sur Gaza, pr\u00e9voyant un cessez-le-feu et la lib\u00e9ration d&rsquo;otages d\u00e9tenus \u00e0 Gaza contre celle de prisonniers palestiniens, \u00e9change qui doit avoir lieu dans les 72 heures suivant l&rsquo;entr\u00e9e en vigueur de l&rsquo;accord.\u00a0<\/p>\n<p>R\u00c9UNION AU SOMMET EN ISRA\u00cbL11:12<\/p>\n<p>Le gouvernement isra\u00e9lien doit se r\u00e9unir \u00e0 17h pour discuter du \u00ab\u00a0plan de lib\u00e9ration de tous les otages isra\u00e9liens\u00a0\u00bb, indique un communiqu\u00e9 officiel. Selon l&rsquo;ordre du jour de la r\u00e9union publi\u00e9 par le gouvernement sur son site internet, le plan sera pr\u00e9sent\u00e9 aux membres du gouvernement par le Premier ministre Benyamin Netanyahou.<\/p>\n<p>LES PAYS ARABES SALUENT L&rsquo;ACCORD11:02<\/p>\n<p>L&rsquo;Arabie saoudite a salu\u00e9 elle aussi l&rsquo;annonce de l&rsquo;accord entre Isra\u00ebl et le Hamas sur un cessez-le-feu \u00e0 Gaza. \u00ab\u00a0Le royaume souligne l&rsquo;importance que cette \u00e9tape marque le d\u00e9but d&rsquo;une action s\u00e9rieuse et urgente pour all\u00e9ger les souffrances du peuple palestinien (&#8230;) assurer le retrait complet des forces isra\u00e9liennes de Gaza et restaurer la paix et la stabilit\u00e9 en vue de relancer un processus de paix\u00a0\u00bb, a affirm\u00e9 le minist\u00e8re des Affaires \u00e9trang\u00e8res dans un communiqu\u00e9.\u00a0<\/p>\n<p>La Jordanie a salu\u00e9 elle aussi l&rsquo;accord qui devra \u00ab\u00a0conduire \u00e0 la fin de la guerre, \u00e0 la mise en \u0153uvre de l&rsquo;accord d&rsquo;\u00e9change (des otages et des prisonniers) et au retrait isra\u00e9lien de Gaza, ainsi qu&rsquo;\u00e0 l&rsquo;acheminement de l&rsquo;aide humanitaire\u00a0\u00bb, selon un communiqu\u00e9.<\/p>\n<p>\u00ab\u00a0MOMENT CRUCIAL\u00a0\u00bb11:00<\/p>\n<p>Le ministre \u00e9gyptien des Affaires \u00e9trang\u00e8res a salu\u00e9 un \u00ab\u00a0moment crucial\u00a0\u00bb apr\u00e8s l&rsquo;annonce d&rsquo;un accord sur un cessez-le-feu \u00e0 Gaza. Badr Abdelatty a pr\u00e9cis\u00e9 dans un communiqu\u00e9 qu&rsquo;il se rend ce jeudi \u00e0 Paris pour une r\u00e9union minist\u00e9rielle afin de \u00ab\u00a0discuter des dispositions concernant la situation\u00a0\u00bb dans le territoire palestinien ravag\u00e9 par plus de deux ans de guerre.<\/p>\n<p>R\u00c9UNION \u00c0 PARIS SUR L&rsquo;APR\u00c8S-GUERRE10:59<\/p>\n<p>Le pr\u00e9sident fran\u00e7ais Emmanuel Macron prendra la parole \u00e0 17 heures devant les ministres des Affaires \u00e9trang\u00e8res europ\u00e9ens et arabes r\u00e9unis pour discuter des modalit\u00e9s d&rsquo;un engagement collectif pour l&rsquo;apr\u00e8s-guerre dans la bande de Gaza, a pr\u00e9cis\u00e9 l&rsquo;\u00c9lys\u00e9e. Cette r\u00e9union se tient \u00ab\u00a0dans la continuit\u00e9 du plan franco-saoudien pr\u00e9sent\u00e9 \u00e0 New York\u00a0\u00bb le 21 septembre pour une solution politique \u00e0 deux Etats, isra\u00e9lien et palestinien, a ajout\u00e9 la pr\u00e9sidence.<\/p>\n<p>L&rsquo;OMS PR\u00caTE \u00c0 \u00ab\u00a0MONTER EN PUISSANCE\u00a0\u00bb10:35<\/p>\n<p>Le directeur g\u00e9n\u00e9ral de l&rsquo;OMS a \u00ab\u00a0salu\u00e9\u00a0\u00bb l&rsquo;annonce d&rsquo;un accord de cessez-le-feu entre Isra\u00ebl et le Hamas, le qualifiant de \u00ab\u00a0grand pas vers une paix durable\u00a0\u00bb, affirmant que son agence \u00e9tait pr\u00eate \u00e0 intensifier sa r\u00e9ponse aux besoins de sant\u00e9 \u00e0 Gaza. \u00ab\u00a0L&rsquo;OMS est pr\u00eate \u00e0 monter en puissance dans ses efforts pour r\u00e9pondre aux besoins sanitaires urgents des patients \u00e0 Gaza et \u00e0 soutenir la r\u00e9habilitation du syst\u00e8me de sant\u00e9 d\u00e9truit\u00a0\u00bb, a d\u00e9clar\u00e9 Tedros Adhanom Ghebreyesus sur X.<\/p>\n<p>\u00ab\u00a0IL FAUT SAISIR L&rsquo;OCCASION QUI SE PR\u00c9SENTE\u00a0\u00bb10:02<\/p>\n<p>La pr\u00e9sidente de la Commission europ\u00e9enne Ursula von der Leyen se r\u00e9jouit elle aussi de l&rsquo;accord, saluant les \u00ab\u00a0efforts diplomatiques d\u00e9ploy\u00e9s par les \u00c9tats-Unis, le Qatar, l&rsquo;\u00c9gypte et la Turquie pour parvenir \u00e0 cette avanc\u00e9e d\u00e9cisive\u00a0\u00bb. \u00ab\u00a0\u00c0 pr\u00e9sent, toutes les parties doivent respecter pleinement les termes de l&rsquo;accord. Tous les otages doivent \u00eatre lib\u00e9r\u00e9s sains et saufs. Un cessez-le-feu permanent doit \u00eatre \u00e9tabli. Les souffrances doivent cesser\u00a0\u00bb, exhorte-t-elle.<\/p>\n<p>Quant \u00e0 l&rsquo;UE, elle \u00ab\u00a0continuera \u00e0 soutenir l&rsquo;acheminement rapide et s\u00fbr de l&rsquo;aide humanitaire \u00e0 Gaza\u00a0\u00bb et \u00ab\u00a0le moment venu, nous serons pr\u00eats \u00e0 contribuer au rel\u00e8vement et \u00e0 la reconstruction\u00a0\u00bb. \u00ab\u00a0Il faut saisir l&rsquo;occasion qui se pr\u00e9sente aujourd&rsquo;hui. C&rsquo;est l&rsquo;occasion de tracer une voie politique cr\u00e9dible vers une paix et une s\u00e9curit\u00e9 durables. Une voie fermement ancr\u00e9e dans la solution \u00e0 deux \u00c9tats\u00a0\u00bb, insiste-t-elle.<\/p>\n<p>\u00ab\u00a0NOUVELLE EXTRAORDINAIRE\u00a0\u00bb10:00<\/p>\n<p>La Premi\u00e8re ministre italienne Giorgia Meloni salue \u00e9galement une \u00ab\u00a0nouvelle extraordinaire\u00a0\u00bb apr\u00e8s l&rsquo;annonce de l&rsquo;accord. \u00ab\u00a0Je tiens \u00e0 remercier le pr\u00e9sident Trump (&#8230;), ainsi que les m\u00e9diateurs &#8211; l&rsquo;\u00c9gypte, le Qatar et la Turquie\u00a0\u00bb, \u00e9crit-elle sur X. \u00ab\u00a0Cet accord et la voie plus large trac\u00e9e par le plan Trump constituent une occasion unique de mettre fin \u00e0 ce conflit, qui doit absolument \u00eatre saisie\u00a0\u00bb, insiste-t-elle aussi, promettant que l&rsquo;Italie \u00ab\u00a0continuera \u00e0 soutenir les efforts des m\u00e9diateurs et est pr\u00eate \u00e0 contribuer \u00e0 la stabilisation, \u00e0 la reconstruction et au d\u00e9veloppement de Gaza\u00a0\u00bb.<\/p>\n<p>UNE ANNONCE \u00ab\u00a0ENCOURAGEANTE\u00a0\u00bb09:49<\/p>\n<p>De son c\u00f4t\u00e9, le chancelier allemand a jug\u00e9 encourageante l&rsquo;annonce de l&rsquo;accord entre Isra\u00ebl et le Hamas. \u00ab\u00a0Les d\u00e9veloppements en Isra\u00ebl sont encourageants (&#8230;) Nous observons bien s\u00fbr la situation de tr\u00e8s pr\u00e8s et restons confiants qu&rsquo;une solution puisse \u00eatre trouv\u00e9e cette semaine\u00a0\u00bb, a d\u00e9clar\u00e9 Friedrich Merz, lors d&rsquo;une conf\u00e9rence de presse \u00e0 Berlin.<\/p>\n<p>Voir plus<\/p>\n<p>P\u00c9KIN ESP\u00c8RE UN CESSEZ-LE-FEU \u00ab\u00a0PERMANENT ET COMPLET\u00a0\u00bb09:49<\/p>\n<p>La Chine a dit jeudi esp\u00e9rer un cessez-le-feu \u00ab\u00a0permanent et complet (&#8230;) au plus vite \u00e0 Gaza afin d&rsquo;att\u00e9nuer dans les faits la crise humanitaire et d&rsquo;apaiser les tensions r\u00e9gionales\u00a0\u00bb, a d\u00e9clar\u00e9 Guo Jiakun, un porte-parole du minist\u00e8re chinois des Affaires \u00e9trang\u00e8res.<\/p>\n<p>\u00ab\u00a0La Chine pr\u00f4ne le respect du principe de la gouvernance de la Palestine par les Palestiniens et promeut la mise en \u0153uvre de la solution \u00e0 deux \u00c9tats\u00a0\u00bb, a-t-il dit lors d&rsquo;une conf\u00e9rence de presse r\u00e9guli\u00e8re<\/p>\n<p>LES MILITANTS DE LA FLOTTILLE DE RETOUR \u00c0 PARIS09:47<\/p>\n<p>Peu avant l&rsquo;annonce de Donald Trump, des militants qui avaient navigu\u00e9 \u00e0 bord de navires de la flottille d&rsquo;aide \u00e0 destination de Gaza, avant d&rsquo;\u00eatre arr\u00eat\u00e9s et d\u00e9tenus par les forces isra\u00e9liennes, se sont rassembl\u00e9s place de la R\u00e9publique \u00e0 Pairs. Des centaines de manifestants \u00e9taient pr\u00e9sents, venus les accueillir. L&rsquo;eurod\u00e9put\u00e9e franco-palestinienne Rima Hassan, de retour \u00e0 Paris, \u00e9tait \u00e9galement pr\u00e9sente et a demand\u00e9 \u00ab\u00a0des sanctions cons\u00e9quentes \u00e0 l&rsquo;encontre d&rsquo;Isra\u00ebl\u00a0\u00bb.\u00a0<\/p>\n<p><img decoding=\"async\" src=\"https:\/\/www.europesays.com\/fr\/wp-content\/uploads\/2025\/10\/manif-gaza-flottille-paris-8-octobre-2025-3ed17f-0@1x.jpeg\" alt=\"Mustafa Cakici, coordinateur de la d\u00e9l\u00e9gation internationale de la Flottille mondiale Sumud, prononce un discours lors d'un rassemblement \u00e0 Paris, le 8 octobre 2025.  - Dimitar DILKOFF \/ AFP\" loading=\"lazy\" importance=\"low\" fetchpriority=\"low\" class=\"\"\/>Mustafa Cakici, coordinateur de la d\u00e9l\u00e9gation internationale de la Flottille mondiale Sumud, prononce un discours lors d&rsquo;un rassemblement \u00e0 Paris, le 8 octobre 2025.  &#8211; Dimitar DILKOFF \/ AFPUN MINISTRE ISRA\u00c9LIEN D&rsquo;EXTR\u00caME DROITE S&rsquo;OPPOSE \u00c0 L&rsquo;ACCORD09:41<\/p>\n<p>Une voix \u00e0 contre-courant de la liesse g\u00e9n\u00e9rale en Isra\u00ebl : le ministre des Finances, Bezalel Smotrich, partenaire clef de la majorit\u00e9 du Premier ministre Benjamin Netanyahu, a d\u00e9clar\u00e9 qu&rsquo;il voterait contre un accord de cessez-le-feu avec le Hamas pr\u00e9voyant la lib\u00e9ration des otages retenus \u00e0 Gaza et celle de prisonniers palestiniens.<\/p>\n<p>\u00ab\u00a0Il y a une peur immense des cons\u00e9quences (impliqu\u00e9es par le fait de) vider les prisons et de la remise en libert\u00e9 de la prochaine g\u00e9n\u00e9ration de dirigeants terroristes (&#8230;)\u00a0\u00bb, a \u00e9crit le ministre d&rsquo;extr\u00eame droite sur X. \u00ab\u00a0Ne serait-ce que pour cette raison, nous ne pouvons pas participer \u00e0 des c\u00e9l\u00e9brations \u00e0 court terme ni voter en faveur de cet accord\u00a0\u00bb, a-t-il plaid\u00e9.\u00a0<\/p>\n<p>\u00ab\u00a0PR\u00c9LUDE \u00c0 UNE SITUATION POLITIQUE PERMANENTE\u00a0\u00bb09:36<\/p>\n<p>Le pr\u00e9sident palestinien Mahmoud Abbas a salu\u00e9 l&rsquo;accord conclu, disant esp\u00e9rer qu&rsquo;il puisse mener \u00e0 la cr\u00e9ation d&rsquo;un \u00c9tat palestinien. Dans un communiqu\u00e9 publi\u00e9 sur les r\u00e9seaux sociaux, il a \u00ab\u00a0accueilli favorablement l&rsquo;annonce par le pr\u00e9sident am\u00e9ricain Donald Trump d&rsquo;un accord visant \u00e0 mettre fin \u00e0 la guerre dans la bande de Gaza\u00a0\u00bb, et a \u00ab\u00a0exprim\u00e9 l&rsquo;espoir que ces efforts soient le pr\u00e9lude \u00e0 une solution politique permanente (&#8230;) conduisant \u00e0 la fin de l&rsquo;occupation isra\u00e9lienne de l&rsquo;\u00c9tat de Palestine et \u00e0 l&rsquo;\u00e9tablissement d&rsquo;un \u00c9tat palestinien ind\u00e9pendant.\u00a0\u00bb<\/p>\n<p>Il a par ailleurs assur\u00e9 de \u00ab\u00a0la volont\u00e9 de l&rsquo;\u00c9tat de Palestine de travailler avec les m\u00e9diateurs concern\u00e9s et les partenaires internationaux pour assurer son succ\u00e8s, afin de parvenir \u00e0 la stabilit\u00e9 et \u00e0 une paix durable et juste conform\u00e9ment au droit international\u00a0\u00bb, tout en insistant sur le fait que \u00ab\u00a0la souverainet\u00e9 sur la bande de Gaza appartient \u00e0 l&rsquo;\u00c9tat de Palestine\u00a0\u00bb.\u00a0<\/p>\n<blockquote data-testid=\"EmbedTwitter\" id=\"tweet-1976178405042520532-:R1pgh6j96cmj9n79m:\" class=\"jsx-aeff1a1c40f54d7a twitter-tweet flex justify-center items-center\"><p>President Abbas welcomes President Trump\u2019s announcement of a  #ceasefire agreement in  #Gaza \ud83d\udd17  https:\/\/t.co\/ahorpnpcGi pic.twitter.com\/wS0kxxpMzs \u2014 PM of Palestine (@PalestinePMO)  October 9, 2025<\/p><\/blockquote>\n<p>\u00ab\u00a0IL EST MAINTENANT TEMPS DE DIALOGUER\u00a0\u00bb09:31<\/p>\n<p>Le Premier ministre socialiste espagnol Pedro S\u00e1nchez a dit \u00ab\u00a0se f\u00e9liciter\u00a0\u00bb de l&rsquo;accord sur un cessez-le-feu \u00e0 Gaza, ajoutant esp\u00e9rer qu&rsquo;il \u00ab\u00a0marque le d\u00e9but d&rsquo;une paix juste et durable\u00a0\u00bb. \u00ab\u00a0Il est maintenant temps de dialoguer, d&rsquo;aider la population civile et de se tourner vers l&rsquo;avenir. Avec espoir. Mais aussi avec justice et m\u00e9moire. Pour que les atrocit\u00e9s v\u00e9cues ne se reproduisent jamais\u00a0\u00bb, a-t-il d\u00e9clar\u00e9 sur X.\u00a0<\/p>\n<p>SC\u00c8NES DE LIESSE DANS LA BANDE DE GAZA09:28<\/p>\n<p>L&rsquo;annonce de la validation de la premi\u00e8re phase de l&rsquo;accord de paix a aussi d\u00e9clench\u00e9 des sc\u00e8nes d&rsquo;effusions de joie dans la bande de Gaza, comme ici \u00e0 Khan Youn\u00e8s, dans le sud de l&rsquo;enclave palestinienne.\u00a0<\/p>\n<blockquote data-testid=\"EmbedTwitter\" id=\"tweet-1976161843270897842-:R1pgp6j96cmj9n79m:\" class=\"jsx-aeff1a1c40f54d7a twitter-tweet flex justify-center items-center\"><p>Des Gazaouis c\u00e9l\u00e8brent devant l&rsquo;h\u00f4pital Nasser \u00e0 Khan Youn\u00e8s apr\u00e8s l&rsquo;accord de cessez-le-feu annonc\u00e9 par Isra\u00ebl et le Hamas \u2935\ufe0f  pic.twitter.com\/iXvIh9NZHb \u2014 Agence France-Presse (@afpfr)  October 9, 2025<\/p><\/blockquote>\n<p>LES H\u00d4PITAUX ISRA\u00c9LIENS SE PR\u00c9PARENT \u00c0 RECEVOIR LES OTAGES09:17<\/p>\n<p>Les h\u00f4pitaux isra\u00e9liens se pr\u00e9parent \u00e0 prendre en charge 20 otages vivants, qui devraient \u00eatre lib\u00e9r\u00e9s lundi selon Donald Trump, relate la cha\u00eene de <a href=\"https:\/\/www.mako.co.il\/news-lifestyle\/029dc693ec419910\/Article-87ad88533a7c991027.htm\" target=\"_blank\" rel=\"nofollow noopener\">t\u00e9l\u00e9vision isra\u00e9lienne N12 (nouvelle fen\u00eatre)<\/a>. Une s\u00e9rie d&rsquo;examens complets sera r\u00e9alis\u00e9e. \u00ab\u00a0Il s&rsquo;agit de l&rsquo;une des op\u00e9rations les plus complexes et les plus sensibles men\u00e9es par le syst\u00e8me de sant\u00e9, compte tenu du nombre attendu de rapatri\u00e9s, de leur \u00e9tat physique et mental apr\u00e8s une longue p\u00e9riode dans des conditions difficiles, et de la n\u00e9cessit\u00e9 de combiner un traitement m\u00e9dical imm\u00e9diat avec une r\u00e9adaptation mentale et sociale prolong\u00e9e\u00a0\u00bb, d\u00e9crit la cha\u00eene. Les corps des otages d\u00e9c\u00e9d\u00e9s seront quant \u00e0 eux pris en charge dans un institut m\u00e9dico-l\u00e9gal.\u00a0<\/p>\n<p>MACRON SALUE UN \u00ab\u00a0ESPOIR IMMENSE\u00a0\u00bb09:15<\/p>\n<p>Emmanuel Macron salue sur X l&rsquo;accord trouv\u00e9, un \u00ab\u00a0espoir immense pour les otages et leurs familles, pour les Palestiniens de Gaza, pour la r\u00e9gion\u00a0\u00bb. \u00ab\u00a0J&rsquo;appelle les parties \u00e0 en respecter strictement les termes\u00a0\u00bb, ajoute-t-il, estimant \u00e0 ce que cet accord \u00ab\u00a0doit marquer la fin de la guerre et l&rsquo;ouverture d&rsquo;une solution politique fond\u00e9e sur la solution \u00e0 deux \u00c9tats\u00a0\u00bb. \u00ab\u00a0La France se tient pr\u00eate \u00e0 contribuer \u00e0 cet objectif\u00a0\u00bb, ajoute-t-il, un sujet qui sera discut\u00e9 \u00e0 Paris cet apr\u00e8s-midi avec des \u00ab\u00a0partenaires internationaux\u00a0\u00bb.<\/p>\n<blockquote data-testid=\"EmbedTwitter\" id=\"tweet-1976184140300001392-:R1ph16j96cmj9n79m:\" class=\"jsx-aeff1a1c40f54d7a twitter-tweet flex justify-center items-center\"><p>Espoir immense pour les otages et leurs familles, pour les Palestiniens de Gaza, pour la r\u00e9gion. Je salue l&rsquo;accord conclu dans la nuit pour la lib\u00e9ration des otages et le cessez-le-feu \u00e0 Gaza, et les efforts du Pr\u00e9sident Trump, comme des m\u00e9diateurs qatariens, \u00e9gyptiens\u2026 \u2014 Emmanuel Macron (@EmmanuelMacron)  October 9, 2025<\/p><\/blockquote>\n<p>L&rsquo;ESPOIR DES FAMILLES D&rsquo;OTAGES09:08<\/p>\n<p>Donald Trump a annonc\u00e9 que le retour des otages vivants mais aussi d\u00e9c\u00e9d\u00e9s, toujours retenus \u00e0 Gaza, devrait avoir lieu lundi. Chants, danses&#8230; Sur la place des otages \u00e0 Tel-Aviv, des proches se sont rassembl\u00e9s, laissant leur joie \u00e9clater tout au long de la nuit mais aussi ce jeudi matin. Le point sur place avec notre correspondante Bethsab\u00e9e Salem.\u00a0<\/p>\n<p>Accord Isra\u00ebl-Hamas : le soulagement et l&rsquo;espoir des familles d&rsquo;otagesSource : TF1 Info<\/p>\n<p><img decoding=\"async\" src=\"https:\/\/www.europesays.com\/fr\/wp-content\/uploads\/2025\/10\/accord-israel-hamas-le-soulagement-et-l-espoir-des-familles-d-otages-92902c-0@1x.jpeg\" alt=\"Accord Isra\u00ebl-Hamas : le soulagement et l'espoir des familles d'otages\" loading=\"lazy\" importance=\"low\" fetchpriority=\"low\" class=\"\"\/><img decoding=\"async\" src=\"https:\/\/www.tf1info.fr\/images\/icons\/player-logo-play.svg\" alt=\"Logo lecture\" class=\"jsx-d0de44c05fe3042c PlayerLazyload__Play\"\/>COMMENT DEVRAIT SE D\u00c9ROULER LA LIB\u00c9RATION DES OTAGES ?08:52<\/p>\n<p>L&rsquo;heure de l&rsquo;entr\u00e9e en vigueur de l&rsquo;accord, qui doit \u00eatre sign\u00e9 ce jeudi en \u00c9gypte, sera annonc\u00e9e le m\u00eame jour et les otages vivants, enlev\u00e9s lors d&rsquo;une attaque sans pr\u00e9c\u00e9dent du Hamas contre Isra\u00ebl le 7 octobre 2023, seront alors lib\u00e9r\u00e9s \u00ab\u00a0en fonction des conditions sur le terrain\u00a0\u00bb \u00e0 Gaza, a indiqu\u00e9 \u00e0 l&rsquo;AFP une source du mouvement islamiste palestinien.\u00a0<\/p>\n<p>Selon un responsable palestinien au fait des n\u00e9gociations, les otages vivants seront lib\u00e9r\u00e9s contre pr\u00e8s de 2.000 prisonniers palestiniens d\u00e9tenus par Isra\u00ebl, \u00ab\u00a0simultan\u00e9ment \u00e0 des retraits isra\u00e9liens sp\u00e9cifiques (de Gaza) et une entr\u00e9e de (davantage) d&rsquo;aides humanitaires\u00a0\u00bb dans le territoire palestinien. Il n&rsquo;a pas mentionn\u00e9 les otages morts.<\/p>\n<p>Dans le cadre de l&rsquo;accord, l&rsquo;arm\u00e9e isra\u00e9lienne a indiqu\u00e9 de son c\u00f4t\u00e9 se pr\u00e9parer \u00e0 repositionner ses troupes dans la bande de Gaza, dont elle contr\u00f4le environ 75%.\u00a0<\/p>\n<p>\u00ab\u00a0TR\u00c8S SATISFAIT\u00a0\u00bb08:50<\/p>\n<p>Le pr\u00e9sident turc Recep Tayyip Erdogan a remerci\u00e9 le pr\u00e9sident am\u00e9ricain Donald Trump et a salu\u00e9 l&rsquo;accord sur un cessez-le-feu \u00e0 Gaza. \u00ab\u00a0Je suis tr\u00e8s satisfait que les n\u00e9gociations entre le Hamas et Isra\u00ebl, tenues \u00e0 Charm el-Cheikh et auxquelles la Turquie a \u00e9galement contribu\u00e9, aient abouti \u00e0 un cessez-le-feu \u00e0 Gaza. Je tiens \u00e0 exprimer ma gratitude, en particulier au pr\u00e9sident am\u00e9ricain Trump, (&#8230;) ainsi qu&rsquo;\u00e0 nos pays fr\u00e8res, le Qatar et l&rsquo;\u00c9gypte\u00a0\u00bb, a affirm\u00e9 le chef de l&rsquo;\u00c9tat turc sur X.<\/p>\n<p>PR\u00c8S D&rsquo;UN ENFANT SUR SIX ATTEINT DE MALNUTRITION08:47<\/p>\n<p>L&rsquo;annonce du pr\u00e9sident am\u00e9ricain intervient tandis que l&rsquo;ONU vient de r\u00e9v\u00e9ler ce jeudi un rapport alarmant : pr\u00e8s d&rsquo;un enfant sur six est atteint de malnutrition aig\u00fce \u00e0 Gaza \u00e0 cause de la guerre entre Isra\u00ebl et le Hamas. L&rsquo;organisation a r\u00e9cemment d\u00e9clar\u00e9 que le territoire palestinien \u00e9tait frapp\u00e9 par une famine.<\/p>\n<p>\u00ab\u00a0Apr\u00e8s bient\u00f4t deux ans de conflit et de restrictions drastiques \u00e0 l&rsquo;aide humanitaire, des dizaines de milliers de petits souffrent dans la bande de Gaza d&rsquo;une malnutrition aig\u00fce \u00e9vitable accroissant leur risque de mortalit\u00e9\u00a0\u00bb, conclut cette \u00e9tude publi\u00e9e dans le Lancet et financ\u00e9e par l&rsquo;agence onusienne pour les r\u00e9fugi\u00e9s palestiniens (Unrwa). Au total, pr\u00e8s de 54.600 enfants \u00ab\u00a0souffrent actuellement de malnutrition et affrontent un risque de d\u00e9c\u00e8s, s&rsquo;ils ne sont pas trait\u00e9s\u00a0\u00bb, pr\u00e9cise cette derni\u00e8re sur X.<\/p>\n<blockquote data-testid=\"EmbedTwitter\" id=\"tweet-1976060147916038435-:R1phh6j96cmj9n79m:\" class=\"jsx-aeff1a1c40f54d7a twitter-tweet flex justify-center items-center\"><p>A new study published today in The Lancet by UNRWA and partners reinforces the confirmation by the Integrated Food Security Phase Classification (IPC) of famine in  #Gaza City. The findings further underscore the extent of the humanitarian catastrophe and the need for immediate,\u2026  pic.twitter.com\/zdng6ol0UF \u2014 UNRWA (@UNRWA)  October 8, 2025<\/p><\/blockquote>\n<p>\u00ab\u00a0LA SOUFFRANCE DOIT PRENDRE FIN\u00a0\u00bb08:42<\/p>\n<p>De son c\u00f4t\u00e9, le secr\u00e9taire g\u00e9n\u00e9ral de l&rsquo;ONU Antonio Guterres a salu\u00e9 l&rsquo;accord, appelant toutes les parties concern\u00e9es \u00e0 en \u00ab\u00a0respecter pleinement les termes\u00a0\u00bb. \u00ab\u00a0Tous les otages doivent \u00eatre lib\u00e9r\u00e9s de mani\u00e8re digne. Un accord de cessez-le-feu permanent doit \u00eatre obtenu. Les combats doivent s&rsquo;arr\u00eater une fois pour toute (&#8230;). La souffrance doit prendre fin\u00a0\u00bb, a-t-il d\u00e9clar\u00e9 dans un communiqu\u00e9, assurant que l&rsquo;ONU \u00e9tait pr\u00eate \u00e0 \u00ab\u00a0augmenter la fourniture d&rsquo;une aide humanitaire durable et bas\u00e9e sur des principes\u00a0\u00bb et \u00e0 participer \u00e0 la reconstruction du territoire palestinien d\u00e9vast\u00e9.<\/p>\n<p>WASHINGTON \u00ab\u00a0IMPLIQU\u00c9\u00a0\u00bb POUR \u00ab\u00a0MAINTENIR LA PAIX\u00a0\u00bb08:39<\/p>\n<p>Les \u00c9tats-Unis seront \u00ab\u00a0impliqu\u00e9s\u00a0\u00bb pour \u00ab\u00a0maintenir la paix\u00a0\u00bb \u00e0 Gaza, a aussi d\u00e9clar\u00e9 Donald Trump sur la cha\u00eene Fox News. \u00ab\u00a0Nous pensons que Gaza sera un endroit beaucoup plus s\u00fbr, reconstruit, et d&rsquo;autres pays de la r\u00e9gion l&rsquo;aideront \u00e0 se reconstruire car ils poss\u00e8dent d&rsquo;\u00e9normes richesses et ils veulent que \u00e7a arrive. Et nous (les \u00c9tats-Unis, ndlr) serons impliqu\u00e9s pour les aider \u00e0 en faire un succ\u00e8s et pour aider \u00e0 y maintenir la paix\u00a0\u00bb, a dit le pr\u00e9sident am\u00e9ricain.<\/p>\n<p>LA CLASSE POLITIQUE FRAN\u00c7AISE R\u00c9AGIT08:35<\/p>\n<p>L&rsquo;annonce d&rsquo;un accord trouv\u00e9 fait \u00e9galement r\u00e9agir la classe politique fran\u00e7aise. Sur <a href=\"https:\/\/x.com\/franceinfo\/status\/1976165353819430944\" target=\"_blank\">franceinfo (nouvelle fen\u00eatre)<\/a>, le pr\u00e9sident du groupe socialiste au S\u00e9nat Patrick Kanner a dit \u00ab\u00a0esp\u00e9rer\u00a0\u00bb que cet accord aboutisse pour les deux peuples. \u00ab\u00a0Nous avons toujours d\u00e9fendu la solution \u00e0 deux \u00c9tats\u00a0\u00bb, qui ne pourra \u00ab\u00a0se mettre en \u0153uvre que si le cessez-le-feu et une paix juste et durable se placent au Proche-Orient\u00a0\u00bb. \u00ab\u00a0Le temps est venu du respect, de la confiance, et je l&rsquo;esp\u00e8re aujourd&rsquo;hui, d&rsquo;un avenir meilleur pour ces deux peuples qui ont trop souffert\u00a0\u00bb, poursuit-il.\u00a0<\/p>\n<p>Du c\u00f4t\u00e9 du PCF, le s\u00e9nateur de Paris Ian Brossat a lui salu\u00e9 <a href=\"https:\/\/x.com\/IanBrossat\/status\/1976164685201191173\" target=\"_blank\">sur X (nouvelle fen\u00eatre)<\/a> un \u00ab\u00a0cessez-le-feu, la lib\u00e9ration des otages, celle de prisonniers palestiniens ind\u00fbment incarc\u00e9r\u00e9s\u00a0\u00bb, mais estim\u00e9 que ces \u00ab\u00a0soulagements (&#8230;) n&rsquo;\u00e9teignent pas le combat \u00e0 poursuivre pour une Palestine libre, souveraine, d\u00e9barrass\u00e9e de l&rsquo;occupation et de la colonisation\u00a0\u00bb.\u00a0<\/p>\n<p>\u00ab\u00a0R\u00c9USSITE DIPLOMATIQUE MAJEURE\u00a0\u00bb08:21<\/p>\n<p>De son c\u00f4t\u00e9, l&rsquo;Union europ\u00e9enne salue une \u00ab\u00a0r\u00e9ussite diplomatique majeure\u00a0\u00bb.\u00a0La cheffe de la diplomatie europ\u00e9enne Kaja Kallas a estim\u00e9 sur X que \u00ab\u00a0l&rsquo;accord sur la premi\u00e8re phase du processus de paix \u00e0 Gaza marque une perc\u00e9e significative\u00a0\u00bb. \u00ab\u00a0L&rsquo;UE fera tout son possible pour soutenir sa mise en \u0153uvre\u00a0\u00bb, a-t-elle lanc\u00e9.\u00a0<\/p>\n<p>\u00ab\u00a0PROFOND SOULAGEMENT\u00a0\u00bb08:20<\/p>\n<p>La validation de la premi\u00e8re phase de l&rsquo;accord est un \u00ab\u00a0moment de profond soulagement qui sera ressenti partout dans le monde\u00a0\u00bb, salue le Premier ministre britannique Keir Starmer.\u00a0Le leader travailliste a salu\u00e9 dans un communiqu\u00e9 les \u00ab\u00a0efforts diplomatiques inlassables\u00a0\u00bb de l&rsquo;\u00c9gypte, du Qatar, de la Turquie et des \u00c9tats-Unis pour parvenir \u00e0 cette \u00ab\u00a0premi\u00e8re \u00e9tape cruciale\u00a0\u00bb et appel\u00e9 \u00e0 ce qu&rsquo;il s&rsquo;applique \u00ab\u00a0dans son int\u00e9gralit\u00e9, sans d\u00e9lai\u00a0\u00bb et \u00ab\u00a0s&rsquo;accompagne de la lev\u00e9e imm\u00e9diate de toutes les restrictions pesant sur l&rsquo;aide humanitaire\u00a0\u00bb pour Gaza.\u00a0<\/p>\n<p>\u00ab\u00a0TOUT LE MONDE M&rsquo;AIME MAINTENANT\u00a0\u00bb08:19<\/p>\n<p>Donald Trump a assur\u00e9 que l&rsquo;accord trouv\u00e9 permettrait \u00ab\u00a0la paix au Moyen-Orient\u00a0\u00bb, affirmant que \u00ab\u00a0Le monde entier s&rsquo;est r\u00e9uni autour de cet accord\u00a0\u00bb, lors d&rsquo;une interview sur Fox News, selon le <a href=\"https:\/\/www.nytimes.com\/live\/2025\/10\/08\/world\/israel-hamas-gaza-ceasefire\" target=\"_blank\" rel=\"noopener\">New York Times (nouvelle fen\u00eatre)<\/a>.\u00a0<\/p>\n<p>Il a \u00e9galement d\u00e9clar\u00e9 avoir \u00e9chang\u00e9 avec Benyamin Netanyahou. \u00ab\u00a0Il m&rsquo;a dit : &lsquo;Je n&rsquo;arrive pas \u00e0 y croire, tout le monde m&rsquo;aime maintenant&rsquo;. Je lui ai r\u00e9pondu : &lsquo;Isra\u00ebl ne peut pas lutter contre le monde entier, Bibi, ils ne peuvent pas lutter contre le monde entier'\u00a0\u00bb, a relat\u00e9 le pr\u00e9sident am\u00e9ricain.\u00a0<\/p>\n<p>LE D\u00c9BUT DE LA PAIX \u00c0 GAZA ?08:01<\/p>\n<p>Donald Trump a annonc\u00e9 dans la nuit que la premi\u00e8re phase d&rsquo;un accord de paix avait \u00e9t\u00e9 trouv\u00e9 \u00e0 Gaza, entre Isra\u00ebl et le Hamas, une information accueillie par des d\u00e9monstrations de joie dans l&rsquo;enclave palestinienne mais aussi \u00e0 Tel-Aviv. Retour sur ces derni\u00e8res heures cruciales, qui pourraient annoncer la fin d&rsquo;un conflit de deux ans.\u00a0<\/p>\n<p>Accord Isra\u00ebl-Hamas : le d\u00e9but de la paix ?Source : TF1 Info<\/p>\n<p><img decoding=\"async\" src=\"https:\/\/www.europesays.com\/fr\/wp-content\/uploads\/2025\/10\/accord-israel-hamas-le-debut-de-la-paix-7ac940-0@1x.jpeg\" alt=\"Accord Isra\u00ebl-Hamas : le d\u00e9but de la paix ?\" loading=\"lazy\" importance=\"low\" fetchpriority=\"low\" class=\"\"\/><img decoding=\"async\" src=\"https:\/\/www.tf1info.fr\/images\/icons\/player-logo-play.svg\" alt=\"Logo lecture\" class=\"jsx-d0de44c05fe3042c PlayerLazyload__Play\"\/>\u00ab\u00a0OUVRIR UNE PORTE D&rsquo;ESPOIR POUR L&rsquo;AVENIR\u00a0\u00bb07:55<\/p>\n<p>De son c\u00f4t\u00e9, le pr\u00e9sident isra\u00e9lien Isaac Herzog apporte <a href=\"https:\/\/x.com\/Isaac_Herzog\/status\/1976159202356679049\" target=\"_blank\">sur X (nouvelle fen\u00eatre)<\/a> son \u00ab\u00a0soutien total \u00e0 l&rsquo;accord\u00a0\u00bb, se disant \u00ab\u00a0convaincu\u00a0\u00bb que le gouvernement isra\u00e9lien prendra \u00ab\u00a0la bonne d\u00e9cision\u00a0\u00bb \u00e0 ce sujet. \u00ab\u00a0Je tiens \u00e0 remercier infiniment le pr\u00e9sident Donald Trump qui a conclu cet accord qui nous rapproche de la fin de la guerre et suscite l&rsquo;espoir d&rsquo;un changement de la situation au Moyen-Orient\u00a0\u00bb, ajoute-t-il. Le dirigeant am\u00e9ricain \u00ab\u00a0m\u00e9rite sans aucun doute le prix Nobel de la paix pour sa d\u00e9termination constante \u00e0 mettre fin \u00e0 la guerre et \u00e0 ramener les otages\u00a0\u00bb, assure-t-il encore.\u00a0<\/p>\n<p>\u00ab\u00a0Cet accord apportera un soulagement incroyable aux familles qui n&rsquo;ont pas ferm\u00e9 l&rsquo;\u0153il depuis 733 jours\u00a0\u00bb, \u00e9crit aussi le pr\u00e9sident isra\u00e9lien, y voyant \u00ab\u00a0une chance de r\u00e9parer, de gu\u00e9rir, d&rsquo;ouvrir une porte d&rsquo;espoir pour l&rsquo;avenir, au Moyen-Orient, mais aussi, et c&rsquo;est tout aussi important, en nous\u00a0\u00bb.\u00a0<\/p>\n<p>\u00ab\u00a0PR\u00c9PARATIFS OP\u00c9RATIONNELS\u00a0\u00bb07:50<\/p>\n<p>L&rsquo;arm\u00e9e isra\u00e9lienne affirme <a href=\"https:\/\/x.com\/IDF\/status\/1976162379055374479\" target=\"_blank\">sur X (nouvelle fen\u00eatre)<\/a> avoir \u00ab\u00a0entam\u00e9 les pr\u00e9paratifs op\u00e9rationnels en vue de la mise en \u0153uvre de l&rsquo;accord\u00a0\u00bb. \u00ab\u00a0Dans le cadre de ce processus, des pr\u00e9paratifs et un protocole de combat sont en cours afin de passer rapidement \u00e0 des lignes de d\u00e9ploiement ajust\u00e9es\u00a0\u00bb, d\u00e9taille-t-elle, assurant rester \u00ab\u00a0d\u00e9ploy\u00e9e dans la r\u00e9gion\u00a0\u00bb et se tenir \u00ab\u00a0pr\u00eate \u00e0 toute \u00e9volution op\u00e9rationnelle\u00a0\u00bb.\u00a0<\/p>\n<p>UNE VICTOIRE CRUCIALE POUR DONALD TRUMP ?07:40<\/p>\n<p>L&rsquo;annonce de l&rsquo;accord de paix a d\u00e9clench\u00e9 des sc\u00e8nes de liesse dans la bande de Gaza, mais aussi en Isra\u00ebl, \u00e0 Tel-Aviv, o\u00f9 des proches d&rsquo;otages s&rsquo;\u00e9taient rassembl\u00e9s. Dans une vid\u00e9o, certains de ces proches lancent aussi un sonore \u00ab\u00a0thank you !\u00a0\u00bb (\u00ab\u00a0merci\u00a0\u00bb) au pr\u00e9sident am\u00e9ricain Donald Trump, qui n&rsquo;a pas manqu\u00e9 de faire savoir le premier que l&rsquo;accord avait \u00e9t\u00e9 trouv\u00e9. Une victoire cl\u00e9 pour le locataire de la Maison-Blanche, \u00e0 la veille de l&rsquo;annonce du Prix Nobel de la paix vendredi \u00e0 Oslo, qu&rsquo;il convoite explicitement ? Les explications de Gr\u00e9gory Philipps, r\u00e9dacteur en chef international de LCI.<\/p>\n<p>Accord de paix \u00e0 Gaza : une victoire pour Donald Trump ? Source : TF1 Info<\/p>\n<p><img decoding=\"async\" src=\"https:\/\/www.europesays.com\/fr\/wp-content\/uploads\/2025\/10\/accord-de-paix-a-gaza-une-victoire-pour-donald-trump-7624ee-0@1x.jpeg\" alt=\"Accord de paix \u00e0 Gaza : une victoire pour Donald Trump ? \" loading=\"lazy\" importance=\"low\" fetchpriority=\"low\" class=\"\"\/><img decoding=\"async\" src=\"https:\/\/www.tf1info.fr\/images\/icons\/player-logo-play.svg\" alt=\"Logo lecture\" class=\"jsx-d0de44c05fe3042c PlayerLazyload__Play\"\/>APPEL TRUMP-NETANYAHOU07:26<\/p>\n<p>Le bureau du Premier ministre isra\u00e9lien Benyamin Netanyahou indique que ce dernier s&rsquo;est entretenu par t\u00e9l\u00e9phone avec le pr\u00e9sident am\u00e9ricain Donald Trump. \u00ab\u00a0Une conversation tr\u00e8s \u00e9mouvante et chaleureuse, se f\u00e9licitant mutuellement pour l&rsquo;accomplissement historique qu&rsquo;a \u00e9t\u00e9 la signature de l&rsquo;accord pour la lib\u00e9ration de tous les otages\u00a0\u00bb, \u00e9crit-il.<\/p>\n<p>Benyamin Netanyahou a remerci\u00e9 Donald Trump \u00ab\u00a0pour tous ses efforts et pour son leadership mondial, et le pr\u00e9sident Trump a f\u00e9licit\u00e9 le Premier ministre pour son leadership d\u00e9termin\u00e9 et les mesures qu&rsquo;il a prises\u00a0\u00bb, poursuivent ses services. Le responsable isra\u00e9lien a invit\u00e9 le locataire de la Maison Blanche \u00e0 s&rsquo;exprimer face \u00e0 la Knesset, le parlement d&rsquo;Isra\u00ebl.\u00a0<\/p>\n<p>ET MAINTENANT ?07:21<\/p>\n<p>L&rsquo;accord est annonc\u00e9 mais pas encore scell\u00e9 : le gouvernement isra\u00e9lien doit se r\u00e9unir ce jeudi pour approuver la premi\u00e8re \u00e9tape, avant un retrait partiel de son arm\u00e9e dans la bande de Gaza, puis une lib\u00e9ration de 20 otages vivants lundi, en th\u00e9orie. On fait le point sur le calendrier des jours \u00e0 venir.\u00a0<\/p>\n<p>Accord Isra\u00ebl-Hamas : que va-t-il se passer d\u00e9sormais ? Le calendrier des prochains joursSource : TF1 Info<\/p>\n<p><img decoding=\"async\" src=\"https:\/\/www.europesays.com\/fr\/wp-content\/uploads\/2025\/10\/acoord-israel-hamas-que-va-t-il-se-passer-desormais-le-calendrier-des-prochains-jours-048425-0@1x.jp.jpeg\" alt=\"Accord Isra\u00ebl-Hamas : que va-t-il se passer d\u00e9sormais ? Le calendrier des prochains jours\" loading=\"lazy\" importance=\"low\" fetchpriority=\"low\" class=\"\"\/><img decoding=\"async\" src=\"https:\/\/www.tf1info.fr\/images\/icons\/player-logo-play.svg\" alt=\"Logo lecture\" class=\"jsx-d0de44c05fe3042c PlayerLazyload__Play\"\/>LES FAMILLES D&rsquo;OTAGES C\u00c9L\u00c8BRENT L&rsquo;ANNONCE07:07<\/p>\n<p>Les proches des otages laissent \u00e9clater leur joie sur la place de Tel-Aviv qui leur est consacr\u00e9e : plusieurs d&rsquo;entre eux entonnent la chanson \u00ab\u00a0Imagine\u00a0\u00bb, de John Lennon, brandissant un drapeau am\u00e9ricain, sur les images de la t\u00e9l\u00e9vision publique isra\u00e9lienne Kan.\u00a0<\/p>\n<blockquote data-testid=\"EmbedTwitter\" id=\"tweet-1976150705753784565-:R1pj56j96cmj9n79m:\" class=\"jsx-aeff1a1c40f54d7a twitter-tweet flex justify-center items-center\"><p>\u05d4\u05d7\u05d2\u05d9\u05d2\u05d5\u05ea \u05e9\u05dc \u05de\u05e9\u05e4\u05d7\u05d5\u05ea \u05d4\u05d7\u05d8\u05d5\u05e4\u05d9\u05dd \u05d5\u05e4\u05e2\u05d9\u05dc\u05d9\u05dd \u05dc\u05d4\u05e9\u05d1\u05ea\u05dd \u05d1\u05db\u05d9\u05db\u05e8 \u05d4\u05d7\u05d8\u05d5\u05e4\u05d9\u05dd \u05d1\u05ea\u00a0\u00bb\u05d0: \u00ab\u00a0\u05d6\u05d4\u05d5 \u05e9\u05d9\u05e8 \u05d0\u05d7\u05e8\u05d9 \u05de\u05dc\u05d7\u05de\u05d4\u00a0\u00bb @YCiechanover (\u05e6\u05d9\u05dc\u05d5\u05dd: \u05d0\u05d5\u05e8\u05e0\u05d4 \u05e0\u05d0\u05d5\u05e8 Orna Naor)  pic.twitter.com\/X61aFE1PaC \u2014 \u05db\u05d0\u05df \u05d7\u05d3\u05e9\u05d5\u05ea (@kann_news)  October 9, 2025<\/p><\/blockquote>\n<p>LES POINTS D&rsquo;OMBRE DE L&rsquo;ACCORD07:00<\/p>\n<p>Le plan Trump annonc\u00e9 le 29 septembre pr\u00e9voit un cessez-le-feu, un \u00e9change des otages enlev\u00e9s le 7 octobre 2023 contre des prisonniers palestiniens retenus par Isra\u00ebl, le retrait par \u00e9tapes de l&rsquo;arm\u00e9e isra\u00e9lienne de Gaza et le d\u00e9sarmement du Hamas.<\/p>\n<p>Le Hamas a accept\u00e9 de lib\u00e9rer les otages, mais a aussi r\u00e9clam\u00e9 le retrait total isra\u00e9lien de Gaza. Il n&rsquo;a pas mentionn\u00e9 son propre d\u00e9sarmement, point cl\u00e9 de la proposition. Benyamin Netanyahou a, lui, soulign\u00e9 que son arm\u00e9e resterait dans la majeure partie de Gaza et r\u00e9p\u00e9t\u00e9 que le Hamas devait \u00eatre d\u00e9sarm\u00e9.<\/p>\n<p>LES OTAGES \u00ab\u00a0DE RETOUR LUNDI\u00a0\u00bb SELON TRUMP06:58<\/p>\n<p>Donald Trump a estim\u00e9 sur la cha\u00eene Fox News que les otages seraient \u00ab\u00a0de retour lundi\u00a0\u00bb, y compris \u00ab\u00a0les corps des (otages) morts\u00a0\u00bb. L&rsquo;arm\u00e9e isra\u00e9lienne a dit quant \u00e0 elle se pr\u00e9parer \u00e0 r\u00e9ceptionner les otages, mais aussi \u00e0 faire face \u00e0 \u00ab\u00a0tous les sc\u00e9narios\u00a0\u00bb. Elle a appel\u00e9 les habitants \u00e0 ne pas retourner dans le nord de la bande de Gaza o\u00f9 elle poursuit ses op\u00e9rations militaires.<\/p>\n<p>Selon une source au sein du Hamas, les otages isra\u00e9liens vivants, estim\u00e9s \u00e0 au moins 20 sur les 47 retenus \u00e0 Gaza, seront lib\u00e9r\u00e9s en une seule fois contre pr\u00e8s de 2.000 d\u00e9tenus palestiniens. Et \u00ab\u00a0de premi\u00e8res cartes ont \u00e9t\u00e9 pr\u00e9sent\u00e9es par la partie isra\u00e9lienne concernant le retrait de ses troupes\u00a0\u00bb. Elle n&rsquo;a pas mentionn\u00e9 les otages morts.<\/p>\n<p>\u00ab\u00a0UN GRAND JOUR POUR ISRA\u00cbL\u00a0\u00bb06:57<\/p>\n<p>Le Premier ministre isra\u00e9lien Benyamin Netanyahou a d\u00e9clar\u00e9 qu&rsquo;il r\u00e9unirait jeudi son cabinet afin de \u00ab\u00a0ratifier l&rsquo;accord et rapatrier tous nos pr\u00e9cieux otages\u00a0\u00bb. \u00ab\u00a0C&rsquo;est un grand jour pour Isra\u00ebl\u00a0\u00bb, a-t-il dit, remerciant les forces isra\u00e9liennes mais aussi \u00ab\u00a0du fond du c\u0153ur, le pr\u00e9sident Trump et son \u00e9quipe pour leur mobilisation pour la t\u00e2che sacr\u00e9e de lib\u00e9rer nos otages\u00a0\u00bb.<\/p>\n<p>\u00ab\u00a0Avec l&rsquo;approbation de la premi\u00e8re phase du plan, tous nos otages seront rapatri\u00e9s. C&rsquo;est un succ\u00e8s diplomatique et une victoire nationale et morale pour l&rsquo;\u00c9tat d&rsquo;Isra\u00ebl\u00a0\u00bb, a-t-il aussi affirm\u00e9 dans une autre d\u00e9claration, estimant que \u00ab\u00a0gr\u00e2ce \u00e0 une d\u00e9termination in\u00e9branlable, \u00e0 une action militaire puissante et aux efforts consid\u00e9rables de notre grand ami et alli\u00e9, le pr\u00e9sident Trump, nous avons atteint ce tournant d\u00e9cisif\u00a0\u00bb.\u00a0<\/p>\n<p>QUAND L&rsquo;ACCORD SERA-T-IL SIGN\u00c9 ?06:56<\/p>\n<p>Selon des sources proches du dossier \u00e0 l&rsquo;AFP, l&rsquo;accord sera sign\u00e9 d\u00e8s jeudi en \u00c9gypte, apr\u00e8s quatre jours de n\u00e9gociations-marathon indirectes entre les bellig\u00e9rants dans la station baln\u00e9aire de Charm el-Cheikh ayant impliqu\u00e9 plusieurs acteurs internationaux dont les \u00c9tats-Unis.<\/p>\n<p>Pour le moment, aucune heure n&rsquo;a \u00e9t\u00e9 annonc\u00e9e pour l&rsquo;entr\u00e9e en vigueur de l&rsquo;accord, et la D\u00e9fense civile locale a fait \u00e9tat de la poursuite des frappes isra\u00e9liennes dans la bande de Gaza.<\/p>\n<p>LE SOULAGEMENT DES FAMILLES DES OTAGES ISRA\u00c9LIENS06:42<\/p>\n<p>\u00ab\u00a0C&rsquo;est une \u00e9motion ici qui est incroyable\u00a0\u00bb, t\u00e9moigne ce matin sur LCI Bethsab\u00e9e Salem, notre correspondante \u00e0 Tel-Aviv.<\/p>\n<p>Isra\u00ebl : le soulagement des familles des otagesSource : TF1 Info<\/p>\n<p><img decoding=\"async\" src=\"https:\/\/www.europesays.com\/fr\/wp-content\/uploads\/2025\/10\/israel-le-soulagement-des-familles-des-otages-b0d6f1-0@1x.jpeg\" alt=\"Isra\u00ebl : le soulagement des familles des otages\" loading=\"lazy\" importance=\"low\" fetchpriority=\"low\" class=\"\"\/><img decoding=\"async\" src=\"https:\/\/www.tf1info.fr\/images\/icons\/player-logo-play.svg\" alt=\"Logo lecture\" class=\"jsx-d0de44c05fe3042c PlayerLazyload__Play\"\/>\u00ab\u00a0PLUSIEURS EXPLOSIONS\u00a0\u00bb APR\u00c8S L&rsquo;ANNONCE DE L&rsquo;ACCORD06:37<\/p>\n<p>La D\u00e9fense civile de Gaza a fait \u00e9tat jeudi de plusieurs frappes isra\u00e9liennes sur le territoire, intervenues apr\u00e8s l&rsquo;annonce dans la nuit d&rsquo;un accord entre Isra\u00ebl et le Hamas en vue d&rsquo;un cessez-le-feu.<\/p>\n<p>\u00ab\u00a0Depuis l&rsquo;annonce cette nuit d&rsquo;un accord sur le cadre propos\u00e9 d&rsquo;un cessez-le-feu, il a \u00e9t\u00e9 fait \u00e9tat de plusieurs explosions, notamment dans le nord de Gaza\u00a0\u00bb, a indiqu\u00e9 un de ses responsables, Mohammed Al-Mughayyir, citant notamment \u00ab\u00a0des frappes a\u00e9riennes intenses sur la ville de Gaza\u00a0\u00bb.<\/p>\n<p>ISRA\u00cbL SE PR\u00c9PARE AU RETOUR DES OTAGES06:35<\/p>\n<p>L&rsquo;arm\u00e9e isra\u00e9lienne a salu\u00e9 jeudi l&rsquo;accord conclu entre Isra\u00ebl et le Hamas en vue d&rsquo;une lib\u00e9ration des otages d\u00e9tenus \u00e0 Gaza et dit se \u00ab\u00a0pr\u00e9parer\u00a0\u00bb \u00e0 r\u00e9ceptionner ceux-ci.<\/p>\n<p>\u00ab\u00a0Le chef d&rsquo;\u00e9tat-major a ordonn\u00e9 de se pr\u00e9parer \u00e0 mener l&rsquo;op\u00e9ration pour le retour des otages\u00a0\u00bb, mais aussi \u00e0 \u00ab\u00a0\u00eatre pr\u00eat \u00e0 tous les sc\u00e9narios\u00a0\u00bb, a d\u00e9clar\u00e9 sur X l&rsquo;arm\u00e9e isra\u00e9lienne, qui a pr\u00e9cis\u00e9 \u00ab\u00a0salue(r) l&rsquo;accord sur la lib\u00e9ration des otages\u00a0\u00bb.<\/p>\n<p>WASHINGTON S&rsquo;IMPLIQUERA POUR \u00ab\u00a0MAINTENIR LA PAIX\u00a0\u00bb06:35<\/p>\n<p>Les \u00c9tats-Unis seront \u00ab\u00a0impliqu\u00e9s\u00a0\u00bb pour \u00ab\u00a0maintenir la paix\u00a0\u00bb \u00e0 Gaza, a d\u00e9clar\u00e9 Donald Trump mercredi sur la cha\u00eene Fox News, apr\u00e8s l&rsquo;annonce d&rsquo;un accord pour un cessez-le-feu \u00e0 Gaza entre le Hamas et Isra\u00ebl.<\/p>\n<p>\u00ab\u00a0Nous pensons que Gaza sera un endroit beaucoup plus s\u00fbr, reconstruit, et d&rsquo;autres pays de la r\u00e9gion l&rsquo;aideront \u00e0 se reconstruire car ils poss\u00e8dent d&rsquo;\u00e9normes richesses et ils veulent que \u00e7a arrive. Et nous (les \u00c9tats-Unis, ndlr) serons impliqu\u00e9s pour les aider \u00e0 en faire un succ\u00e8s et pour aider \u00e0 y maintenir la paix\u00a0\u00bb, a dit le pr\u00e9sident am\u00e9ricain.<\/p>\n<p>UNE \u00c9TAPE \u00ab\u00a0SIGNIFICATIVE\u00a0\u00bb06:32<\/p>\n<p>\u00ab\u00a0\u00c9videmment, tout ceci est tr\u00e8s pr\u00e9caire, donc il faut rester prudent. Mais on est bien sur une \u00e9tape significative. Aujourd&rsquo;hui, Benyamin Netanyahou doit r\u00e9unir son gouvernement pour faire approuver cette premi\u00e8re \u00e9tape de l&rsquo;accord\u00a0\u00bb, explique Gr\u00e9gory Philipps, r\u00e9dacteur en chef international de LCI.<\/p>\n<p>Accord Isra\u00ebl-Hamas : et maintenant ?Source : TF1 Info<\/p>\n<p><img decoding=\"async\" src=\"https:\/\/www.europesays.com\/fr\/wp-content\/uploads\/2025\/10\/accord-israel-hamas-et-maintenant-8b1a44-0@1x.jpeg\" alt=\"Accord Isra\u00ebl-Hamas : et maintenant ?\" loading=\"lazy\" importance=\"low\" fetchpriority=\"low\" class=\"\"\/><img decoding=\"async\" src=\"https:\/\/www.tf1info.fr\/images\/icons\/player-logo-play.svg\" alt=\"Logo lecture\" class=\"jsx-d0de44c05fe3042c PlayerLazyload__Play\"\/>UN SUCC\u00c8S DIPLOMATIQUE POUR TRUMP ?06:29<\/p>\n<p>\u00ab\u00a0C&rsquo;\u00e9tait l&rsquo;une des promesses de campagne de Donald Trump\u00a0\u00bb, rappelle Sonia Dridi sur LCI. \u00ab\u00a0On sent vraiment le soulagement chez le pr\u00e9sident am\u00e9ricain\u00a0\u00bb, ajoute notre correspondante depuis Washington.<\/p>\n<p>Paix \u00e0 Gaza : \u00ab\u00a0Un accord historique\u00a0\u00bb pour TrumpSource : TF1 Info<\/p>\n<p><img decoding=\"async\" src=\"https:\/\/www.europesays.com\/fr\/wp-content\/uploads\/2025\/10\/paix-a-gaza-un-accord-historique-pour-trump-834fab-0@1x.jpeg\" alt=\"Paix \u00e0 Gaza : &quot;Un accord historique&quot; pour Trump\" loading=\"lazy\" importance=\"low\" fetchpriority=\"low\" class=\"\"\/><img decoding=\"async\" src=\"https:\/\/www.tf1info.fr\/images\/icons\/player-logo-play.svg\" alt=\"Logo lecture\" class=\"jsx-d0de44c05fe3042c PlayerLazyload__Play\"\/>L&rsquo;ONU INVITE LES 2 PARTIES \u00c0 \u00ab\u00a0RESPECTER PLEINEMENT LES TERMES\u00a0\u00bb06:27<\/p>\n<p>Le secr\u00e9taire g\u00e9n\u00e9ral de l&rsquo;ONU Antonio Guterres a salu\u00e9 mercredi l&rsquo;accord annonc\u00e9 par Donald Trump entre Isra\u00ebl et le Hamas sur la premi\u00e8re phase de son plan de paix pour Gaza, appelant toutes les parties concern\u00e9es \u00e0 en \u00ab\u00a0respecter pleinement les termes\u00a0\u00bb.<\/p>\n<p>\u00ab\u00a0Tous les otages doivent \u00eatre lib\u00e9r\u00e9s de mani\u00e8re digne. Un accord de cessez-le-feu permanent doit \u00eatre obtenu. Les combats doivent s&rsquo;arr\u00eater une fois pour toute (&#8230;). La souffrance doit prendre fin\u00a0\u00bb, a-t-il d\u00e9clar\u00e9 dans un communiqu\u00e9, assurant que l&rsquo;ONU \u00e9tait pr\u00eate \u00e0 \u00ab\u00a0augmenter la fourniture d&rsquo;une aide humanitaire durable et bas\u00e9e sur des principes\u00a0\u00bb et \u00e0 participer \u00e0 la reconstruction du territoire palestinien d\u00e9vast\u00e9.<\/p>\n<p>PLAN DE PAIX DE TRUMP06:18<\/p>\n<p>Donald Trump avait pr\u00e9sent\u00e9 fin septembre son plan de paix pour la bande de Gaza \u00e0 Benyamin N\u00e9tanyahou. Voici ce que pr\u00e9voit le document.<\/p>\n<p>International<img decoding=\"async\" src=\"https:\/\/www.europesays.com\/fr\/wp-content\/uploads\/2025\/10\/trump-netanayhou-afp-60c72e-0@1x.jpeg\" alt=\"Donald Trump et Benyamin Netanyahou, le 4 f\u00e9vrier 2025 \" loading=\"lazy\" importance=\"low\" fetchpriority=\"low\" class=\"\" aria-hidden=\"true\"\/>Publi\u00e9 aujourd&rsquo;hui \u00e0 6h2520 OTAGES VIVANTS EN \u00c9CHANGE DE 2.000 PRISONNIERS PALESTINIENS06:15<\/p>\n<p>La premi\u00e8re phase de l&rsquo;accord en vue de la fin de la guerre \u00e0 Gaza pr\u00e9voit la lib\u00e9ration par le Hamas de 20 otages vivants en une seule fois en \u00e9change de pr\u00e8s de 2.000 prisonniers palestiniens, a indiqu\u00e9 jeudi une source au sein du mouvement islamiste.<\/p>\n<p>L&rsquo;\u00e9change doit avoir lieu dans les 72 heures suivant le d\u00e9but de la mise en \u0153uvre de l&rsquo;accord, dont la signature est attendue jeudi, a pr\u00e9cis\u00e9 \u00e0 l&rsquo;AFP cette source au courant des n\u00e9gociations.<\/p>\n<p>Les otages doivent \u00eatre rel\u00e2ch\u00e9s en \u00e9change de la lib\u00e9ration de 250 Palestiniens condamn\u00e9s \u00e0 des peines de prison \u00e0 vie et de 1.700 autres personnes arr\u00eat\u00e9es par Isra\u00ebl depuis le d\u00e9but de la guerre le 7 octobre 2023, a-t-on ajout\u00e9 de m\u00eame source.<\/p>\n<p>SIGNATURE DE L&rsquo;ACCORD06:12<\/p>\n<p>\u00a0L&rsquo;accord sur la premi\u00e8re phase sera sign\u00e9 jeudi en \u00c9gypte, a appris l&rsquo;AFP de sources concordantes.<\/p>\n<p>CONFIRMATION DU QATAR06:09<\/p>\n<p>Le Qatar, pays \u00a0m\u00e9diateur, a confirm\u00e9 ce jeudi un accord entre Isra\u00ebl et le Hamas pour la premi\u00e8re phase du plan de paix de Donald Trump pour Gaza.\u00a0<\/p>\n<p>\u00ab\u00a0Les m\u00e9diateurs annoncent qu&rsquo;un accord a \u00e9t\u00e9 conclu ce soir sur toutes les dispositions et les m\u00e9canismes de mise en \u0153uvre de la premi\u00e8re phase de l&rsquo;accord de cessez-le-feu \u00e0 Gaza, qui conduira \u00e0 la fin de la guerre, \u00e0 la lib\u00e9ration des otages isra\u00e9liens et des prisonniers palestiniens, et \u00e0 l&rsquo;entr\u00e9e d&rsquo;aide humanitaire. Les d\u00e9tails seront annonc\u00e9s ult\u00e9rieurement\u00a0\u00bb, a d\u00e9clar\u00e9 Majed al-Ansari, porte-parole du minist\u00e8re des Affaires \u00e9trang\u00e8res du Qatar, sur le r\u00e9seau social X.\u00a0<\/p>\n<p>\u00ab\u00a0NOUS LES RAM\u00c8NERONS TOUS \u00c0 LA MAISON\u00a0\u00bb06:08<\/p>\n<p>Isra\u00ebl va ramener chez eux tous les otages de Gaza, a d\u00e9clar\u00e9 jeudi le Premier ministre isra\u00e9lien Benyamin N\u00e9tanyahou apr\u00e8s l&rsquo;annonce par Donald Trump d&rsquo;un accord en ce sens.<\/p>\n<p>\u00ab\u00a0Avec l&rsquo;aide de Dieu, nous les ram\u00e8nerons tous \u00e0 la maison\u00a0\u00bb, a d\u00e9clar\u00e9 simplement M. N\u00e9tanyahou dans un bref communiqu\u00e9 publi\u00e9 par son bureau.<\/p>\n<p>TOUS LES OTAGES \u00ab\u00a0LIB\u00c9R\u00c9S PROCHAINEMENT\u00a0\u00bb, DIT TRUMP06:07<\/p>\n<p>Donald Trump s&rsquo;est dit \u00ab\u00a0fier d&rsquo;annoncer qu&rsquo;Isra\u00ebl et le Hamas ont tous deux accept\u00e9 la premi\u00e8re phase\u00a0\u00bb de son plan de paix pour Gaza, dans un message publi\u00e9 mercredi sur son r\u00e9seau Truth Social.<\/p>\n<p>\u00ab\u00a0Cela veut dire que TOUS les otages seront lib\u00e9r\u00e9s tr\u00e8s prochainement et qu&rsquo;Isra\u00ebl retirera ses troupes jusqu&rsquo;\u00e0 la ligne convenue, les premi\u00e8res \u00e9tapes en vue d&rsquo;une paix solide, durable et \u00e9ternelle\u00a0\u00bb, a indiqu\u00e9 le pr\u00e9sident am\u00e9ricain.<\/p>\n<p>BONJOUR06:07<\/p>\n<p>Bienvenue dans ce direct consacr\u00e9 \u00e0 l&rsquo;actualit\u00e9 de la guerre \u00e0 Gaza. Apr\u00e8s deux ans de guerre, Isra\u00ebl et le Hamas palestinien se sont entendus t\u00f4t jeudi sur un cessez-le-feu \u00e0 Gaza dans le cadre du plan de Donald Trump visant \u00e0 \u00e9tablir une paix \u00ab\u00a0durable\u00a0\u00bb dans la r\u00e9gion.<\/p>\n<p>Dans un message sur son r\u00e9seau Truth Social, le pr\u00e9sident am\u00e9ricain s&rsquo;est dit \u00ab\u00a0fier d&rsquo;annoncer qu&rsquo;Isra\u00ebl et le Hamas ont tous deux accept\u00e9 la premi\u00e8re phase\u00a0\u00bb de son plan de paix pour Gaza, dans le cadre de pourparlers indirects en \u00c9gypte.<\/p>\n<p data-module=\"article-paragraph\" class=\"jsx-3046738180 Paragraph\"><a href=\"https:\/\/www.tf1info.fr\/international\/bande-de-gaza-palestine-plan-de-paix-donald-trump-fier-d-annoncer-qu-israel-et-le-hamas-ont-tous-deux-accepte-la-premiere-phase-2399456.html\" target=\"_blank\" rel=\"noopener\">Donald Trump s&rsquo;est dit<\/a> \u00ab\u00a0fier d&rsquo;annoncer qu&rsquo;Isra\u00ebl et le Hamas ont tous deux accept\u00e9 la premi\u00e8re phase\u00a0\u00bb de <a href=\"https:\/\/www.tf1info.fr\/international\/gaza-retrait-par-etapes-de-tsahal-liberation-des-otages-ce-que-prevoit-le-plan-de-paix-de-donald-trump-2397583.html\" target=\"_blank\" rel=\"noopener\">son plan de paix<\/a> pour Gaza, dans un message publi\u00e9 mercredi sur son r\u00e9seau Truth Social. \u00ab\u00a0Cela veut dire que TOUS les otages seront lib\u00e9r\u00e9s tr\u00e8s prochainement et qu&rsquo;Isra\u00ebl retirera ses troupes jusqu&rsquo;\u00e0 la ligne convenue, les premi\u00e8res \u00e9tapes en vue d&rsquo;une paix solide, durable et \u00e9ternelle\u00a0\u00bb, a indiqu\u00e9 le pr\u00e9sident am\u00e9ricain.<\/p>\n<p data-module=\"article-paragraph\" class=\"jsx-3046738180 Paragraph Paragraph__End\">\u00ab\u00a0Avec l&rsquo;aide de Dieu, nous les ram\u00e8nerons tous \u00e0 la maison\u00a0\u00bb, a promis le Premier ministre Benyamin Netanyahou \u00e0 propos des otages dans un bref communiqu\u00e9 publi\u00e9 par son bureau.<\/p>\n<p data-module=\"article-paragraph\" class=\"jsx-3046738180 Paragraph Paragraph__End\"><a href=\"https:\/\/www.tf1info.fr\/international\/prix-nobel-de-la-paix-2025-qui-va-ravir-a-donald-trump-cette-recompense-2399370.html\" target=\"_blank\" rel=\"noopener\">Donald Trump<\/a> avait un peu plus t\u00f4t annonc\u00e9 une possible visite au Moyen-Orient en fin de semaine, jugeant qu&rsquo;un accord \u00e9tait \u00ab\u00a0tr\u00e8s proche\u00a0\u00bb, au quatri\u00e8me jour de n\u00e9gociations en Egypte pour tenter de parvenir \u00e0 un cessez-le-feu \u00e0 Gaza. Il a cit\u00e9 l&rsquo;Egypte comme probable destination, sans exclure une visite dans la bande de Gaza.<\/p>\n<p>Des indices \u00ab\u00a0tr\u00e8s encourageants\u00a0\u00bb, selon le pr\u00e9sident \u00e9gyptien<\/p>\n<p data-module=\"article-paragraph\" class=\"jsx-3046738180 Paragraph\">Le pr\u00e9sident \u00e9gyptien Abdel Fattah al-Sissi avait auparavant fait \u00e9tat d&rsquo;indices \u00ab\u00a0tr\u00e8s encourageants\u00a0\u00bb concernant les n\u00e9gociations indirectes entre le Hamas palestinien et Isra\u00ebl, et dit avoir invit\u00e9, en cas d&rsquo;accord, le pr\u00e9sident am\u00e9ricain pour \u00ab\u00a0assister \u00e0 sa signature\u00a0\u00bb.<\/p>\n<p data-module=\"article-paragraph\" class=\"jsx-3046738180 Paragraph Paragraph__End\">Signe des fortes pressions pour conclure un accord, des \u00e9missaires de Donald Trump, le Premier ministre du Qatar Mohammed ben Abdelrahmane Al-Thani ainsi que le chef des services de renseignement turc Ibrahim Kalin avaient rejoint la station baln\u00e9aire de Charm el-Cheikh.<\/p>\n<p data-module=\"article-paragraph\" class=\"jsx-3046738180 Paragraph Paragraph__End\">Bas\u00e9s sur le plan Trump, <a href=\"https:\/\/www.tf1info.fr\/international\/en-direct-guerre-israel-hamas-plan-de-paix-pour-gaza-donald-trump-met-la-pression-sur-le-hamas-des-negociations-attendues-sur-les-otages-les-informations-de-ce-dimanche-5-octobre-2025-2398655.html\" target=\"_blank\" rel=\"noopener\">les pourparlers,<\/a> lanc\u00e9s lundi, ont lieu deux ans apr\u00e8s le d\u00e9but de la guerre dans la bande de Gaza, d\u00e9clench\u00e9e par une attaque sans pr\u00e9c\u00e9dent du mouvement islamiste palestinien contre Isra\u00ebl le 7 octobre 2023. Pendant les discussions, l&rsquo;arm\u00e9e isra\u00e9lienne a poursuivi ses bombardements meurtriers \u00e0 travers le territoire palestinien, affam\u00e9, assi\u00e9g\u00e9 et d\u00e9vast\u00e9, selon la D\u00e9fense civile locale.<\/p>\n<p data-module=\"article-paragraph\" class=\"jsx-3046738180 Paragraph Paragraph__End\">Le plan Trump annonc\u00e9 le 29 septembre pr\u00e9voit un cessez-le-feu, un \u00e9change des otages enlev\u00e9s le 7 octobre 2023 contre des prisonniers palestiniens retenus par Isra\u00ebl, le retrait par \u00e9tapes de l&rsquo;arm\u00e9e isra\u00e9lienne de Gaza et le d\u00e9sarmement du Hamas.<\/p>\n<p>La r\u00e9daction de TF1info<\/p>\n<p><script async src=\"https:\/\/platform.twitter.com\/widgets.js\" charset=\"utf-8\"><\/script><\/p>\n","protected":false},"excerpt":{"rendered":"Isra\u00ebl et le Hamas ont sign\u00e9 jeudi la premi\u00e8re phase d&rsquo;un accord sur un cessez-le-feu \u00e0 Gaza et&hellip;\n","protected":false},"author":2,"featured_media":450871,"comment_status":"","ping_status":"","sticky":false,"template":"","format":"standard","meta":{"footnotes":""},"categories":[2],"tags":[1111,11,1921,4628,952,75,4303,56635,1011,27,3519,1922,664,12736,56634,2497,3257,12,3518,1463,25,133,1920],"class_list":{"0":"post-450870","1":"post","2":"type-post","3":"status-publish","4":"format-standard","5":"has-post-thumbnail","7":"category-actualites","8":"tag-actu","9":"tag-actualites","10":"tag-article-video","11":"tag-bande-de-gaza","12":"tag-benyamin-netanyahou","13":"tag-donald-trump","14":"tag-egypte","15":"tag-enfin-un-tournant-dans-la-guerre-a-gaza","16":"tag-fr","17":"tag-france","18":"tag-hamas","19":"tag-info","20":"tag-israel","21":"tag-israel-palestine","22":"tag-le-plan-de-paix-de-trump","23":"tag-le-second-mandat-de-donald-trump","24":"tag-moyen-orient","25":"tag-news","26":"tag-palestine","27":"tag-qatar","28":"tag-republique-francaise","29":"tag-video","30":"tag-video-international"},"share_on_mastodon":{"url":"https:\/\/pubeurope.com\/@fr\/115346144147446121","error":""},"_links":{"self":[{"href":"https:\/\/www.europesays.com\/fr\/wp-json\/wp\/v2\/posts\/450870","targetHints":{"allow":["GET"]}}],"collection":[{"href":"https:\/\/www.europesays.com\/fr\/wp-json\/wp\/v2\/posts"}],"about":[{"href":"https:\/\/www.europesays.com\/fr\/wp-json\/wp\/v2\/types\/post"}],"author":[{"embeddable":true,"href":"https:\/\/www.europesays.com\/fr\/wp-json\/wp\/v2\/users\/2"}],"replies":[{"embeddable":true,"href":"https:\/\/www.europesays.com\/fr\/wp-json\/wp\/v2\/comments?post=450870"}],"version-history":[{"count":0,"href":"https:\/\/www.europesays.com\/fr\/wp-json\/wp\/v2\/posts\/450870\/revisions"}],"wp:featuredmedia":[{"embeddable":true,"href":"https:\/\/www.europesays.com\/fr\/wp-json\/wp\/v2\/media\/450871"}],"wp:attachment":[{"href":"https:\/\/www.europesays.com\/fr\/wp-json\/wp\/v2\/media?parent=450870"}],"wp:term":[{"taxonomy":"category","embeddable":true,"href":"https:\/\/www.europesays.com\/fr\/wp-json\/wp\/v2\/categories?post=450870"},{"taxonomy":"post_tag","embeddable":true,"href":"https:\/\/www.europesays.com\/fr\/wp-json\/wp\/v2\/tags?post=450870"}],"curies":[{"name":"wp","href":"https:\/\/api.w.org\/{rel}","templated":true}]}}