{"id":450886,"date":"2025-10-09T20:49:20","date_gmt":"2025-10-09T20:49:20","guid":{"rendered":"https:\/\/www.europesays.com\/fr\/450886\/"},"modified":"2025-10-09T20:49:20","modified_gmt":"2025-10-09T20:49:20","slug":"un-nouveau-selectionneur-pour-lequipe-de-france-juniors-actualite","status":"publish","type":"post","link":"https:\/\/www.europesays.com\/fr\/450886\/","title":{"rendered":"Un nouveau s\u00e9lectionneur pour l\u2019\u00e9quipe de France Juniors &#8211; Actualit\u00e9"},"content":{"rendered":"<p style=\"text-align: justify;\">Pierre Idjouadiene est officiellement, depuis le 1er octobre, le nouveau s\u00e9lectionneur de l\u2019\u00e9quipe de France Juniors, a appris DirectVelo. Il succ\u00e8de \u00e0 Julien Thollet, nomm\u00e9 l\u2019hiver dernier manager de la fili\u00e8re Endurance, tout en conservant en parall\u00e8le son r\u00f4le de manager de l\u2019\u00e9quipe de France sur route. Julien Thollet avait lui-m\u00eame pris la suite de Pierre-Yves Chatelon en 2014.<\/p>\n<p>Pierre Idjouadiene ne sera pas en terrain inconnu dans cette nouvelle mission. Il travaille en effet \u00e0 la F\u00e9d\u00e9ration Fran\u00e7aise de Cyclisme depuis 2021, o\u00f9 il avait commenc\u00e9 comme alternant. Depuis, il a collabor\u00e9 avec toutes les cat\u00e9gories, des Cadets aux \u00c9lites Femmes. Il a notamment encadr\u00e9 plusieurs stages, dont certains ax\u00e9s sur le travail contre-la-montre. Cette ann\u00e9e, il avait d\u00e9j\u00e0 dirig\u00e9 \u00e0 plusieurs reprises l\u2019\u00e9quipe de France Juniors.<\/p>\n<p>Le Lorrain de 29 ans\u00a0a \u00e9t\u00e9 coureur professionnel de 2018 \u00e0 2020 au sein de l\u2019\u00e9quipe Roubaix-Lille M\u00e9tropole. Il s\u2019\u00e9tait illustr\u00e9 avec l\u2019\u00e9quipe de France Juniors <strong><a href=\"https:\/\/www.directvelo.com\/actualite\/35559\/pierre-idjouadiene-jai-un-gros-regret\" target=\"_blank\" rel=\"noopener\">en d\u00e9crochant une m\u00e9daille de bronze lors du Championnat d\u2019Europe 2014, \u00e0 Nyon (Suisse)<\/a><\/strong>.<\/p>\n","protected":false},"excerpt":{"rendered":"Pierre Idjouadiene est officiellement, depuis le 1er octobre, le nouveau s\u00e9lectionneur de l\u2019\u00e9quipe de France Juniors, a appris&hellip;\n","protected":false},"author":2,"featured_media":450887,"comment_status":"","ping_status":"","sticky":false,"template":"","format":"standard","meta":{"footnotes":""},"categories":[1411],"tags":[834,828,836,829,837,827,83,826,824,823,1154,207,814,817,815,816,822,821,832,211,839,1011,27,820,818,819,835,831,830,833,838,60,212,208,825],"class_list":{"0":"post-450886","1":"post","2":"type-post","3":"status-publish","4":"format-standard","5":"has-post-thumbnail","7":"category-cyclisme","8":"tag-attaque","9":"tag-belgique","10":"tag-braquet","11":"tag-bretagne","12":"tag-chute","13":"tag-competition","14":"tag-coupe-de-france","15":"tag-coureur","16":"tag-course-cyclisme","17":"tag-course-cycliste","18":"tag-cycling","19":"tag-cyclisme","20":"tag-direct","21":"tag-direct-velo","22":"tag-directvelo","23":"tag-directvelo-com","24":"tag-epreuve","25":"tag-epreuve-cycliste","26":"tag-federation-francaise-de-cyclisme","27":"tag-ffc","28":"tag-flandres","29":"tag-fr","30":"tag-france","31":"tag-live","32":"tag-live-course","33":"tag-live-epreuve","34":"tag-peloton","35":"tag-radio-peloton","36":"tag-radio-tour","37":"tag-ravitaillement","38":"tag-relance","39":"tag-sports","40":"tag-uci","41":"tag-velo","42":"tag-velos"},"share_on_mastodon":{"url":"https:\/\/pubeurope.com\/@fr\/115346182245350022","error":""},"_links":{"self":[{"href":"https:\/\/www.europesays.com\/fr\/wp-json\/wp\/v2\/posts\/450886","targetHints":{"allow":["GET"]}}],"collection":[{"href":"https:\/\/www.europesays.com\/fr\/wp-json\/wp\/v2\/posts"}],"about":[{"href":"https:\/\/www.europesays.com\/fr\/wp-json\/wp\/v2\/types\/post"}],"author":[{"embeddable":true,"href":"https:\/\/www.europesays.com\/fr\/wp-json\/wp\/v2\/users\/2"}],"replies":[{"embeddable":true,"href":"https:\/\/www.europesays.com\/fr\/wp-json\/wp\/v2\/comments?post=450886"}],"version-history":[{"count":0,"href":"https:\/\/www.europesays.com\/fr\/wp-json\/wp\/v2\/posts\/450886\/revisions"}],"wp:featuredmedia":[{"embeddable":true,"href":"https:\/\/www.europesays.com\/fr\/wp-json\/wp\/v2\/media\/450887"}],"wp:attachment":[{"href":"https:\/\/www.europesays.com\/fr\/wp-json\/wp\/v2\/media?parent=450886"}],"wp:term":[{"taxonomy":"category","embeddable":true,"href":"https:\/\/www.europesays.com\/fr\/wp-json\/wp\/v2\/categories?post=450886"},{"taxonomy":"post_tag","embeddable":true,"href":"https:\/\/www.europesays.com\/fr\/wp-json\/wp\/v2\/tags?post=450886"}],"curies":[{"name":"wp","href":"https:\/\/api.w.org\/{rel}","templated":true}]}}