{"id":450890,"date":"2025-10-09T20:51:13","date_gmt":"2025-10-09T20:51:13","guid":{"rendered":"https:\/\/www.europesays.com\/fr\/450890\/"},"modified":"2025-10-09T20:51:13","modified_gmt":"2025-10-09T20:51:13","slug":"vaimalama-chaves-apres-setre-rasee-le-crane-son-rendez-vous-avec-la-justice","status":"publish","type":"post","link":"https:\/\/www.europesays.com\/fr\/450890\/","title":{"rendered":"Vaimalama Chaves\u00a0: apr\u00e8s s&rsquo;\u00eatre ras\u00e9e le cr\u00e2ne, son rendez-vous avec la justice"},"content":{"rendered":"<p>Ce <strong>1er\u00a0octobre<\/strong>, comme tous les ans depuis 1985, le coup d&rsquo;envoi d&rsquo;<strong>Octobre rose <\/strong>a \u00e9t\u00e9 donn\u00e9 partout dans le monde. Un mois qui vise \u00e0<strong> sensibiliser les femmes \u00e0 l&rsquo;autopalpation de leurs seins<\/strong> en vue d&rsquo;\u00e9viter des traitements tr\u00e8s lourds en cas de cancer. Une maladie qui se soigne de plus en plus facilement <strong>si elle est prise \u00e0 temps<\/strong>. Dans ce cadre-l\u00e0, ce 5\u00a0octobre, Vaimalama Chaves a pris tout le monde de court. En effet, <a href=\"https:\/\/www.public.fr\/vaimalama-chaves-metamorphosee-lex-miss-france-a-desormais-le-crane-rase\" target=\"_blank\" rel=\"noopener\">Miss France 2019 <\/a>a d\u00e9cid\u00e9 de <strong>se filmer<\/strong> <strong>en train de se raser <\/strong>int\u00e9gralement le cr\u00e2ne.<\/p>\n<p>Un <strong>geste fort<\/strong> quand on sait ce que repr\u00e9sentent les cheveux pour les femmes. En l\u00e9gende de sa vid\u00e9o qui a fait le buzz, <a href=\"https:\/\/www.public.fr\/ca-va-deformer-mon-corps-jai-pas-envie-vaimalama-chaves-ex-miss-france-evoque-franchement-son-rapport-a-la-maternite\" target=\"_blank\" rel=\"noopener\">la jeune femme de 30 ans<\/a> s&rsquo;est alors expliqu\u00e9e. \u00ab\u00a0Pour ce mois d\u2019Octobre et pour soutenir des femmes ch\u00e8res \u00e0 mon c\u0153ur, tout en soutenant ceux qui en ont besoin,<strong> je me suis dit que si ces cheveux pouvaient rendre quelqu\u2019un heureuse, alors je pouvais le faire<\/strong>\u00ab\u00a0, a-t-elle \u00e9crit en l\u00e9gende.<\/p>\n<p><img loading=\"lazy\" decoding=\"async\" width=\"414\" height=\"739\" src=\"https:\/\/www.europesays.com\/fr\/wp-content\/uploads\/2025\/10\/Screenshot-2025-10-09-at-18-15-48-V-vaimalama--Photos-et-videos-Instagram.png\" alt=\"Vaimalama Chaves : apr\u00e8s s'\u00eatre ras\u00e9e le cr\u00e2ne, son rendez-vous avec la justice\"  \/><\/p>\n<p>Capture Instagram Vaimalama Chaves<\/p>\n<p>Par ailleurs, <a href=\"https:\/\/www.public.fr\/lex-miss-france-vaimalama-chaves-victime-dinceste-revele-enfin-ce-qui-la-pousse-a-briser-le-silence\" target=\"_blank\" rel=\"noopener\">la sublime Tahitienne<\/a> a ajout\u00e9\u00a0: \u00ab\u00a0Pour Elle, qui a \u00e9t\u00e9 \u00e9mue, pour Elles, qui recevront mes cheveux, pour eux, qui cherchaient un soutien silencieux, <strong>voici mon ruban rose<\/strong>\u00ab\u00a0. D\u00e9sormais, c&rsquo;est donc la boule \u00e0 z\u00e9ro que <a href=\"https:\/\/www.public.fr\/vaimalama-chaves-sdf-apres-le-regne-miss-france-la-galere-et-les-canapes-squattes\" target=\"_blank\" rel=\"noopener\">Vai <\/a>se pr\u00e9sentera sur le devant de la sc\u00e8ne. Ce 9\u00a0octobre d&rsquo;ailleurs, <a href=\"https:\/\/www.public.fr\/vaimalava-chaves-victime-dinceste-a-5-ans-ses-rares-confidences-sur-son-agresseur-il-avait-50-ans\" target=\"_blank\" rel=\"noopener\">cette derni\u00e8re <\/a>\u00e9tait invit\u00e9e de France 2 pour <strong>t\u00e9moigner dans \u00ab\u00a0\u00c7a commence aujourd&rsquo;hui\u00a0\u00bb <\/strong>pr\u00e9sent\u00e9e par Faustine Bollaert. Au menu\u00a0: une <strong>\u00e9mission sp\u00e9ciale\u2026 justice.<\/strong><\/p>\n<p><img loading=\"lazy\" decoding=\"async\" width=\"425\" height=\"760\" src=\"https:\/\/www.europesays.com\/fr\/wp-content\/uploads\/2025\/10\/Capture-decran-2025-10-09-181452.png\" alt=\"Vaimalama Chaves : apr\u00e8s s'\u00eatre ras\u00e9e le cr\u00e2ne, son rendez-vous avec la justice\"  \/><\/p>\n<p>Capture Instagram Vaimalama Chaves<\/p>\n<p>Vaimalama Chaves prochainement face \u00e0 Faustine Bollaert sur France 2<\/p>\n<p>C&rsquo;est sur le compte Instagram de <a href=\"https:\/\/vsd.fr\/85175-vaimalama-chaves-blessee-en-thailande-je-suis-partie-aux-urgences\/\" target=\"_blank\" rel=\"noopener\">la principale int\u00e9ress\u00e9e<\/a> que ses abonn\u00e9s ont appris qu&rsquo;elle s&rsquo;est rendue \u00e0 Paris pour participer au programme. En story, <a href=\"https:\/\/vsd.fr\/82664-miss-france-vaimalama-chaves-victime-dinceste-le-calvaire-quelle-vit-depuis-cette-revelation\/\" target=\"_blank\" rel=\"noopener\">l&rsquo;ex de Nicolas Fleury<\/a> a \u00e9t\u00e9 film\u00e9e sur le plateau. Derri\u00e8re <a href=\"https:\/\/www.google.com\/url?sa=t&amp;source=web&amp;rct=j&amp;opi=89978449&amp;url=https:\/\/vsd.fr\/87888-faustine-bollaert-son-emission-deprogrammee-et-pour-un-long-moment\/&amp;ved=2ahUKEwiEhI2AyZeQAxWkKvsDHQNCPekQFnoECBYQAQ&amp;usg=AOvVaw3UOIZEj47MNJL3GVRDThC3\" target=\"_blank\" rel=\"noopener\">l&rsquo;animatrice<\/a>, comme d&rsquo;habitude, \u00e9tait projet\u00e9 de nom de l&rsquo;\u00e9mission et <strong>en sous-titres\u00a0: \u00ab\u00a0Sp\u00e9ciale Justice\u00a0\u00bb.<\/strong> C&rsquo;est donc un sujet particuli\u00e8rement douloureux que <a href=\"https:\/\/www.google.com\/url?sa=t&amp;source=web&amp;rct=j&amp;opi=89978449&amp;url=https:\/\/vsd.fr\/82664-miss-france-vaimalama-chaves-victime-dinceste-le-calvaire-quelle-vit-depuis-cette-revelation\/&amp;ved=2ahUKEwj4tZ2ayZeQAxWDTaQEHWnaAW8QFnoECB0QAQ&amp;usg=AOvVaw2PzMaEzw3Clg_c_FxuTum3\" target=\"_blank\" rel=\"noopener\">l&rsquo;ancienne reine de beaut\u00e9<\/a> s&rsquo;appr\u00eate \u00e0 \u00e9voquer.<\/p>\n<p>Pour rappel, en mai dernier, Vaimalama Chaves a confi\u00e9 avoir \u00e9t\u00e9 <strong>victime d&rsquo;inceste lorsqu&rsquo;elle avait 5 ans<\/strong>. Une confidence faite dans les pages de son autobiographie intitul\u00e9e O VAI &#8211; D\u00e9couvrir Tahiti c\u2019est comprendre son \u00e2me (\u00e9ditions First).<\/p>\n<p>\u00ab\u00a0Quand j\u2019\u00e9tais petite, j\u2019ai v\u00e9cu ce que malheureusement un enfant sur dix en France traverse\u00a0: <strong>l\u2019inceste<\/strong>\u00ab\u00a0, a-t-elle \u00e9crit. Interrog\u00e9e par le magazine Voici \u00e0 l&rsquo;\u00e9poque, elle avait expliqu\u00e9 pourquoi elle n\u2019avait <strong>jamais port\u00e9 plainte<\/strong>\u00a0: \u00ab\u00a0Aujourd\u2019hui, <strong>c\u2019est trop tard. Mon agresseur est d\u00e9c\u00e9d\u00e9<\/strong>, il ne peut plus rendre de comptes\u00a0\u00bb, avait-elle regrett\u00e9. En revanche, son souhait est d\u00e9sormais d&rsquo;aider les autres victimes <strong>\u00e0 ne pas se murer dans le silence<\/strong>.<\/p>\n<p>      Mentionn\u00e9s dans cet article<\/p>\n<p>      Sur le m\u00eame sujet<\/p>\n","protected":false},"excerpt":{"rendered":"Ce 1er\u00a0octobre, comme tous les ans depuis 1985, le coup d&rsquo;envoi d&rsquo;Octobre rose a \u00e9t\u00e9 donn\u00e9 partout dans&hellip;\n","protected":false},"author":2,"featured_media":450891,"comment_status":"","ping_status":"","sticky":false,"template":"","format":"standard","meta":{"footnotes":""},"categories":[1359],"tags":[24279,58,59,6308,1011,27,2400,594,303,57663,973,24932,3693,17035,57664],"class_list":{"0":"post-450890","1":"post","2":"type-post","3":"status-publish","4":"format-standard","5":"has-post-thumbnail","7":"category-people","8":"tag-ca-commence-aujourdhui","9":"tag-divertissement","10":"tag-entertainment","11":"tag-faustine-bollaert","12":"tag-fr","13":"tag-france","14":"tag-france-televisions","15":"tag-france-2","16":"tag-justice","17":"tag-miss-tahiti","18":"tag-people","19":"tag-tahiti","20":"tag-tribunal","21":"tag-vaimalama-chaves","22":"tag-vaimalama-chaves-miss-france-2019"},"share_on_mastodon":{"url":"https:\/\/pubeurope.com\/@fr\/115346190378282857","error":""},"_links":{"self":[{"href":"https:\/\/www.europesays.com\/fr\/wp-json\/wp\/v2\/posts\/450890","targetHints":{"allow":["GET"]}}],"collection":[{"href":"https:\/\/www.europesays.com\/fr\/wp-json\/wp\/v2\/posts"}],"about":[{"href":"https:\/\/www.europesays.com\/fr\/wp-json\/wp\/v2\/types\/post"}],"author":[{"embeddable":true,"href":"https:\/\/www.europesays.com\/fr\/wp-json\/wp\/v2\/users\/2"}],"replies":[{"embeddable":true,"href":"https:\/\/www.europesays.com\/fr\/wp-json\/wp\/v2\/comments?post=450890"}],"version-history":[{"count":0,"href":"https:\/\/www.europesays.com\/fr\/wp-json\/wp\/v2\/posts\/450890\/revisions"}],"wp:featuredmedia":[{"embeddable":true,"href":"https:\/\/www.europesays.com\/fr\/wp-json\/wp\/v2\/media\/450891"}],"wp:attachment":[{"href":"https:\/\/www.europesays.com\/fr\/wp-json\/wp\/v2\/media?parent=450890"}],"wp:term":[{"taxonomy":"category","embeddable":true,"href":"https:\/\/www.europesays.com\/fr\/wp-json\/wp\/v2\/categories?post=450890"},{"taxonomy":"post_tag","embeddable":true,"href":"https:\/\/www.europesays.com\/fr\/wp-json\/wp\/v2\/tags?post=450890"}],"curies":[{"name":"wp","href":"https:\/\/api.w.org\/{rel}","templated":true}]}}