{"id":450894,"date":"2025-10-09T20:53:25","date_gmt":"2025-10-09T20:53:25","guid":{"rendered":"https:\/\/www.europesays.com\/fr\/450894\/"},"modified":"2025-10-09T20:53:25","modified_gmt":"2025-10-09T20:53:25","slug":"six-auteurs-a-la-rencontre-de-jeunes-lecteurs","status":"publish","type":"post","link":"https:\/\/www.europesays.com\/fr\/450894\/","title":{"rendered":"six auteurs \u00e0 la rencontre de jeunes lecteurs"},"content":{"rendered":"<p>Applaudissements nourris, cris d\u2019enthousiasme, des bravos comme s\u2019il en pleuvait, d\u00e9dicaces avec des \u00e9changes chaleureux, la Cit\u00e9 du Livre a vibr\u00e9 aux accents de la rencontre de jeunes lecteurs avec les six auteurs pr\u00e9sents appartenant \u00e0 la liste des pr\u00e9tendants au <a href=\"https:\/\/www.laprovence.com\/article\/region\/4275512763347914\/le-goncourt-des-lyceens-fait-escale-a-la-cite-du-livre-daix\" target=\"_blank\" rel=\"noopener\">Goncourt des Lyc\u00e9ens<\/a>. D\u2019un aveu unanime, organisateurs, mod\u00e9rateurs, \u00e9diteurs convi\u00e9s, les six \u00e9crivains pr\u00e9sents, sans oublier <a href=\"https:\/\/www.laprovence.com\/article\/region\/6546793053516314\/pendant-5-jours-aix-en-provence-recoit-la-fine-fleur-de-la-litterature-avec-le-festival-ecrivains-du-sud\" target=\"_blank\" rel=\"noopener\">Paule Constant<\/a>, de l\u2019Acad\u00e9mie Goncourt, ont salu\u00e9 la pertinence des questions pos\u00e9es \u00e0 chacun des auteurs par les repr\u00e9sentants des six \u00e9tablissements concern\u00e9s par la manifestation (1), emmen\u00e9s par leurs professeurs tr\u00e8s investis sur ce projet de lecture.<\/p>\n<p>Nathalie Bologne, CPE au lyc\u00e9e de Martigues, Karine Giordana, prof documentaliste dans ce m\u00eame lyc\u00e9e, Am\u00e9lie Barbet, prof de lettres de seconde, Corine Robert, prof de lettres et th\u00e9\u00e2tre \u00e0 Lacordaire, Marseille, Adeline Loez elle aussi documentaliste \u00e0 Marseille, ont tous signal\u00e9 combien si ce fut ardu de rentrer dans un tel projet\u00a0; mais le r\u00e9sultat a d\u00e9pass\u00e9, en termes de qualit\u00e9, toutes leurs esp\u00e9rances.<\/p>\n<p>\u00ab\u00a0J\u2019aurais ador\u00e9 \u00e0 votre \u00e2ge participer au Goncourt des Lyc\u00e9ens\u00a0\u00bb<\/p>\n<p>\u00ab\u00a0Les \u00e9crivains de cette ann\u00e9e quittent la mappemonde du livre pour entrer par leurs textes en vous-m\u00eames, a d\u00e9clar\u00e9 Paule Constant. J\u2019aurais ador\u00e9 \u00e0 votre \u00e2ge participer \u00e0 ce prix Goncourt des lyc\u00e9ens.\u00a0\u00bb Deux tables rondes furent organis\u00e9es. Le matin autour de <a href=\"https:\/\/www.laprovence.com\/article\/culture-loisirs\/44769447939411\/partout-le-feu-plongee-au-coeur-de-l-activisme-ecologique-du-2-au-4-avril-au-theatre-joliette-a-marseille\" target=\"_blank\" rel=\"noopener\">H\u00e9l\u00e8ne Laurain<\/a> pour son roman \u00ab\u00a0Tambora\u00a0\u00bb, <a href=\"https:\/\/www.laprovence.com\/actu\/en-direct\/4173961\/le-prix-femina-2016-a-marcus-malte-pour-le-garcon.html\" target=\"_blank\" rel=\"noopener\">Ghislaine Dunant<\/a>, pour \u00ab\u00a0Un amour infini\u00a0\u00bb et <a href=\"https:\/\/www.laprovence.com\/article\/sorties-loisirs\/4607774\/ghana-saga-dans-les-dechets-electroniques.html\" target=\"_blank\" rel=\"noopener\">Guillaume Poix<\/a> pour \u00ab\u00a0Perp\u00e9tuit\u00e9\u00a0\u00bb. Leur ont succ\u00e9d\u00e9 l\u2019apr\u00e8s-midi Alfred de Montesquiou avec \u00ab\u00a0Le cr\u00e9puscule des hommes\u00a0\u00bb consacr\u00e9 au proc\u00e8s de Nuremberg par les t\u00e9moins qui y assist\u00e8rent, <a href=\"https:\/\/www.laprovence.com\/article\/faits-divers-justice\/4705567\/charif-majdalani-empereur-libanais-du-recit-a-tiroirs.html\" target=\"_blank\" rel=\"noopener\">Charif Madjalaini<\/a> &#8211; \u00e9crivain qui a v\u00e9cu quinze ans \u00e0 Aix avant de rejoindre Beyrouth &#8211; pour son roman \u00ab\u00a0Le nom des rois\u00a0\u00bb sur le Liban, et <a href=\"https:\/\/www.laprovence.com\/article\/culture-loisirs\/1918758669842615\/la-romanciere-nathacha-appanah-a-la-rencontre-des-lecteurs-aixois-pour-son-roman-sur-le-feminicide\" target=\"_blank\" rel=\"noopener\">Nathacha Appanah<\/a> tr\u00e8s entour\u00e9e de marques d\u2019estime pour son livre \u00ab\u00a0La nuit au c\u0153ur\u00a0\u00bb d\u00e9non\u00e7ant la violence faite aux femmes. Un roman qui a boulevers\u00e9 Matteo de Marseille qui confie\u00a0: \u00ab\u00a0J\u2019ai \u00e9t\u00e9 si touch\u00e9 par ce texte, et c\u2019est beau qu\u2019une auteure parle de cela en invitant chacun \u00e0 r\u00e9fl\u00e9chir avec une port\u00e9e universelle. Et nous en tant que gar\u00e7ons on sait ce qu\u2019il ne faut pas faire\u2026 \u00ab\u00a0.<\/p>\n<p>Sa camarade Mathilda lui embo\u00eete le pas, tandis que du m\u00eame lyc\u00e9e Lohan dit avoir ressenti de la col\u00e8re envers ces bourreaux auteurs de f\u00e9minicide. \u00ab\u00a0Tambora\u00a0\u00bb d\u2019H\u00e9l\u00e8ne Laurain a beaucoup \u00e9mu Romane, de Martigues\u00a0: \u00ab\u00a0C\u2019est magnifique la mani\u00e8re dont l\u2019autrice parle de ses filles, et j\u2019esp\u00e8re que celles-ci sont fi\u00e8res d\u2019elle.\u00a0\u00bb Soledad, de Martigues, a trouv\u00e9 le livre de Ghislaine Dunant, lumineux, chaleureux, avec une \u00ab\u00a0\u00e9criture po\u00e9tique et une fin plus m\u00e9lancolique\u00a0\u00bb. Fabio, du m\u00eame lyc\u00e9e, a salu\u00e9 en Alfred de Montesquiou un \u00e9crivain poss\u00e9dant une \u00e9criture rythm\u00e9e, \u00ab\u00a0et comme nous avions travaill\u00e9 des moments de cet \u00e9v\u00e9nement racont\u00e9 l\u2019an dernier j\u2019ai pu approfondir.\u00a0\u00bb Norah, de Vence, qui a trouv\u00e9 le livre de Montesquiou un peu trop long, demeure dithyrambique quant au roman de Charif Majdalani au style ample, et avoue avoir pleur\u00e9 apr\u00e8s avoir referm\u00e9 le roman \u00ab\u00a0La nuit au c\u0153ur\u00a0\u00bb dont cette histoire antillaise \u00ab\u00a0est tr\u00e8s diff\u00e9rente des autres\u00a0\u00bb. Justine, de Marseille, a tenu \u00e0 rappeler que son livre pr\u00e9f\u00e9r\u00e9 \u00e9tait \u00ab\u00a0La maison vide\u00a0\u00bb de Mauvignier. Magnifique rencontre o\u00f9 les questions pos\u00e9es aux \u00e9crivains ont beaucoup tourn\u00e9 autour de la passion d\u2019\u00e9crire et l\u2019art de la construction d\u2019un r\u00e9cit.<\/p>\n<p>(1)\u00a0: Le Lyc\u00e9e g\u00e9n\u00e9ral et technologie Paul Vincensini de Bastia, le Lyc\u00e9e g\u00e9n\u00e9ral et technologie Jean Aicard de Hy\u00e8res, le Lyc\u00e9e Paul Langevin de Martigues, le Lyc\u00e9e polyvalent M\u00e9tiers Les Catalins de Mont\u00e9limar, le Lyc\u00e9e g\u00e9n\u00e9ral et technologie Henri Matisse de Vence, le Lyc\u00e9e g\u00e9n\u00e9ral priv\u00e9 Lacordaire de Marseille.<\/p>\n","protected":false},"excerpt":{"rendered":"Applaudissements nourris, cris d\u2019enthousiasme, des bravos comme s\u2019il en pleuvait, d\u00e9dicaces avec des \u00e9changes chaleureux, la Cit\u00e9 du&hellip;\n","protected":false},"author":2,"featured_media":450895,"comment_status":"","ping_status":"","sticky":false,"template":"","format":"standard","meta":{"footnotes":""},"categories":[1357],"tags":[17,2835,711,1379,251,154,58,59,1011,27,51438,1380,15387,5486,18847],"class_list":{"0":"post-450894","1":"post","2":"type-post","3":"status-publish","4":"format-standard","5":"has-post-thumbnail","7":"category-livres","8":"tag-17","9":"tag-aix","10":"tag-auteurs","11":"tag-books","12":"tag-culture","13":"tag-des","14":"tag-divertissement","15":"tag-entertainment","16":"tag-fr","17":"tag-france","18":"tag-goncourt","19":"tag-livres","20":"tag-lyceens","21":"tag-rencontre","22":"tag-six"},"share_on_mastodon":{"url":"https:\/\/pubeurope.com\/@fr\/115346198177590841","error":""},"_links":{"self":[{"href":"https:\/\/www.europesays.com\/fr\/wp-json\/wp\/v2\/posts\/450894","targetHints":{"allow":["GET"]}}],"collection":[{"href":"https:\/\/www.europesays.com\/fr\/wp-json\/wp\/v2\/posts"}],"about":[{"href":"https:\/\/www.europesays.com\/fr\/wp-json\/wp\/v2\/types\/post"}],"author":[{"embeddable":true,"href":"https:\/\/www.europesays.com\/fr\/wp-json\/wp\/v2\/users\/2"}],"replies":[{"embeddable":true,"href":"https:\/\/www.europesays.com\/fr\/wp-json\/wp\/v2\/comments?post=450894"}],"version-history":[{"count":0,"href":"https:\/\/www.europesays.com\/fr\/wp-json\/wp\/v2\/posts\/450894\/revisions"}],"wp:featuredmedia":[{"embeddable":true,"href":"https:\/\/www.europesays.com\/fr\/wp-json\/wp\/v2\/media\/450895"}],"wp:attachment":[{"href":"https:\/\/www.europesays.com\/fr\/wp-json\/wp\/v2\/media?parent=450894"}],"wp:term":[{"taxonomy":"category","embeddable":true,"href":"https:\/\/www.europesays.com\/fr\/wp-json\/wp\/v2\/categories?post=450894"},{"taxonomy":"post_tag","embeddable":true,"href":"https:\/\/www.europesays.com\/fr\/wp-json\/wp\/v2\/tags?post=450894"}],"curies":[{"name":"wp","href":"https:\/\/api.w.org\/{rel}","templated":true}]}}