{"id":450896,"date":"2025-10-09T20:54:18","date_gmt":"2025-10-09T20:54:18","guid":{"rendered":"https:\/\/www.europesays.com\/fr\/450896\/"},"modified":"2025-10-09T20:54:18","modified_gmt":"2025-10-09T20:54:18","slug":"videos-chanson-de-julien-clerc-discours-demmanuel-macron-cinq-sequences-fortes-de-la-pantheonisation-de-robert-badinter","status":"publish","type":"post","link":"https:\/\/www.europesays.com\/fr\/450896\/","title":{"rendered":"VIDEOS. Chanson de Julien Clerc, discours d&rsquo;Emmanuel Macron&#8230; Cinq s\u00e9quences fortes de la panth\u00e9onisation de Robert Badinter"},"content":{"rendered":"\n<p class=\"c-chapo \">\n  L&rsquo;ancien garde des Sceaux est entr\u00e9 au Panth\u00e9on au terme d&rsquo;une c\u00e9r\u00e9monie qui a attir\u00e9 un large public le long de la rue Soufflot.\n<\/p>\n<p>      lire plus tard<\/p>\n<p id=\"dialog__title\" class=\"dialog__title\">Pour sauvegarder cet article, connectez-vous ou cr\u00e9ez un compte franceinfo<\/p>\n<p class=\"dialog__description\">Sans paiement. Sans abonnement.<\/p>\n<p>        Fermer la fen\u00eatre d\u2019activation des notifications France Info<\/p>\n<p>      cr\u00e9er votre compte<\/p>\n<p>      se connecter<\/p>\n<p>        Fermer la fen\u00eatre de pr\u00e9sentation<\/p>\n<p>    <img loading=\"lazy\" decoding=\"async\" class=\"signature__image lazyload\" width=\"100\" height=\"100\" data- alt=\"\" src=\"https:\/\/www.europesays.com\/fr\/wp-content\/uploads\/2025\/07\/61b8b997d2d04_pierre-godon.png\"\/><\/p>\n<p>    Publi\u00e9 le 09\/10\/2025 21:03<\/p>\n<p>      Mis \u00e0 jour le 09\/10\/2025 21:03<\/p>\n<p>        Temps de lecture : 4min<\/p>\n<p>    <img decoding=\"async\"  alt=\"La fa\u00e7ade du Panth\u00e9on, qui arbore l'effigie de Robert Badinter, le 9 octobre 2025. (STEPHANIE LECOCQ \/ AFP)\" width=\"432\" height=\"243\" src=\"https:\/\/www.europesays.com\/fr\/wp-content\/uploads\/2025\/10\/000-78ab7tz-68e8015caa304206405514.jpg\" fetchpriority=\"high\"\/><\/p>\n<p>      La fa\u00e7ade du Panth\u00e9on, qui arbore l&rsquo;effigie de Robert Badinter, le 9 octobre 2025. (STEPHANIE LECOCQ \/ AFP)<\/p>\n<p>L&rsquo;Elys\u00e9e promettait une \u00ab\u00a0c\u00e9r\u00e9monie solennelle\u00a0\u00bb. La <a href=\"https:\/\/www.franceinfo.fr\/politique\/mort-de-robert-badinter\/direct-robert-badinter-entre-au-pantheon-suivez-la-ceremonie-d-hommage-a-l-artisan-de-l-abolition-de-la-peine-de-mort-en-france_7539478.html\" rel=\"nofollow noopener\" target=\"_blank\">panth\u00e9onisation de Robert Badinter<\/a> a quand m\u00eame son lot de temps forts, jeudi 9 octobre. L&rsquo;artisan de l&rsquo;abolition de la peine de mort est au temple de la R\u00e9publique, \u00ab\u00a0avec les Lumi\u00e8res\u00a0\u00bb et \u00ab\u00a0les principes de l&rsquo;Etat de droit\u00a0\u00bb pour reprendre les mots du pr\u00e9sident Macron. Franceinfo revient sur cinq moments marquant de la c\u00e9r\u00e9monie<\/p>\n<p>Le com\u00e9dien Guillaume Gallienne cite Victor Hugo<\/p>\n<p>\u00ab\u00a0S&rsquo;il s&rsquo;est autant battu par la justice, c&rsquo;est qu&rsquo;il savait dans sa chair, ce que l&rsquo;injustice peut ravager\u00a0\u00bb, a d\u00e9clar\u00e9 Guillaume Gallienne, qui est revenu sur l&rsquo;histoire familiale des Badinter et a cit\u00e9 un discours d&rsquo;un autre fervent abolitionniste, Victor Hugo, en 1848 \u00e0 la tribune de l&rsquo;Assembl\u00e9e constituante. Un texte choisi par Elisabeth Badinter, son \u00e9pouse, comme toutes les \u0153uvres cit\u00e9es lors de la c\u00e9r\u00e9monie. \u00ab\u00a0Qu&rsquo;est-ce que la peine de mort\u00a0? La peine de mort est le signe sp\u00e9cial et \u00e9ternel de la barbarie. Partout o\u00f9 la peine de mort est prodigu\u00e9e, la barbarie domine\u00a0; partout o\u00f9 la peine de mort est rare, la civilisation r\u00e8gne.\u00a0\u00bb <\/p>\n<p>    <img decoding=\"async\" class=\"francetv-player-wrapper__image\" alt=\"\u00c0 l\u2019occasion de la panth\u00e9onisation de Robert Badinter jeudi 9 octobre, l\u2019acteur et sc\u00e9nariste Guillaume Gallienne clame le discours de Victor Hugo du 15 septembre 1848. #Badinter\"  width=\"432\" height=\"243\" src=\"https:\/\/www.europesays.com\/fr\/wp-content\/uploads\/2025\/10\/https:\/\/assets.webservices.francetelevisions.fr\/v1\/assets\/images\/89\/da\/7f\/45e17a74-9874-47df-b80a-49.jpeg\" fetchpriority=\"high\"\/><\/p>\n<p>              \u00c0 l\u2019occasion de la panth\u00e9onisation de Robert Badinter jeudi 9 octobre, l\u2019acteur et sc\u00e9nariste Guillaume Gallienne clame le discours de Victor Hugo du 15 septembre 1848. #Badinter<\/p>\n<p>      4min<\/p>\n<p>\u00ab\u00a0Vous ne l&rsquo;abolirez pas peut-\u00eatre aujourd&rsquo;hui ; mais, n&rsquo;en doutez pas, vous l&rsquo;abolirez ou vos successeurs l&rsquo;aboliront demain !\u00a0\u00bb, \u00e9crivait encore Victor Hugo, proph\u00e9tique.<\/p>\n<p>Julien Clerc reprend sa chanson \u00ab\u00a0L&rsquo;Assassin assassin\u00e9\u00a0\u00bb<\/p>\n<p>    <img decoding=\"async\" class=\"francetv-player-wrapper__image\" alt=\"Panth\u00e9onisation de Badinter : Julien Clerc chante &quot;L'Assassin assassin\u00e9&quot;\"  width=\"432\" height=\"243\" src=\"https:\/\/www.europesays.com\/fr\/wp-content\/uploads\/2025\/10\/https:\/\/assets.webservices.francetelevisions.fr\/v1\/assets\/images\/1b\/f7\/0c\/46e32d0b-9000-48c9-ae09-71.jpeg\" fetchpriority=\"high\"\/><\/p>\n<p>              Panth\u00e9onisation de Badinter : Julien Clerc chante \u00ab\u00a0L&rsquo;Assassin assassin\u00e9\u00a0\u00bb<\/p>\n<p>      4min<\/p>\n<p>Le chanteur a repris son titre de 1980, qui d\u00e9fendait l&rsquo;abolition de la peine de mort dans une France alors majoritairement contre. Quand il avait sorti la chanson en 1980, Robert Badinter avait \u00e9crit \u00e0 Julien Clerc, rapporte\u00a0<a href=\"https:\/\/www.leparisien.fr\/culture-loisirs\/musique\/je-pense-toujours-a-badinter-quand-je-la-chante-julien-clerc-interpretera-lassassin-assassine-au-pantheon-08-10-2025-SRYQFTUKXFBNLKCN6NEL25GQEM.php\" target=\"_blank\" rel=\"noopener nofollow\">Le Parisien<\/a>\u00a0:\u00a0\u00ab\u00a0Votre chanson a fait bien plus que 20 conf\u00e9rences et 30 discours.\u00a0\u00bb\u00a0Le chanteur parlait d&rsquo;un\u00a0\u00ab\u00a0immense honneur\u00a0\u00bb.<\/p>\n<p>Le monde de la justice accompagne le c\u00e9notaphe de Robert Badinter<\/p>\n<p>    <img decoding=\"async\" class=\"francetv-player-wrapper__image\" alt=\"Les membres de la garde r\u00e9publicaine portent le c\u00e9notaphe de Robert Badinter pour l\u2019entr\u00e9e au Panth\u00e9on de Robert Badinter. #Badinter\"  width=\"432\" height=\"243\" src=\"https:\/\/www.europesays.com\/fr\/wp-content\/uploads\/2025\/10\/https:\/\/assets.webservices.francetelevisions.fr\/v1\/assets\/images\/91\/df\/95\/17811f84-63c2-4969-a907-81.jpeg\" fetchpriority=\"high\"\/><\/p>\n<p>              Les membres de la garde r\u00e9publicaine portent le c\u00e9notaphe de Robert Badinter pour l\u2019entr\u00e9e au Panth\u00e9on de Robert Badinter. #Badinter<\/p>\n<p>      6min<\/p>\n<p>Les porteurs du c\u00e9notaphe ont gravi les marches du Panth\u00e9on, entour\u00e9s d&rsquo;une haie d&rsquo;honneur de professionnels de la justice. \u00ab\u00a0Vous nous avez appris que la justice est fragile\u00a0\u00bb, a ainsi expliqu\u00e9 Alexia Colin-Bonardot, une \u00e9tudiante \u00e0 l&rsquo;Ecole nationale de la magistrature.<\/p>\n<p>    <img decoding=\"async\" class=\"francetv-player-wrapper__image\" alt=\"\u201cMonsieur Badinter, ce que vous nous laissez, ce ne sont pas des certitudes, ce sont des rep\u00e8res. Vous nous avez appris que la justice est fragile\u201d, d\u00e9clare Alexia Colin-Bonardot, auditrice de justice \u00e0 l\u2019\u00c9cole nationale de la magistrature, aux portes du Panth\u00e9on et devant l\u2019\u00c9cole de droit de l\u2019universit\u00e9 Paris-I Panth\u00e9on-Sorbonne.\"  width=\"432\" height=\"243\" src=\"https:\/\/www.europesays.com\/fr\/wp-content\/uploads\/2025\/10\/https:\/\/assets.webservices.francetelevisions.fr\/v1\/assets\/images\/9f\/45\/54\/d8bf58d1-8a02-4350-ab5b-0e.jpeg\" fetchpriority=\"high\"\/><\/p>\n<p>              \u201cMonsieur Badinter, ce que vous nous laissez, ce ne sont pas des certitudes, ce sont des rep\u00e8res. Vous nous avez appris que la justice est fragile\u201d, d\u00e9clare Alexia Colin-Bonardot, auditrice de justice \u00e0 l\u2019\u00c9cole nationale de la magistrature, aux portes du Panth\u00e9on et devant l\u2019\u00c9cole de droit de l\u2019universit\u00e9 Paris-I Panth\u00e9on-Sorbonne.<\/p>\n<p>      1min<\/p>\n<p>\u00ab\u00a0Nous prenons le relais pour faire vivre ce que vous avez incarn\u00e9\u00a0\u00bb, poursuit Thibault Bailly, avocat et premier secr\u00e9taire de la conf\u00e9rence du barreau.\u00a0\u00ab\u00a0Aujourd&rsquo;hui, en votre nom et pour tous ceux qui viendront apr\u00e8s nous, nous gardons en m\u00e9moire vos mots\u00a0: &lsquo;Tant que je vivrai, je combattrai la peine de mort&rsquo;.\u00a0\u00bb<\/p>\n<p>Emmanuel Macron salue le \u00ab\u00a0gardien d&rsquo;un id\u00e9al\u00a0\u00bb<\/p>\n<p>Lors d&rsquo;un discours long d&rsquo;une quinzaine de minutes, Emmanuel Macron a rendu hommage \u00e0 Robert Badinter, \u00e0 sa vie et son \u0153uvre, \u00e9voquant les r\u00e9sonances de ces derni\u00e8res dans la situation actuelle de la France. \u00ab\u00a0Robert Badinter, n\u00e9 dans les ann\u00e9es [19]20, ravag\u00e9es par la haine des juifs, s&rsquo;est \u00e9teint dans nos ann\u00e9es 20, o\u00f9 \u00e0 nouveau, la haine des juifs tue\u00a0\u00bb. <\/p>\n<p>    <img decoding=\"async\" class=\"francetv-player-wrapper__image\" alt=\"Emmanuel Macron a rendu hommage \u00e0 Robert Badinter lors de la panth\u00e9onisation de l'ancien ministre de la Justice, jeudi 9 octobre. Il &quot;rentre au Panth\u00e9on avec les principes de l\u2019\u00c9tat de droit. Une certaine id\u00e9e de l\u2019homme ins\u00e9parable de l\u2019id\u00e9al r\u00e9publicain.&quot;\"  width=\"432\" height=\"243\" src=\"https:\/\/www.europesays.com\/fr\/wp-content\/uploads\/2025\/10\/https:\/\/assets.webservices.francetelevisions.fr\/v1\/assets\/images\/6b\/8c\/9f\/070ec45b-1044-42c5-9481-dc.jpeg\" fetchpriority=\"high\"\/><\/p>\n<p>              Emmanuel Macron a rendu hommage \u00e0 Robert Badinter lors de la panth\u00e9onisation de l&rsquo;ancien ministre de la Justice, jeudi 9 octobre. Il \u00ab\u00a0rentre au Panth\u00e9on avec les principes de l\u2019\u00c9tat de droit. Une certaine id\u00e9e de l\u2019homme ins\u00e9parable de l\u2019id\u00e9al r\u00e9publicain.\u00a0\u00bb<\/p>\n<p>      14min<\/p>\n<p>\u00ab\u00a0Robert Badinter entre au Panth\u00e9on avec les principes de l&rsquo;Etat de droit. Une certaine id\u00e9e de l&rsquo;homme ins\u00e9parable de l&rsquo;id\u00e9al r\u00e9publicain\u00a0\u00bb, a salu\u00e9 le locataire de l&rsquo;Elys\u00e9e.<\/p>\n<p>Une projection spectaculaire sur la fa\u00e7ade du Panth\u00e9on\u00a0<\/p>\n<p>Au moment de conclure la c\u00e9r\u00e9monie, le Panth\u00e9on s&rsquo;est par\u00e9 de bleu pour retracer, sur sa fa\u00e7ade, la vie du grand homme en quelques minutes. Le c\u00e9notaphe de Robert Badinter doit \u00eatre install\u00e9 aux c\u00f4t\u00e9s de Condorcet, le philosophe des Lumi\u00e8res qu&rsquo;il avait contribu\u00e9 \u00e0 faire panth\u00e9oniser, en \u00e9crivant une biographie fouill\u00e9e, avec son \u00e9pouse Elisabeth.<\/p>\n<p>    <img decoding=\"async\" class=\"francetv-player-wrapper__image\" alt=\"Apr\u00e8s le discours d'Emmanuel Macron, la vie de Robert Badinter a \u00e9t\u00e9 racont\u00e9e en &quot;mapping&quot; sur la fa\u00e7ade du Panth\u00e9on, par Elissa Alloula, com\u00e9dienne pensionnaire de la Com\u00e9die-Fran\u00e7aise.\"  width=\"432\" height=\"243\" src=\"https:\/\/www.europesays.com\/fr\/wp-content\/uploads\/2025\/10\/https:\/\/assets.webservices.francetelevisions.fr\/v1\/assets\/images\/12\/86\/31\/564f1806-7716-43eb-9c3a-36.jpeg\" fetchpriority=\"high\"\/><\/p>\n<p>              Apr\u00e8s le discours d&rsquo;Emmanuel Macron, la vie de Robert Badinter a \u00e9t\u00e9 racont\u00e9e en \u00ab\u00a0mapping\u00a0\u00bb sur la fa\u00e7ade du Panth\u00e9on, par Elissa Alloula, com\u00e9dienne pensionnaire de la Com\u00e9die-Fran\u00e7aise.<\/p>\n<p>      6min<\/p>\n<p>Celui qui a \u00e9t\u00e9 pr\u00e9sident du Conseil constitutionnel de 1986 \u00e0 1995 repose d\u00e9sormais symboliquement au Panth\u00e9on, \u00e0 travers des objets d\u00e9pos\u00e9s dans son c\u00e9notaphe\u00a0: sa robe d&rsquo;avocat, une copie de son discours sur l&rsquo;abolition de la peine de mort et trois livres, dont un de Victor Hugo.<\/p>\n","protected":false},"excerpt":{"rendered":"L&rsquo;ancien garde des Sceaux est entr\u00e9 au Panth\u00e9on au terme d&rsquo;une c\u00e9r\u00e9monie qui a attir\u00e9 un large public&hellip;\n","protected":false},"author":2,"featured_media":450897,"comment_status":"","ping_status":"","sticky":false,"template":"","format":"standard","meta":{"footnotes":""},"categories":[1356],"tags":[58,59,1011,27,252,1364],"class_list":{"0":"post-450896","1":"post","2":"type-post","3":"status-publish","4":"format-standard","5":"has-post-thumbnail","7":"category-television","8":"tag-divertissement","9":"tag-entertainment","10":"tag-fr","11":"tag-france","12":"tag-television","13":"tag-tv"},"share_on_mastodon":{"url":"https:\/\/pubeurope.com\/@fr\/115346202724328133","error":""},"_links":{"self":[{"href":"https:\/\/www.europesays.com\/fr\/wp-json\/wp\/v2\/posts\/450896","targetHints":{"allow":["GET"]}}],"collection":[{"href":"https:\/\/www.europesays.com\/fr\/wp-json\/wp\/v2\/posts"}],"about":[{"href":"https:\/\/www.europesays.com\/fr\/wp-json\/wp\/v2\/types\/post"}],"author":[{"embeddable":true,"href":"https:\/\/www.europesays.com\/fr\/wp-json\/wp\/v2\/users\/2"}],"replies":[{"embeddable":true,"href":"https:\/\/www.europesays.com\/fr\/wp-json\/wp\/v2\/comments?post=450896"}],"version-history":[{"count":0,"href":"https:\/\/www.europesays.com\/fr\/wp-json\/wp\/v2\/posts\/450896\/revisions"}],"wp:featuredmedia":[{"embeddable":true,"href":"https:\/\/www.europesays.com\/fr\/wp-json\/wp\/v2\/media\/450897"}],"wp:attachment":[{"href":"https:\/\/www.europesays.com\/fr\/wp-json\/wp\/v2\/media?parent=450896"}],"wp:term":[{"taxonomy":"category","embeddable":true,"href":"https:\/\/www.europesays.com\/fr\/wp-json\/wp\/v2\/categories?post=450896"},{"taxonomy":"post_tag","embeddable":true,"href":"https:\/\/www.europesays.com\/fr\/wp-json\/wp\/v2\/tags?post=450896"}],"curies":[{"name":"wp","href":"https:\/\/api.w.org\/{rel}","templated":true}]}}