{"id":450898,"date":"2025-10-09T20:55:16","date_gmt":"2025-10-09T20:55:16","guid":{"rendered":"https:\/\/www.europesays.com\/fr\/450898\/"},"modified":"2025-10-09T20:55:16","modified_gmt":"2025-10-09T20:55:16","slug":"on-a-ecoute-le-retour-des-beaux-jours-son-nouvel-album-les-12-chansons-passees-au-crible","status":"publish","type":"post","link":"https:\/\/www.europesays.com\/fr\/450898\/","title":{"rendered":"on a \u00e9cout\u00e9 \u00ab\u00a0Le retour des Beaux Jours\u00a0\u00bb, son nouvel album, les 12 chansons pass\u00e9es au crible"},"content":{"rendered":"<p>Il y a deux ans, leur duo sonnait comme une \u00e9vidence\u00a0: Vanessa Paradis avait rejoint \u00c9tienne Daho pour la chanson-titre du dernier album de celui-ci, \u00ab\u00a0Tirer la nuit sur les \u00e9toiles\u00a0\u00bb. Depuis 35\u00a0ans que leurs routes se croisent, il fallait bien qu\u2019elles se rejoignent un jour, pour tracer ensemble un m\u00eame chemin.<\/p>\n<p>C\u2019est chose faite avec \u00ab\u00a0Le Retour des Beaux Jours\u00a0\u00bb, huiti\u00e8me album solo de Vanessa Paradis, qui para\u00eet ce vendredi. \u00ab\u00a0J\u2019avais envie que l\u2019on m\u00e9lange nos univers, explique Vanessa Paradis. J\u2019avais aussi des envies de sons pr\u00e9cises, li\u00e9es notamment \u00e0 notre amour commun pour la soul des ann\u00e9es 60 et 70\u00a0\u00bb.<\/p>\n<p>Revue de d\u00e9tails, titre par titre.<\/p>\n<p>        <img decoding=\"async\" id=\"26265773\" src=\"https:\/\/www.europesays.com\/fr\/wp-content\/uploads\/2025\/10\/vanessa-paradis-par-karim-sadli-02-2025.jpg\" alt=\"Vanessa Paradis n\u2019avait plus publi\u00e9 d\u2019album depuis \u00ab\u00a0Les Sources\u00a0\u00bb, paru il y a sept ans.\" itemprop=\"contentURL\"\/><\/p>\n<p>    Vanessa Paradis n\u2019avait plus publi\u00e9 d\u2019album depuis \u00ab\u00a0Les Sources\u00a0\u00bb, paru il y a sept ans.<\/p>\n<p>Karim Sadli<\/p>\n<p><strong>1. \u00ab\u00a0C\u0153ur ardent\u00a0\u00bb. <\/strong>Des sons d\u2019orchestre qui tournent dans une grande pi\u00e8ce bois\u00e9e, une fl\u00fbte qui s\u2019envole, des cordes qui fr\u00e9missent et la rejoignent en une parade c\u00e9leste\u2026 L\u2019album s\u2019ouvre comme une intro de concert\u00a0: \u00ab\u00a0Soudain j\u2019entre dans la lumi\u00e8re, le souffle court, le c\u0153ur battant\u2026\u00a0\u00bb. Symphonique et romantique, la chanson d\u00e9ploie progressivement ses atours de com\u00e9die musicale luxuriante et a\u00e9rienne.<\/p>\n<p><strong>2. \u00ab\u00a0Bouquet Final\u00a0\u00bb. <\/strong>Publi\u00e9 en single au d\u00e9but de l\u2019\u00e9t\u00e9, c\u2019est une chanson pour danser, port\u00e9e par un balancement sexy que soutiennent une guitare qui chatouille et une basse profonde et soyeuse. Sign\u00e9s Doriand, les paroles font mouche sur le refrain (\u00ab\u00a0T\u2019aimerais changer les choses comme on change l\u2019eau des roses\u00a0\/\u00a0Mon Amour, oublie \u00e7a, les fleurs ne trichent pas\u00a0\u00bb), port\u00e9es par un contretemps gracieux.<\/p>\n<p>        <img decoding=\"async\" id=\"26256626\" src=\"https:\/\/www.europesays.com\/fr\/wp-content\/uploads\/2025\/10\/vp.jpg\" alt=\"\u00ab\u00a0Bouquet final\u00a0\u00bb a \u00e9t\u00e9 publi\u00e9 en 45 tours et en single digital.\" itemprop=\"contentURL\"\/><\/p>\n<p>    \u00ab\u00a0Bouquet final\u00a0\u00bb a \u00e9t\u00e9 publi\u00e9 en 45 tours et en single digital.<\/p>\n<p>Barclay<\/p>\n<p> <strong>3. \u00ab\u00a0Tr\u00e9sor\u00a0\u00bb.<\/strong> Comme un vieux vinyle poussi\u00e9reux, c\u2019est une marche \u00e0 la nonchalance bluesy, dont l\u2019ambiance un peu inqui\u00e9tante semble surgir du bayou de Louisiane. Une guitare un peu cradingue, une contrebasse qui claque, un piano limite bastringue, ces cuivres profonds\u2026 Vanessa double parfois sa voix pour des choeurs harmonis\u00e9s ou chante un chorus de trompette bouch\u00e9e\u2026 C\u2019est l\u2019aventure, tra\u00eenante comme un vieux film de Jim Jarmusch\u2026 Paroles et musiques sont sign\u00e9s Paradis et c\u2019est une des grandes r\u00e9ussites de l\u2019album.<\/p>\n<p><strong>4. \u00ab\u00a0Le Retour des Beaux Jours\u00a0\u00bb. <\/strong>100\u00a0% Daho, cette ballade \u00e0 l\u2019\u00e9l\u00e9gance v\u00e9n\u00e9neuse rebondit sur une basse tr\u00e8s sixties, fa\u00e7on \u00ab\u00a0Melody Nelson\u00a0\u00bb. \u00c0 la guitare wah wah r\u00e9pond le soyeux des violons, avant que les cuivres ne viennent appuyer la tension dramatique de cet hymne \u00e0 la renaissance de l\u2019amour.<\/p>\n<p><strong>5. \u00ab\u00a0Rendez-Vous\u00a0\u00bb. <\/strong>Depuis toujours (et notamment \u00ab\u00a0Be My Baby\u00a0\u00bb qu\u2019avait compos\u00e9 pour elle Lenny Kravitz), on sait l\u2019amour de Vanessa Paradis pour la pop de la Motown. Ici, elle rayonne comme une Diana Ross, port\u00e9e par un grand orchestre et un jeu de rimes en \u00ab\u00a0ouh\u00a0\u00bb\u00a0: \u00ab\u00a0Autour de nous, tout devient flou, c\u2019est au premier instant que tout se joue\u00a0\u00bb.<\/p>\n<p><strong>6. \u00ab\u00a0\u00c9l\u00e9ments\u00a0\u00bb.<\/strong> Vanessa Paradis referme la face A de l\u2019album avec des couleurs jazz, sur un texte \u00e9crit par son fils Jack Depp. Le bruit de la pluie et l\u2019intro au piano posent d\u2019entr\u00e9e une ambiance tr\u00e8s cin\u00e9matographique, bel \u00e9crin pour la trompette d\u2019Erik Truffaz.<\/p>\n<p>        <img decoding=\"async\" id=\"26265788\" src=\"https:\/\/www.europesays.com\/fr\/wp-content\/uploads\/2025\/10\/vanessa-paradis-par-karim-sadli-04-2025.jpg\" alt=\"Vanessa Paradis, 52\u00a0ans, sera en concert \u00e0 partir du printemps 2026. Elle est attendue \u00e0 Bordeaux le 8\u00a0mai.\" itemprop=\"contentURL\"\/><\/p>\n<p>    Vanessa Paradis, 52\u00a0ans, sera en concert \u00e0 partir du printemps 2026. Elle est attendue \u00e0 Bordeaux le 8\u00a0mai.<\/p>\n<p>Karim Sadli<\/p>\n<p> <strong>7. \u00ab\u00a0Make Me Mine\u00a0\u00bb. <\/strong>Unique chanson en anglais de l\u2019album, cette pop song minimaliste avance en roue libre, comme mue par une volont\u00e9 d\u2019insouciance.<\/p>\n<p> <strong>8 \u2013 \u00ab\u00a0Les Epines du Coeur\u00a0\u00bb.<\/strong> Taill\u00e9e pour les radios et les concerts, cette invitation \u00e0 la danse n\u2019a pas le souffle cool de \u00ab\u00a0Bouquet final\u00a0\u00bb, mais son efficacit\u00e9 est imparable, gr\u00e2ce \u00e0 une production idoine. <\/p>\n<p><strong>9 \u2013 \u00ab\u00a0\u00c9l\u00e9gie\u00a0\u00bb. <\/strong>Pour dire la perte de son p\u00e8re (\u00ab\u00a0le tout premier homme de ma vie\u00a0\u00bb), Vanessa Paradis a confi\u00e9 la plume \u00e0 Daho. \u00ab\u00a0J\u2019ai cherch\u00e9 \u00e0 l\u2019\u00e9crire mais je n\u2019ai pas r\u00e9ussi. C\u2019est aussi bien que cela vienne d\u2019\u00c9tienne car, m\u00eame si c\u2019est tr\u00e8s intime, le sujet est universel\u00a0\u00bb commente-t-elle. Un slow, cr\u00e9pusculaire, pour ce message d\u2019amour envoy\u00e9 par Vanessa au paradis.<\/p>\n<p> <strong>10 \u2013 \u00ab\u00a0Un amour de jeunesse\u00a0\u00bb.<\/strong> Cette souriante ballade en arp\u00e8ges folk fleure bon la nostalgie de la pop californienne des seventies. Un titre \u00e0 la fois \u00e9pique et ensoleill\u00e9, avec de belles trouvailles stylistiques dans les paroles. <\/p>\n<p>        <img decoding=\"async\" id=\"26265821\" src=\"https:\/\/www.europesays.com\/fr\/wp-content\/uploads\/2025\/10\/vanessa-paradis-par-karim-sadli-03-2025.jpg\" alt=\"Vanessa Paradis a r\u00e9ussi, avec \u00c9tienne Daho et Jean-Louis Pi\u00e9rot, un de ses plus beaux albums.\" itemprop=\"contentURL\"\/><\/p>\n<p>    Vanessa Paradis a r\u00e9ussi, avec \u00c9tienne Daho et Jean-Louis Pi\u00e9rot, un de ses plus beaux albums.<\/p>\n<p>Karim Sadli<\/p>\n<p><strong>11 <\/strong>\u2013 <strong>\u00ab\u00a0Les Initiales des anges\u00a0\u00bb. <\/strong>\u00ab\u00a0L.A., elle a perdu le nord sous les orangers amers\u2026\u00a0\u00bb chante Vanessa en hommage \u00e0 la m\u00e9galopole californienne, longtemps sa ville d\u2019adoption. La rythmique rap renvoie aux coups de g\u00e9nie de Kendrick Lamar ou du groupe Unloved. Jusqu\u2019aux refrains en mode com\u00e9die musicale, avec sa r\u00e9solution solaire et ses ch\u0153urs en cascade.<\/p>\n<p><strong>12 &#8211; \u00ab\u00a0I Am Alive\u00a0\u00bb. <\/strong>Sur un po\u00e8me \u00e9crit par Lily-Rose \u00e0 l\u2019adolescence, Vanessa a compos\u00e9 cette ballade d\u00e9pouill\u00e9e, dans l\u2019intimit\u00e9 d\u2019un piano accroche-c\u0153ur.<\/p>\n<p>Vanessa Paradis\u00a0: \u00ab\u00a0Le Retour des beaux jours\u00a0\u00bb, en CD, vinyle et digital (Barclay\u00a0\/\u00a0Universal). Sortie le 10\u00a0octobre.<\/p>\n<p>        <img decoding=\"async\" id=\"26256566\" src=\"https:\/\/www.europesays.com\/fr\/wp-content\/uploads\/2025\/10\/vanessa-paradis-1996-ellen-von-unwerth-la-galerie-linstant.jpg\" alt=\"Du 15\u00a0octobre au 14\u00a0janvier 2026, la Galerie de L\u2019Instant \u00e0 Paris pr\u00e9sentera l\u2019exposition de photos \u00ab\u00a0Vanessa Paradis\u00a0: Paradissime\u00a0\u00bb.\" itemprop=\"contentURL\"\/><\/p>\n<p>    Du 15\u00a0octobre au 14\u00a0janvier 2026, la Galerie de L\u2019Instant \u00e0 Paris pr\u00e9sentera l\u2019exposition de photos \u00ab\u00a0Vanessa Paradis\u00a0: Paradissime\u00a0\u00bb.<\/p>\n<p>1996. \u00a9 Elen von Unwerth\u00a0\/\u00a0La Galerie de l\u2019Instant<\/p>\n","protected":false},"excerpt":{"rendered":"Il y a deux ans, leur duo sonnait comme une \u00e9vidence\u00a0: Vanessa Paradis avait rejoint \u00c9tienne Daho pour&hellip;\n","protected":false},"author":2,"featured_media":450899,"comment_status":"","ping_status":"","sticky":false,"template":"","format":"standard","meta":{"footnotes":""},"categories":[1355],"tags":[58,59,1011,27,1361,873],"class_list":{"0":"post-450898","1":"post","2":"type-post","3":"status-publish","4":"format-standard","5":"has-post-thumbnail","7":"category-musique","8":"tag-divertissement","9":"tag-entertainment","10":"tag-fr","11":"tag-france","12":"tag-music","13":"tag-musique"},"share_on_mastodon":{"url":"https:\/\/pubeurope.com\/@fr\/115346206005297405","error":""},"_links":{"self":[{"href":"https:\/\/www.europesays.com\/fr\/wp-json\/wp\/v2\/posts\/450898","targetHints":{"allow":["GET"]}}],"collection":[{"href":"https:\/\/www.europesays.com\/fr\/wp-json\/wp\/v2\/posts"}],"about":[{"href":"https:\/\/www.europesays.com\/fr\/wp-json\/wp\/v2\/types\/post"}],"author":[{"embeddable":true,"href":"https:\/\/www.europesays.com\/fr\/wp-json\/wp\/v2\/users\/2"}],"replies":[{"embeddable":true,"href":"https:\/\/www.europesays.com\/fr\/wp-json\/wp\/v2\/comments?post=450898"}],"version-history":[{"count":0,"href":"https:\/\/www.europesays.com\/fr\/wp-json\/wp\/v2\/posts\/450898\/revisions"}],"wp:featuredmedia":[{"embeddable":true,"href":"https:\/\/www.europesays.com\/fr\/wp-json\/wp\/v2\/media\/450899"}],"wp:attachment":[{"href":"https:\/\/www.europesays.com\/fr\/wp-json\/wp\/v2\/media?parent=450898"}],"wp:term":[{"taxonomy":"category","embeddable":true,"href":"https:\/\/www.europesays.com\/fr\/wp-json\/wp\/v2\/categories?post=450898"},{"taxonomy":"post_tag","embeddable":true,"href":"https:\/\/www.europesays.com\/fr\/wp-json\/wp\/v2\/tags?post=450898"}],"curies":[{"name":"wp","href":"https:\/\/api.w.org\/{rel}","templated":true}]}}