{"id":450902,"date":"2025-10-09T20:57:10","date_gmt":"2025-10-09T20:57:10","guid":{"rendered":"https:\/\/www.europesays.com\/fr\/450902\/"},"modified":"2025-10-09T20:57:10","modified_gmt":"2025-10-09T20:57:10","slug":"les-autorites-sanitaires-appellent-a-la-vigilance-pour-les-prochaines-semaines","status":"publish","type":"post","link":"https:\/\/www.europesays.com\/fr\/450902\/","title":{"rendered":"les autorit\u00e9s sanitaires appellent \u00e0 \u00ab la vigilance \u00bb pour les \u00ab prochaines semaines \u00bb"},"content":{"rendered":"<p>            Par<br \/>\n        <strong><br \/>\n            <a href=\"https:\/\/actu.fr\/auteur\/briac-trebert\" title=\"Consulter tous les articles de Briac Tr\u00e9bert\" target=\"_blank\" rel=\"noopener\">Briac Tr\u00e9bert<\/a><br \/>\n        <\/strong><\/p>\n<p>        Publi\u00e9 le<\/p>\n<p>            9 oct. 2025 \u00e0 16h24        <\/p>\n<p>Chez SOS m\u00e9decins ou aux urgences \u00e0 l\u2019<a href=\"https:\/\/actu.fr\/tag\/hopital\" target=\"_blank\" rel=\"noopener\">h\u00f4pital<\/a>, le <a href=\"https:\/\/actu.fr\/societe\/coronavirus\" target=\"_blank\" rel=\"noopener\">Covid-19<\/a> est toujours pr\u00e9sent en ce d\u00e9but octobre 2025, comme depuis plusieurs semaines d\u00e9sormais, alors que le d\u00e9but de la campagne de vaccination est pr\u00e9vu pour le mardi 14 octobre. La hausse du Covid ralentit n\u00e9anmoins\u2026 un peu.<\/p>\n<p class=\" wall-content\">C\u2019est ce que r\u00e9v\u00e8le <a href=\"https:\/\/www.santepubliquefrance.fr\/maladies-et-traumatismes\/maladies-et-infections-respiratoires\/grippe\/documents\/bulletin-national\/infections-respiratoires-aigues-grippe-bronchiolite-covid-19-.-bulletin-du-8-octobre-2025\" target=\"_blank\" rel=\"noopener\">le dernier bulletin de Sant\u00e9 publique France<\/a> publi\u00e9 ce mercredi 8 octobre 2025. Mais l\u2019agence nationale de sant\u00e9 publique appelle tout de m\u00eame \u00e0 la \u00ab vigilance \u00bb.<\/p>\n<p class=\" wall-content\">Les indicateurs \u00ab syndromiques de Covid-19 \u00bb pour la semaine du 29 septembre au 5 octobre restaient stables et \u00e0 des niveaux \u00ab globalement encore \u00bb inf\u00e9rieurs \u00e0 ceux de l\u2019ann\u00e9e 2024 \u00e0 la m\u00eame p\u00e9riode, mais avec <strong>des disparit\u00e9s selon les groupes d\u2019\u00e2ge<\/strong>.<\/p>\n<p>Encore un peu plus d\u2019hospitalisations chez les 65 ans et plus\u00a0<\/p>\n<p class=\" wall-content\">La part des hospitalisations apr\u00e8s passage aux urgences a une nouvelle fois augment\u00e9 l\u00e9g\u00e8rement chez les 65 ans et plus, la semaine derni\u00e8re, tandis qu\u2019elle a diminu\u00e9 chez les 0-4 ans. Mais l\u2019indicateur de suivi du SARS-CoV-2 dans les eaux us\u00e9es, en hausse depuis plusieurs semaines, a enfin<strong> montr\u00e9 un ralentissement<\/strong> \u00ab semblant se stabiliser au niveau national \u00bb, rel\u00e8ve l\u2019agence nationale de sant\u00e9 publique.\u00a0<\/p>\n<blockquote class=\"ac-article-quote wall-content\">\n<p>M\u00eame si la circulation du SARS-CoV-2 depuis mi-juillet 2025 n\u2019a pas encore eu de r\u00e9percussion notable sur le syst\u00e8me de soins, l\u2019\u00e9volution reste \u00e0 suivre avec vigilance au cours des prochaines semaines. Le nombre de nouveaux \u00e9pisodes de cas group\u00e9s d\u2019infection respiratoire aigu\u00eb (IRA) dans les \u00e9tablissements m\u00e9dico-sociaux (EMS) \u00e9tait en augmentation depuis d\u00e9but septembre. La grande majorit\u00e9 des \u00e9pisodes \u00e9tait attribu\u00e9e exclusivement au Covid-19.\n<\/p>\n<p>    <strong>Sant\u00e9 publique France, ce mercredi 8 octobre 2025<\/strong>\n            <\/p><\/blockquote>\n<p class=\" wall-content\">La semaine derni\u00e8re, le nombre de passages aux urgences pour suspicion de Covid-19 \u00e9tait de 2\u202f054, soit 0,6 % de l\u2019ensemble des passages (contre 0,5 % la semaine pr\u00e9c\u00e9dente) et le nombre d\u2019hospitalisations \u00e9tait de 790, soit 1,1 % de l\u2019ensemble des hospitalisations (contre 0,9 % la semaine pr\u00e9c\u00e9dente).<\/p>\n<p>Votre r\u00e9gion, votre actu !<\/p>\n<p>Recevez chaque jour les infos qui comptent pour vous.<\/p>\n<p>\t<a href=\"https:\/\/actu.fr\/newsletter\" class=\"ac-btn ac-btn--corner ac-btn--medium ac-btn--blue800\" target=\"_blank\" rel=\"noopener\">S&rsquo;incrire<\/a><br \/>\nDes signes de fr\u00e9missement, mais une petite vague n\u00e9anmoins\u00a0<\/p>\n<p class=\" wall-content\">Le Covid-19 donne donc quelques signes de fr\u00e9missement avec, depuis plusieurs semaines, une hausse de la d\u00e9tection du virus dans les eaux us\u00e9es, mais, souligne Sant\u00e9 publique France, le tableau reste mod\u00e9r\u00e9 et n\u2019est pas pire que l\u2019an dernier \u00e0 la m\u00eame \u00e9poque.<\/p>\n<p class=\" wall-content\">Face \u00e0 ces chiffres, les autorit\u00e9s sanitaires, dont la direction g\u00e9n\u00e9rale de la sant\u00e9, ont ainsi estim\u00e9 qu\u2019il n\u2019y avait pas d\u2019argument \u00ab \u00e9pid\u00e9miologique \u00bb pour avancer la campagne de vaccination contre le Covid-19, dont le lancement est pr\u00e9vu le mardi 14 octobre.<\/p>\n<p class=\" wall-content\">Cette <strong>campagne sera coupl\u00e9e avec celle de la grippe<\/strong>, et ciblera les 19 millions de Fran\u00e7ais \u00e0 risque de complications, <strong>notamment tous les plus de 65 ans<\/strong>. Les deux vaccins pourront \u00eatre inject\u00e9s simultan\u00e9ment sur les deux bras. S\u2019ils ne sont pas administr\u00e9s au m\u00eame moment, les Fran\u00e7ais n\u2019auront pas de d\u00e9lai minimal \u00e0 respecter entre les deux vaccinations, pr\u00e9cisent les autorit\u00e9s sanitaires.<\/p>\n<p class=\" wall-content\">La vaccination contre la Covid-19 est recommand\u00e9e chaque ann\u00e9e \u00e0 l\u2019automne pour les personnes \u00e2g\u00e9es de 65 ans et plus. Mais toute personne souhaitant se faire vacciner, m\u00eame si elle ne fait pas partie de la cible, peut recevoir une dose de vaccin. Un seul vaccin, le Comirnaty JN.1 de Pfizer\/BioNTech, sera propos\u00e9, <a href=\"https:\/\/actu.fr\/societe\/vaccination-contre-le-covid-19-pourquoi-un-seul-vaccin-sera-propose-aux-francais_63274190.html\" target=\"_blank\" rel=\"noopener\">comme nous l\u2019expliquons dans cet article.<\/a><\/p>\n<p class=\" wall-content\">Le vaccin peut \u00eatre administr\u00e9 par les m\u00e9decins, les infirmiers, les pharmaciens, les sages-femmes, les \u00e9tudiants en m\u00e9decine ou pharmacie (sous la supervision d\u2019un ma\u00eetre de stage). Il est pris en charge \u00e0 100 % par l\u2019<a href=\"https:\/\/actu.fr\/tag\/securite-sociale\" target=\"_blank\" rel=\"noopener\">Assurance maladie<\/a>.<\/p>\n<p class=\" wall-content\">Personnalisez votre actualit\u00e9 en ajoutant vos villes et m\u00e9dias en favori avec <a href=\"https:\/\/moncompte.actu.fr\" title=\"D\u00e9couvez Mon Actu\" rel=\"nofollow noopener\" data-trk=\"{&quot;cta&quot;:{&quot;action&quot;:&quot;https:\\\/\\\/moncompte.actu.fr&quot;,&quot;category&quot;:&quot;mon compte&quot;,&quot;from&quot;:&quot;article footer&quot;,&quot;name&quot;:&quot;Mon actu&quot;,&quot;type&quot;:&quot;cta&quot;}}\" target=\"_blank\">Mon Actu<\/a>.<\/p>\n","protected":false},"excerpt":{"rendered":"Par Briac Tr\u00e9bert Publi\u00e9 le 9 oct. 2025 \u00e0 16h24 Chez SOS m\u00e9decins ou aux urgences \u00e0 l\u2019h\u00f4pital,&hellip;\n","protected":false},"author":2,"featured_media":450903,"comment_status":"","ping_status":"","sticky":false,"template":"","format":"standard","meta":{"footnotes":""},"categories":[10],"tags":[4379,4400,1011,27,72,71,104],"class_list":{"0":"post-450902","1":"post","2":"type-post","3":"status-publish","4":"format-standard","5":"has-post-thumbnail","7":"category-sante","8":"tag-coronavirus-covid","9":"tag-covid","10":"tag-fr","11":"tag-france","12":"tag-health","13":"tag-sante","14":"tag-societe"},"share_on_mastodon":{"url":"https:\/\/pubeurope.com\/@fr\/115346213760441233","error":""},"_links":{"self":[{"href":"https:\/\/www.europesays.com\/fr\/wp-json\/wp\/v2\/posts\/450902","targetHints":{"allow":["GET"]}}],"collection":[{"href":"https:\/\/www.europesays.com\/fr\/wp-json\/wp\/v2\/posts"}],"about":[{"href":"https:\/\/www.europesays.com\/fr\/wp-json\/wp\/v2\/types\/post"}],"author":[{"embeddable":true,"href":"https:\/\/www.europesays.com\/fr\/wp-json\/wp\/v2\/users\/2"}],"replies":[{"embeddable":true,"href":"https:\/\/www.europesays.com\/fr\/wp-json\/wp\/v2\/comments?post=450902"}],"version-history":[{"count":0,"href":"https:\/\/www.europesays.com\/fr\/wp-json\/wp\/v2\/posts\/450902\/revisions"}],"wp:featuredmedia":[{"embeddable":true,"href":"https:\/\/www.europesays.com\/fr\/wp-json\/wp\/v2\/media\/450903"}],"wp:attachment":[{"href":"https:\/\/www.europesays.com\/fr\/wp-json\/wp\/v2\/media?parent=450902"}],"wp:term":[{"taxonomy":"category","embeddable":true,"href":"https:\/\/www.europesays.com\/fr\/wp-json\/wp\/v2\/categories?post=450902"},{"taxonomy":"post_tag","embeddable":true,"href":"https:\/\/www.europesays.com\/fr\/wp-json\/wp\/v2\/tags?post=450902"}],"curies":[{"name":"wp","href":"https:\/\/api.w.org\/{rel}","templated":true}]}}