{"id":450906,"date":"2025-10-09T20:59:12","date_gmt":"2025-10-09T20:59:12","guid":{"rendered":"https:\/\/www.europesays.com\/fr\/450906\/"},"modified":"2025-10-09T20:59:12","modified_gmt":"2025-10-09T20:59:12","slug":"bruce-toussaint-sa-cousine-sauvagement-assassinee-il-refuse-de-rencontrer-son-meurtrier","status":"publish","type":"post","link":"https:\/\/www.europesays.com\/fr\/450906\/","title":{"rendered":"Bruce Toussaint\u00a0: sa cousine sauvagement assassin\u00e9e, il refuse de rencontrer son meurtrier"},"content":{"rendered":"<p>Apr\u00e8s avoir pass\u00e9 <strong>six ann\u00e9es \u00e0 BFM TV<\/strong>, Bruce Toussaint a mis les voiles <strong>direction TF1<\/strong>. Ainsi, sur la premi\u00e8re cha\u00eene d&rsquo;Europe, <a href=\"https:\/\/www.public.fr\/elles-ne-viennent-plus-arthur-balance-sur-les-stars-qui-ne-participent-plus-a-vtep-gros-malaise-face-a-bruce-toussaint\" rel=\"nofollow noopener\" target=\"_blank\">le journaliste de 51 ans<\/a> s&rsquo;est vu confier une mission d\u00e9licate\u00a0: <strong>animer la matinale <\/strong>en concurrence directe avec \u00ab\u00a0T\u00e9l\u00e9matin\u00a0\u00bb sur France 2. Matinale qui s&rsquo;intitule \u00ab\u00a0Bonjour\u00a0!\u00a0\u00bb au cours de laquelle <a href=\"https:\/\/www.public.fr\/bruce-toussaint-sa-tenue-a-deux-doigts-de-craquer-dans-bonjour-anais-grangerac-le-ridiculise-malaise-en-plateau\" rel=\"nofollow noopener\" target=\"_blank\">le professionnel de l&rsquo;info<\/a> est <strong>entour\u00e9 d&rsquo;une dizaine de chroniqueurs<\/strong>. Toutefois, Bruce Toussaint a plus d&rsquo;une corde \u00e0 son arc et ne se contente pas de son activit\u00e9 t\u00e9l\u00e9visuelle.<\/p>\n<p>En effet, loin des projecteurs, dans l&rsquo;ombre, <a href=\"https:\/\/www.public.fr\/bruce-toussaint-face-a-un-drame-familial-sa-cousine-sauvagement-tuee-de-dix-coups-de-couteau\" rel=\"nofollow noopener\" target=\"_blank\">ce dernier<\/a> <strong>aime prendre la plume<\/strong> et poser ses maux sur papier. Ainsi, en 2019, s&rsquo;est-il livr\u00e9 comme jamais dans <strong>Heureusement, elle n&rsquo;a pas souffert <\/strong>(\u00e9ditions Stock). Un r\u00e9cit bouleversant dans lequel il a \u00e9voqu\u00e9 un th\u00e8me universel\u00a0: <strong>le deuil<\/strong>. Un r\u00e9cit qui est n\u00e9 apr\u00e8s la <strong>perte de son p\u00e8re d&rsquo;un cancer en 2016 <\/strong>puis la <strong>mort de sa m\u00e8re, en 2021, d&rsquo;un malaise cardiaque<\/strong>.<\/p>\n<p>Mais Bruce Toussaint n&rsquo;avait pas tout dit. Il y a <strong>un autre drame<\/strong> dont il voulait parler\u00a0: <strong>l&rsquo;assassinat de sa cousine Natalie en 1984.<\/strong> Ce mercredi 8\u00a0octobre est alors sorti en librairie un livre-enqu\u00eate intitul\u00e9 Dites-lui que je pense \u00e0 elle chez Stock. L&rsquo;auteur des faits est toujours vivant mais\u2026 <a href=\"https:\/\/www.public.fr\/bruce-toussaint-poursuit-son-employeur-en-justice\" rel=\"nofollow noopener\" target=\"_blank\">Le natif d&rsquo;Asni\u00e8res-sur-Seine<\/a> a refus\u00e9 de l&rsquo;interroger et s&rsquo;en explique.<\/p>\n<p>Bruce Toussaint\u00a0: pourquoi refuse-t-il de rencontrer l&rsquo;assassin de sa cousine\u00a0?<\/p>\n<p>Dans ce livre de 156 pages, Bruce Toussaint donne des d\u00e9tails ultra-pr\u00e9cis de <strong>ce terrible 18\u00a0octobre 1984<\/strong> gr\u00e2ce au <strong>t\u00e9moignage de Nelly, sa tante<\/strong> et m\u00e8re de Natalie. Natalie qui <strong>s&rsquo;est li\u00e9e d&rsquo;amiti\u00e9 avec Alfred<\/strong>, son assassin. Apr\u00e8s avoir rejet\u00e9 ses avances \u00e0 plusieurs reprises, tout a d\u00e9rap\u00e9. \u00ab\u00a0Sans aucune h\u00e9sitation, il a choisi ce qui allait devenir son arme\u00a0: <strong>un couteau de boucher avec une lame de dix-sept centim\u00e8tres.<\/strong> (&#8230;) Il rumine son acte. Persuad\u00e9 d&rsquo;\u00eatre dans son bon droit. La vie d&rsquo;une adolescente vaut toutes les humiliations, se dit-il\u00a0\u00bb, a alors \u00e9crit <a href=\"https:\/\/www.google.com\/url?sa=t&amp;source=web&amp;rct=j&amp;opi=89978449&amp;url=https:\/\/vsd.fr\/80578-bonjour-deux-membres-de-la-matinale-de-bruce-toussaint-en-couple\/&amp;ved=2ahUKEwir89qp05eQAxUuVqQEHbhrIpoQFnoECBYQAQ&amp;usg=AOvVaw3Nekk7XXYKUQJjICzR40wv\" rel=\"nofollow noopener\" target=\"_blank\">le p\u00e8re de famille<\/a>. <\/p>\n<p>Il ajoute alors\u00a0: \u00ab\u00a0Il s&rsquo;approche d&rsquo;elle pour l&#8217;embrasser, mais elle tourne la t\u00eate. En se redressant, l&rsquo;adolescente a laiss\u00e9 tomber son paquet de cigarettes. (&#8230;) Il est un peu plus de 21\u00a0heures,<strong> un cri d\u00e9chirant retentit <\/strong>dans cette \u00e9cole d\u00e9serte. <strong>Alfred vient d&rsquo;ass\u00e9ner un premier coup de couteau \u00e0 sa victime <\/strong>qui s&rsquo;effondre. Il l&rsquo;a frapp\u00e9e \u00e0 la gorge\u00a0\u00bb. Au total, la cousine de Bruce Toussaint a re\u00e7u <strong>10 coups de couteau<\/strong>. Son assassin a \u00e9t\u00e9 <strong>condamn\u00e9 \u00e0 15 ans de prison<\/strong>.<\/p>\n<p>Aujourd&rsquo;hui, <strong>Alfred est libre et toujours en vie<\/strong>. Pour son livre-enqu\u00eate, <a href=\"https:\/\/www.google.com\/url?sa=t&amp;source=web&amp;rct=j&amp;opi=89978449&amp;url=https:\/\/vsd.fr\/74359-bruce-toussaint-son-annonce-inattendue-pour-sa-quotidienne\/&amp;ved=2ahUKEwir89qp05eQAxUuVqQEHbhrIpoQFnoECB4QAQ&amp;usg=AOvVaw2kqThJki0pX2F7OC2aQNq5\" rel=\"nofollow noopener\" target=\"_blank\">la star de TF1<\/a> aurait pu l&rsquo;interroger mais, il a refus\u00e9. \u00ab\u00a0\u00c7a a \u00e9t\u00e9 un grand questionnement pendant toute l&rsquo;\u00e9criture du livre. <strong>Pour tout dire, j&rsquo;ai parl\u00e9 \u00e0 certains de ses proches. <\/strong>Mais je pense que les conditions n&rsquo;\u00e9taient pas r\u00e9unies pour que \u00e7a se fasse [&#8230;] Je pense que le temps a jou\u00e9 aussi. Avec <strong>40 ann\u00e9es qui se sont \u00e9coul\u00e9es, c&rsquo;est toujours plus difficile<\/strong>\u00ab\u00a0, a-t-il confi\u00e9 \u00e0 T\u00e9l\u00e9 Loisirs. \u00ab\u00a0Je pense que <strong>cela aurait \u00e9t\u00e9 assez mal compris. <\/strong>C&rsquo;est<strong> la limite entre le journaliste et le membre de la famille<\/strong>\u2026\u00a0\u00bb, a-t-il conclu.<\/p>\n<p>      Mentionn\u00e9s dans cet article<\/p>\n<p>      Sur le m\u00eame sujet<\/p>\n","protected":false},"excerpt":{"rendered":"Apr\u00e8s avoir pass\u00e9 six ann\u00e9es \u00e0 BFM TV, Bruce Toussaint a mis les voiles direction TF1. Ainsi, sur&hellip;\n","protected":false},"author":2,"featured_media":450907,"comment_status":"","ping_status":"","sticky":false,"template":"","format":"standard","meta":{"footnotes":""},"categories":[8],"tags":[6744,5587,6777,6778,6779,58,1067,59,1011,27,2957,2003,2004,199],"class_list":{"0":"post-450906","1":"post","2":"type-post","3":"status-publish","4":"format-standard","5":"has-post-thumbnail","7":"category-divertissement","8":"tag-assassinat","9":"tag-autobiographie","10":"tag-bonjour","11":"tag-bonjour-la-matinale-tf1","12":"tag-bruce-toussaint","13":"tag-divertissement","14":"tag-enquete","15":"tag-entertainment","16":"tag-fr","17":"tag-france","18":"tag-journaliste","19":"tag-livre","20":"tag-roman","21":"tag-tf1"},"share_on_mastodon":{"url":"https:\/\/pubeurope.com\/@fr\/115346221587105320","error":""},"_links":{"self":[{"href":"https:\/\/www.europesays.com\/fr\/wp-json\/wp\/v2\/posts\/450906","targetHints":{"allow":["GET"]}}],"collection":[{"href":"https:\/\/www.europesays.com\/fr\/wp-json\/wp\/v2\/posts"}],"about":[{"href":"https:\/\/www.europesays.com\/fr\/wp-json\/wp\/v2\/types\/post"}],"author":[{"embeddable":true,"href":"https:\/\/www.europesays.com\/fr\/wp-json\/wp\/v2\/users\/2"}],"replies":[{"embeddable":true,"href":"https:\/\/www.europesays.com\/fr\/wp-json\/wp\/v2\/comments?post=450906"}],"version-history":[{"count":0,"href":"https:\/\/www.europesays.com\/fr\/wp-json\/wp\/v2\/posts\/450906\/revisions"}],"wp:featuredmedia":[{"embeddable":true,"href":"https:\/\/www.europesays.com\/fr\/wp-json\/wp\/v2\/media\/450907"}],"wp:attachment":[{"href":"https:\/\/www.europesays.com\/fr\/wp-json\/wp\/v2\/media?parent=450906"}],"wp:term":[{"taxonomy":"category","embeddable":true,"href":"https:\/\/www.europesays.com\/fr\/wp-json\/wp\/v2\/categories?post=450906"},{"taxonomy":"post_tag","embeddable":true,"href":"https:\/\/www.europesays.com\/fr\/wp-json\/wp\/v2\/tags?post=450906"}],"curies":[{"name":"wp","href":"https:\/\/api.w.org\/{rel}","templated":true}]}}