{"id":450915,"date":"2025-10-09T21:04:13","date_gmt":"2025-10-09T21:04:13","guid":{"rendered":"https:\/\/www.europesays.com\/fr\/450915\/"},"modified":"2025-10-09T21:04:13","modified_gmt":"2025-10-09T21:04:13","slug":"apres-la-demission-de-sebastien-lecornu-le-retour-de-lhypothese-dun-premier-ministre-hors-des-partis-liberation","status":"publish","type":"post","link":"https:\/\/www.europesays.com\/fr\/450915\/","title":{"rendered":"Apr\u00e8s la d\u00e9mission de S\u00e9bastien Lecornu, le retour de l\u2019hypoth\u00e8se d\u2019un Premier ministre hors des partis \u2013 Lib\u00e9ration"},"content":{"rendered":"<p class=\"sc-cPiKLX AiZTS text-element\">Une \u00e9quipe \u00abcompl\u00e8tement d\u00e9connect\u00e9e des ambitions pr\u00e9sidentielles pour 2027\u00bb. La formule gliss\u00e9e par S\u00e9bastien Lecornu au cours de <a href=\"https:\/\/www.liberation.fr\/politique\/crise-politique-des-rumeurs-de-dissolution-a-linterview-poussive-de-lecornu-recit-dune-journee-chaotique-20251008_2RAUWLBGUFGB3BPNRC6JIIMYXI\/\" target=\"_blank\" rel=\"noreferrer noopener\" title=\"https:\/\/www.liberation.fr\/politique\/crise-politique-des-rumeurs-de-dissolution-a-linterview-poussive-de-lecornu-recit-dune-journee-chaotique-20251008_2RAUWLBGUFGB3BPNRC6JIIMYXI\/\">son interview au 20 Heures de France 2<\/a>, mercredi 8 octobre, fait resurgir l\u2019hypoth\u00e8se, r\u00e9currente sous Emmanuel Macron, <a href=\"https:\/\/www.liberation.fr\/politique\/apres-sebastien-lecornu-macron-en-quete-dun-dernier-de-corvee-20251009_EZ6C3RTAPJDVVCXR6KW45JIISU\/\" target=\"_blank\" rel=\"noreferrer noopener\" title=\"https:\/\/www.liberation.fr\/politique\/apres-sebastien-lecornu-macron-en-quete-dun-dernier-de-corvee-20251009_EZ6C3RTAPJDVVCXR6KW45JIISU\/\">d\u2019un Premier ministre issu d\u2019aucun parti<\/a>, certes capable de faire adopter les textes budg\u00e9taires pour l\u2019ann\u00e9e 2026 et de g\u00e9rer ensuite les affaires courantes sans risquer un \u00e9ni\u00e8me renversement. Cette id\u00e9e d\u2019un homme ou d\u2019une femme issu(e) de la soci\u00e9t\u00e9 civile \u00e0 la t\u00eate d\u2019un gouvernement technique revient dans l\u2019air politique \u00e0 chaque fois que le chef de l\u2019Etat <a href=\"https:\/\/www.liberation.fr\/politique\/crise-politique-macron-marche-seul-20251007_2T7U2UYOOBBPVDZBYZMVIYJQVA\/\" target=\"_blank\" rel=\"n &lt;div style= noopener\" clear:=\"\" both=\"\"><\/p>\n","protected":false},"excerpt":{"rendered":"Une \u00e9quipe \u00abcompl\u00e8tement d\u00e9connect\u00e9e des ambitions pr\u00e9sidentielles pour 2027\u00bb. La formule gliss\u00e9e par S\u00e9bastien Lecornu au cours de&hellip;\n","protected":false},"author":2,"featured_media":450916,"comment_status":"","ping_status":"","sticky":false,"template":"","format":"standard","meta":{"footnotes":""},"categories":[2],"tags":[11,1073,1011,27,418,12,11067],"class_list":{"0":"post-450915","1":"post","2":"type-post","3":"status-publish","4":"format-standard","5":"has-post-thumbnail","7":"category-actualites","8":"tag-actualites","9":"tag-emmanuel-macron","10":"tag-fr","11":"tag-france","12":"tag-gouvernement","13":"tag-news","14":"tag-sebastien-lecornu"},"share_on_mastodon":{"url":"https:\/\/pubeurope.com\/@fr\/115346241245334956","error":""},"_links":{"self":[{"href":"https:\/\/www.europesays.com\/fr\/wp-json\/wp\/v2\/posts\/450915","targetHints":{"allow":["GET"]}}],"collection":[{"href":"https:\/\/www.europesays.com\/fr\/wp-json\/wp\/v2\/posts"}],"about":[{"href":"https:\/\/www.europesays.com\/fr\/wp-json\/wp\/v2\/types\/post"}],"author":[{"embeddable":true,"href":"https:\/\/www.europesays.com\/fr\/wp-json\/wp\/v2\/users\/2"}],"replies":[{"embeddable":true,"href":"https:\/\/www.europesays.com\/fr\/wp-json\/wp\/v2\/comments?post=450915"}],"version-history":[{"count":0,"href":"https:\/\/www.europesays.com\/fr\/wp-json\/wp\/v2\/posts\/450915\/revisions"}],"wp:featuredmedia":[{"embeddable":true,"href":"https:\/\/www.europesays.com\/fr\/wp-json\/wp\/v2\/media\/450916"}],"wp:attachment":[{"href":"https:\/\/www.europesays.com\/fr\/wp-json\/wp\/v2\/media?parent=450915"}],"wp:term":[{"taxonomy":"category","embeddable":true,"href":"https:\/\/www.europesays.com\/fr\/wp-json\/wp\/v2\/categories?post=450915"},{"taxonomy":"post_tag","embeddable":true,"href":"https:\/\/www.europesays.com\/fr\/wp-json\/wp\/v2\/tags?post=450915"}],"curies":[{"name":"wp","href":"https:\/\/api.w.org\/{rel}","templated":true}]}}