{"id":450917,"date":"2025-10-09T21:05:26","date_gmt":"2025-10-09T21:05:26","guid":{"rendered":"https:\/\/www.europesays.com\/fr\/450917\/"},"modified":"2025-10-09T21:05:26","modified_gmt":"2025-10-09T21:05:26","slug":"la-fete-du-livre-va-faire-battre-le-coeur-de-saint-etienne","status":"publish","type":"post","link":"https:\/\/www.europesays.com\/fr\/450917\/","title":{"rendered":"la F\u00eate du livre va faire battre le c\u0153ur de Saint-\u00c9tienne"},"content":{"rendered":"<p>  Un rendez-vous \u00ab\u00a0populaire, ouvert \u00e0 tous les publics\u00a0\u00bb<\/p>\n<p>\u00ab\u00a0C\u2019est l\u2019\u00e9v\u00e9nement culturel le plus populaire, le plus fr\u00e9quent\u00e9 et l\u2019un des plus ancr\u00e9s dans l\u2019histoire de Saint-\u00c9tienne\u00a0\u00bb, assure Marc Chassaub\u00e9n\u00e9, adjoint en charge de la culture. \u00ab\u00a0Il n\u2019a jamais perdu son esprit convivial et festif, ni son ouverture \u00e0 tous les publics, de tous les \u00e2ges. \u00bb<\/p>\n<p>De son c\u00f4t\u00e9, Anna Jouchoux, commissaire de la F\u00eate du livre, insiste sur la diversit\u00e9 des auteurs accueillis, \u00ab\u00a0qu\u2019ils soient renomm\u00e9s ou en pleine \u00e9mergence\u00a0\u00bb, et sur l\u2019aspect humain de cette manifestation qui \u00ab\u00a0fait vibrer l\u2019espace urbain pendant trois jours. On peut venir s\u2019y promener, s\u2019attarder, acheter des livres ou non. La F\u00eate du livre, c\u2019est avant tout un grand moment de partage. \u00bb<\/p>\n<p>Marc Chassaub\u00e9n\u00e9 abonde\u00a0: \u00ab\u00a0Les retours des auteurs sont unanimes\u00a0: la rencontre avec les St\u00e9phanois, c\u2019est ce qui les marque le plus.\u00a0\u00a0\u00bb<\/p>\n<p>Les auteurs de la rentr\u00e9e litt\u00e9raire en d\u00e9dicaces<\/p>\n<p>Rencontres, d\u00e9bats et s\u00e9ances de d\u00e9dicaces rythmeront le chapiteau install\u00e9 sur la place de l\u2019H\u00f4tel-de-Ville. Parmi les \u00e9crivains annonc\u00e9s, citons <a href=\"https:\/\/www.leprogres.fr\/p\/agnes-ledig\" target=\"_blank\" rel=\"noopener\">Agn\u00e8s Ledig<\/a>, marraine de cette 39\u1d49 \u00e9dition, Anne Berest, Victor Jestin, Gilles Legardinier ou encore Paul Gasnier\u00a0: \u00ab\u00a0Son premier livre, La Collision, fait partie de la seconde liste du prix Goncourt. Nous sommes ravis de le recevoir\u00a0\u00bb, confie Anna Jouchoux.<\/p>\n<p>Habitu\u00e9 de la F\u00eate du livre, Michel Bussi est de retour pour pr\u00e9senter \u00ab\u00a0Les Ombres du monde\u00a0\u00bb, retenu dans la premi\u00e8re s\u00e9lection du prix Renaudot. La Grande Librairie accueillera \u00e9galement la Manufacture des savoirs, un \u00ab\u00a0laboratoire\u00a0\u00bb destin\u00e9 \u00e0 s\u2019interroger et d\u00e9battre autour de sujets actuels, \u00ab\u00a0notamment sur l\u2019\u00e9cologie et le f\u00e9minisme, deux th\u00e9matiques qui nous sont ch\u00e8res\u00a0\u00bb, pr\u00e9cise la commissaire.<\/p>\n<p>La litt\u00e9rature jeunesse \u00e0 l\u2019honneur<\/p>\n<p>\u00ab\u00a0Plus on entre t\u00f4t dans l\u2019univers du livre, plus on a tendance \u00e0 y rester longtemps\u00a0\u00bb, selon Anna Jouchoux. La F\u00eate du livre accorde ainsi une attention toute particuli\u00e8re \u00e0 la litt\u00e9rature jeunesse.<\/p>\n<p>Cette ann\u00e9e encore, le jeune public pourra faire le plein de mots et d\u2019images sous le chapiteau de la place Chavanelle, o\u00f9 deux espaces d\u2019animations seront \u00e0 d\u00e9couvrir\u00a0: l\u2019un consacr\u00e9 \u00e0 la maison d\u2019\u00e9dition Little Urban et \u00e0 l\u2019illustratrice Camille Garoche\u00a0; l\u2019autre d\u00e9di\u00e9 \u00e0 la collection \u00ab\u00a0Cornebidouille\u00a0\u00bb, sign\u00e9e Pierre Bertrand. Ateliers, coloriages, lectures et jeux de soci\u00e9t\u00e9 seront notamment au programme.<\/p>\n<p>  La F\u00eate du livre innove avec une pyjama party<\/p>\n<p>La programmation de cette 39\u1d49 \u00e9dition fourmille d\u2019animations pour petits et grands\u00a0: battle BD, ateliers et spectacles en compagnie d\u2019auteurs, concours de tricot sur le th\u00e8me de La Belle et la B\u00eate, escape game \u00e0 la Librairie de Paris\u2026<\/p>\n<p>\u00ab\u00a0La F\u00eate du livre innove cette ann\u00e9e avec une Pyjama party propos\u00e9e en partenariat avec la maison d\u2019\u00e9dition Little Urban\u00a0\u00bb, indique Anna Jouchoux. Les jeunes lecteurs (\u00e0 partir de 5 ans) ont rendez-vous samedi, de 17\u00a0h\u00a030 \u00e0 19\u00a0h, au cin\u00e9ma Megarama, place Chavanelle, pour une lecture anim\u00e9e d\u2019albums jeunesse par leurs auteurs\u00a0: B\u00e9atrice Blue, Camille Garoche, S\u00e9verine Gauthier et Cl\u00e9ment Lef\u00e8vre.<\/p>\n<p>Un festival de Mots en sc\u00e8ne<\/p>\n<p>La place Jean-Jaur\u00e8s reste le c\u0153ur battant de la f\u00eate, avec les bouquinistes et le chapiteau du Magic Mirrors, \u00e9crin du festival Les Mots en Sc\u00e8ne, parrain\u00e9 cette ann\u00e9e par Benjamin Lacombe. Tout au long du week-end, des artistes locaux interpr\u00e9teront des passages de livres \u00e0 leur mani\u00e8re\u00a0: cirque, danse, musique, th\u00e9\u00e2tre, graff\u2026<\/p>\n<p>\u00ab\u00a0Ce festival aborde les ouvrages sous un angle diff\u00e9rent tout en rendant hommage \u00e0 leurs auteurs, qui sont toujours tr\u00e8s touch\u00e9s et \u00e9mus par ces \u00e9changes\u00a0\u00bb, explique Anna Jouchoux.<\/p>\n<p>Soir\u00e9e de lancement \u00e0 la Com\u00e8te, ce vendredi<\/p>\n<p>Rendez-vous \u00e0 18\u00a0h\u00a030, dans le quartier de Tarentaize, pour l\u2019inauguration de cette 39\u1d49 F\u00eate du livre (sur inscription). Une occasion privil\u00e9gi\u00e9e de rencontrer Agn\u00e8s Ledig, marraine de l\u2019\u00e9v\u00e9nement, et Benjamin Lacombe, parrain du festival Les Mots en Sc\u00e8ne.<\/p>\n<p>Avant la remise des huit prix litt\u00e9raires, les spectateurs profiteront d\u2019une lecture musicale de l\u2019ouvrage \u00ab\u00a0Les Promesses orphelines\u00a0\u00bb, par son auteur, Gilles Marchand, accompagn\u00e9 de l\u2019altiste et violoniste Emmanuel Gros.<\/p>\n","protected":false},"excerpt":{"rendered":"Un rendez-vous \u00ab\u00a0populaire, ouvert \u00e0 tous les publics\u00a0\u00bb \u00ab\u00a0C\u2019est l\u2019\u00e9v\u00e9nement culturel le plus populaire, le plus fr\u00e9quent\u00e9 et&hellip;\n","protected":false},"author":2,"featured_media":450918,"comment_status":"","ping_status":"","sticky":false,"template":"","format":"standard","meta":{"footnotes":""},"categories":[9653],"tags":[1111,11,2430,1687,7539,1777,674,57546,1685,1011,27,3367,12,25,4001,7538],"class_list":{"0":"post-450917","1":"post","2":"type-post","3":"status-publish","4":"format-standard","5":"has-post-thumbnail","7":"category-saint-etienne","8":"tag-actu","9":"tag-actualites","10":"tag-auvergne-rhone-alpes","11":"tag-culture-loisirs","12":"tag-edition-loire-sud","13":"tag-eu","14":"tag-europe","15":"tag-fete-du-livre-de-saint-etienne","16":"tag-foire-et-salon","17":"tag-fr","18":"tag-france","19":"tag-loire","20":"tag-news","21":"tag-republique-francaise","22":"tag-saint-etienne","23":"tag-saint-etienne-ville"},"share_on_mastodon":{"url":"https:\/\/pubeurope.com\/@fr\/115346245159810449","error":""},"_links":{"self":[{"href":"https:\/\/www.europesays.com\/fr\/wp-json\/wp\/v2\/posts\/450917","targetHints":{"allow":["GET"]}}],"collection":[{"href":"https:\/\/www.europesays.com\/fr\/wp-json\/wp\/v2\/posts"}],"about":[{"href":"https:\/\/www.europesays.com\/fr\/wp-json\/wp\/v2\/types\/post"}],"author":[{"embeddable":true,"href":"https:\/\/www.europesays.com\/fr\/wp-json\/wp\/v2\/users\/2"}],"replies":[{"embeddable":true,"href":"https:\/\/www.europesays.com\/fr\/wp-json\/wp\/v2\/comments?post=450917"}],"version-history":[{"count":0,"href":"https:\/\/www.europesays.com\/fr\/wp-json\/wp\/v2\/posts\/450917\/revisions"}],"wp:featuredmedia":[{"embeddable":true,"href":"https:\/\/www.europesays.com\/fr\/wp-json\/wp\/v2\/media\/450918"}],"wp:attachment":[{"href":"https:\/\/www.europesays.com\/fr\/wp-json\/wp\/v2\/media?parent=450917"}],"wp:term":[{"taxonomy":"category","embeddable":true,"href":"https:\/\/www.europesays.com\/fr\/wp-json\/wp\/v2\/categories?post=450917"},{"taxonomy":"post_tag","embeddable":true,"href":"https:\/\/www.europesays.com\/fr\/wp-json\/wp\/v2\/tags?post=450917"}],"curies":[{"name":"wp","href":"https:\/\/api.w.org\/{rel}","templated":true}]}}